{"id":43054,"date":"2014-10-23T21:10:15","date_gmt":"2014-10-24T00:10:15","guid":{"rendered":"http:\/\/aconteceunovale.com.br\/portal\/?p=43054"},"modified":"2014-10-23T21:14:55","modified_gmt":"2014-10-24T00:14:55","slug":"turmalina-realiza-caminhada-com-objetivo-de-mobilizar-populacao-contra-o-cancer-de-mama","status":"publish","type":"post","link":"https:\/\/aconteceunovale.com.br\/portal\/?p=43054","title":{"rendered":"Turmalina realiza caminhada com objetivo de mobilizar popula\u00e7\u00e3o contra o c\u00e2ncer de mama"},"content":{"rendered":"<p>[image src=&#8221;http:\/\/aconteceunovale.com.br\/portal\/wp-content\/uploads\/2014\/10\/caminhada_outubro_rosa_turmalina2.jpg&#8221; width=&#8221;280&#8243; height=&#8221;450&#8243; lightbox=&#8221;yes&#8221; align=&#8221;left&#8221; float=&#8221;left&#8221;]Neste s\u00e1bado, 25 de outubro, Turmalina, no Vale do Jequitinhonha, realizar\u00e1 uma caminhada, com o objetivo de mobilizar a comunidade contra o c\u00e2ncer de mama. A concentra\u00e7\u00e3o ser\u00e1 a partir das 7 horas e 30 minutos, na Porta do Est\u00e1dio Municipal. Durante a caminhada, profissionais da sa\u00fade explicar\u00e3o sobre a preven\u00e7\u00e3o \u00e0 doen\u00e7a. Tamb\u00e9m haver\u00e1 distribui\u00e7\u00e3o de panfletos informativos para promover a conscientiza\u00e7\u00e3o das pessoas com rela\u00e7\u00e3o \u00e0 patologia.<\/p>\n<p>A caminhada seguir\u00e1 at\u00e9 a Pra\u00e7a da Matriz. Prepara-se para a caminhada mais charmosa da cidade. Abrace esta causa e junte-se ao movimento!<\/p>\n<h4>Outubro Rosa<\/h4>\n<p>O nome Outubro Rosa \u00e9 uma refer\u00eancia \u00e0 cor do la\u00e7o que simboliza, mundialmente, a preven\u00e7\u00e3o do c\u00e2ncer de mama. O Minist\u00e9rio da Sa\u00fade orienta que mulheres com mais de 40 anos devem fazer o exame cl\u00ednico das mamas com um profissional da sa\u00fade uma vez ao ano. Deve-se ter aten\u00e7\u00e3o quanto ao surgimento de n\u00f3dulos nas mamas e axilas, mudan\u00e7as no tamanho e formato das mamas e do bico dos seios. \u00c9 necess\u00e1rio procurar um m\u00e9dico caso as altera\u00e7\u00f5es sejam percebidas.<\/p>\n<p>A detec\u00e7\u00e3o precoce aumenta a chance de cura do c\u00e2ncer de mama que acomete principalmente as mulheres. No entanto, os homens devem ficar atentos, pois h\u00e1 possibilidade de desenvolverem o problema. Segundo informa\u00e7\u00f5es da Sociedade Brasileira de Mastologia, em cada 100 casos registrados em mulheres existe pelo menos um homem com o diagn\u00f3stico da doen\u00e7a.<\/p>\n","protected":false},"excerpt":{"rendered":"<p>[image src=&#8221;http:\/\/aconteceunovale.com.br\/portal\/wp-content\/uploads\/2014\/10\/caminhada_outubro_rosa_turmalina2.jpg&#8221; width=&#8221;280&#8243; height=&#8221;450&#8243; lightbox=&#8221;yes&#8221; align=&#8221;left&#8221; float=&#8221;left&#8221;]Neste s\u00e1bado, 25 de outubro, Turmalina, no Vale do Jequitinhonha, realizar\u00e1 uma caminhada, com o objetivo de mobilizar a comunidade contra o c\u00e2ncer de mama. A concentra\u00e7\u00e3o ser\u00e1 a partir das 7 horas e 30 minutos, na Porta do Est\u00e1dio Municipal. Durante a caminhada, profissionais da sa\u00fade explicar\u00e3o sobre [&hellip;]<\/p>\n","protected":false},"author":1,"featured_media":43055,"comment_status":"open","ping_status":"closed","sticky":false,"template":"","format":"standard","meta":{"amp_status":"","footnotes":""},"categories":[120],"tags":[20100,18204,18000,261,178,20099],"class_list":["post-43054","post","type-post","status-publish","format-standard","has-post-thumbnail","hentry","category-jequi","tag-caminhada-do-outubro-rosa-em-turmalina","tag-campanha-outubro-rosa","tag-cancer-de-mama","tag-outubro-rosa","tag-turmalina","tag-turmalina-realiza-caminhada-com-objetivo-de-mobilizar-populacao-contra-o-cancer-de-mama"],"_links":{"self":[{"href":"https:\/\/aconteceunovale.com.br\/portal\/index.php?rest_route=\/wp\/v2\/posts\/43054","targetHints":{"allow":["GET"]}}],"collection":[{"href":"https:\/\/aconteceunovale.com.br\/portal\/index.php?rest_route=\/wp\/v2\/posts"}],"about":[{"href":"https:\/\/aconteceunovale.com.br\/portal\/index.php?rest_route=\/wp\/v2\/types\/post"}],"author":[{"embeddable":true,"href":"https:\/\/aconteceunovale.com.br\/portal\/index.php?rest_route=\/wp\/v2\/users\/1"}],"replies":[{"embeddable":true,"href":"https:\/\/aconteceunovale.com.br\/portal\/index.php?rest_route=%2Fwp%2Fv2%2Fcomments&post=43054"}],"version-history":[{"count":0,"href":"https:\/\/aconteceunovale.com.br\/portal\/index.php?rest_route=\/wp\/v2\/posts\/43054\/revisions"}],"wp:featuredmedia":[{"embeddable":true,"href":"https:\/\/aconteceunovale.com.br\/portal\/index.php?rest_route=\/wp\/v2\/media\/43055"}],"wp:attachment":[{"href":"https:\/\/aconteceunovale.com.br\/portal\/index.php?rest_route=%2Fwp%2Fv2%2Fmedia&parent=43054"}],"wp:term":[{"taxonomy":"category","embeddable":true,"href":"https:\/\/aconteceunovale.com.br\/portal\/index.php?rest_route=%2Fwp%2Fv2%2Fcategories&post=43054"},{"taxonomy":"post_tag","embeddable":true,"href":"https:\/\/aconteceunovale.com.br\/portal\/index.php?rest_route=%2Fwp%2Fv2%2Ftags&post=43054"}],"curies":[{"name":"wp","href":"https:\/\/api.w.org\/{rel}","templated":true}]}}