{"id":43043,"date":"2014-10-23T20:18:29","date_gmt":"2014-10-23T23:18:29","guid":{"rendered":"http:\/\/aconteceunovale.com.br\/portal\/?p=43043"},"modified":"2014-10-23T20:18:29","modified_gmt":"2014-10-23T23:18:29","slug":"debate-sobre-eleicoes-nas-redes-sociais-abala-amizades","status":"publish","type":"post","link":"https:\/\/aconteceunovale.com.br\/portal\/?p=43043","title":{"rendered":"Debate sobre elei\u00e7\u00f5es nas redes sociais abala amizades"},"content":{"rendered":"<p>O intenso uso das redes sociais para expressar apoio pol\u00edtico nestas elei\u00e7\u00f5es e o acirramento das tens\u00f5es devido \u00e0 proximidade do segundo turno, marcado para o pr\u00f3ximo domingo (26), t\u00eam afetado amizades e rela\u00e7\u00f5es familiares. Uma usu\u00e1ria do Twitter resumiu a situa\u00e7\u00e3o em um post que lhe rendeu mais de 17 mil curtidas: &#8220;Gente, quem perdeu fam\u00edlia ou amigos por causa dessa elei\u00e7\u00e3o vamos combinar de passar o Natal juntos&#8221;.<\/p>\n<p>Pesquisa Datafolha divulgada na \u00faltima quarta-feira (22) mostrou aumento no \u00edndice de pessoas que disseram ter interesse nas elei\u00e7\u00f5es. Dos 4.355 entrevistados, 50% responderam que t\u00eam interesse no pleito. No fim de agosto, essa porcentagem era 39%. Esse crescimento tamb\u00e9m influencia no aumento da circula\u00e7\u00e3o de v\u00eddeos, textos e at\u00e9 mesmo ofensas nas redes sociais.<\/p>\n<p>A gerente de comunica\u00e7\u00e3o digital Glaucimara Silva deixou de seguir e de visualizar publica\u00e7\u00f5es de v\u00e1rias amigos no Facebook. Em casos mais graves, em que houve preconceito ou discurso de \u00f3dio, ela desfez a amizade na rede social. &#8220;As pessoas se revelam muito nesse momento&#8221;, diz. Ela acredita que, por estarem protegidas por um computador, &#8220;as pessoas se sentem mais \u00e0 vontade para falar coisas que n\u00e3o falariam cara a cara&#8221;.<\/p>\n<p>Apesar de a maior parte das amizades desfeitas serem de amigos apenas de Facebook, Glaucimara chegou a se afastar de uma amizade na vida real. &#8220;Um amigo muito pr\u00f3ximo parou totalmente de conversar comigo porque considerou que temos uma vis\u00e3o pol\u00edtica muito diferente e por isso n\u00e3o temos mais nada em comum&#8221;, conta.<\/p>\n<p>A assessora de imprensa Juliana Carvalho decidiu encerrar as contas nas redes sociais at\u00e9 o fim das elei\u00e7\u00f5es. &#8220;Estava virando um ringue para mim, eu via as pessoas extremamente irritadas e xingando umas \u00e0s outras.&#8221;<\/p>\n<p>Para o soci\u00f3logo e pesquisador da Universidade de Bras\u00edlia (UnB) Marcello Barra, a propor\u00e7\u00e3o a que chegaram as discuss\u00e3o nas redes sociais nestas elei\u00e7\u00f5es \u00e9 algo in\u00e9dito. &#8220;No grau que assume \u00e9 realmente uma coisa que aparentemente \u00e9 inedita e tem correla\u00e7\u00e3o imediata com a disputa [eleitoral], uma disputa muito acirrada.&#8221;<\/p>\n<p>Ele explica que as redes apresentam um grau de politiza\u00e7\u00e3o muito mais avan\u00e7ado diante de outros meios de comunica\u00e7\u00e3o, como a televis\u00e3o ou o r\u00e1dio. &#8220;Permitem n\u00e3o s\u00f3 a express\u00e3o de v\u00e1rios assuntos que v\u00e3o al\u00e9m da pol\u00edtica, como a pol\u00edtica \u00e9 tratada muito intensamente, discutida numa base di\u00e1ria. Isso \u00e9 muito relevante para a democracia&#8221;, destaca.<\/p>\n<p>O mestre em direito pela UnB e ciberativista Paulo Ren\u00e1 tamb\u00e9m considera a discuss\u00e3o nas redes positiva, mas alerta para o discurso de \u00f3dio e para os crimes cometidos pelos usu\u00e1rios que, muitas vezes, saem ilesos a coment\u00e1rios racistas ou de preconceito regional.<\/p>\n<p>&#8220;Acho importante que as pessoas entendam que n\u00e3o \u00e9 porque est\u00e3o na internet que o discurso de \u00f3dio est\u00e1 liberado. E isso n\u00e3o \u00e9 nenhuma restri\u00e7\u00e3o \u00e0 liberdade de express\u00e3o&#8221;, diz. &#8220;Aquelas condutas inadequadas e eventualmente criminosas que eram feitas em ambientes privados, que eram feitas dentro de casa, agora passam a ocorrer tamb\u00e9m em ambientes p\u00fablicos. N\u00e3o tem nenhuma restri\u00e7\u00e3o para que esse comportamento inadequado seja punido aconte\u00e7a ele na internet ou em qualquer lugar.&#8221;<\/p>\n<p>Ren\u00e1 orienta aqueles que se sentirem agredidos a, dependendo do n\u00edvel da ofensa, procurarem uma delegacia de pol\u00edcia e registrarem boletim de ocorr\u00eancia ou recorrerem \u00e0 Justi\u00e7a. O Minist\u00e9rio P\u00fablico tamb\u00e9m pode atuar no combate a discursos preconceituosos a determinados grupos.<\/p>\n<p><em>(Ag\u00eancia Brasil)<\/em><\/p>\n","protected":false},"excerpt":{"rendered":"<p>O intenso uso das redes sociais para expressar apoio pol\u00edtico nestas elei\u00e7\u00f5es e o acirramento das tens\u00f5es devido \u00e0 proximidade do segundo turno, marcado para o pr\u00f3ximo domingo (26), t\u00eam afetado amizades e rela\u00e7\u00f5es familiares. Uma usu\u00e1ria do Twitter resumiu a situa\u00e7\u00e3o em um post que lhe rendeu mais de 17 mil curtidas: &#8220;Gente, quem [&hellip;]<\/p>\n","protected":false},"author":1,"featured_media":43044,"comment_status":"open","ping_status":"closed","sticky":false,"template":"","format":"standard","meta":{"amp_status":"","footnotes":""},"categories":[6],"tags":[20083,20084,20078,20077,20081,20085,20079,3394,18923,20082,20080],"class_list":["post-43043","post","type-post","status-publish","format-standard","has-post-thumbnail","hentry","category-br","tag-amizades","tag-brigas","tag-debate-sobre-eleicoes-nas-redes-sociais","tag-debate-sobre-eleicoes-nas-redes-sociais-abala-amizades","tag-discurso-de-odio","tag-discussoes","tag-elecoes-201","tag-eleicoes-2014","tag-internet","tag-preconceito","tag-redes-sociais"],"_links":{"self":[{"href":"https:\/\/aconteceunovale.com.br\/portal\/index.php?rest_route=\/wp\/v2\/posts\/43043","targetHints":{"allow":["GET"]}}],"collection":[{"href":"https:\/\/aconteceunovale.com.br\/portal\/index.php?rest_route=\/wp\/v2\/posts"}],"about":[{"href":"https:\/\/aconteceunovale.com.br\/portal\/index.php?rest_route=\/wp\/v2\/types\/post"}],"author":[{"embeddable":true,"href":"https:\/\/aconteceunovale.com.br\/portal\/index.php?rest_route=\/wp\/v2\/users\/1"}],"replies":[{"embeddable":true,"href":"https:\/\/aconteceunovale.com.br\/portal\/index.php?rest_route=%2Fwp%2Fv2%2Fcomments&post=43043"}],"version-history":[{"count":0,"href":"https:\/\/aconteceunovale.com.br\/portal\/index.php?rest_route=\/wp\/v2\/posts\/43043\/revisions"}],"wp:featuredmedia":[{"embeddable":true,"href":"https:\/\/aconteceunovale.com.br\/portal\/index.php?rest_route=\/wp\/v2\/media\/43044"}],"wp:attachment":[{"href":"https:\/\/aconteceunovale.com.br\/portal\/index.php?rest_route=%2Fwp%2Fv2%2Fmedia&parent=43043"}],"wp:term":[{"taxonomy":"category","embeddable":true,"href":"https:\/\/aconteceunovale.com.br\/portal\/index.php?rest_route=%2Fwp%2Fv2%2Fcategories&post=43043"},{"taxonomy":"post_tag","embeddable":true,"href":"https:\/\/aconteceunovale.com.br\/portal\/index.php?rest_route=%2Fwp%2Fv2%2Ftags&post=43043"}],"curies":[{"name":"wp","href":"https:\/\/api.w.org\/{rel}","templated":true}]}}