{"id":43034,"date":"2014-10-23T19:57:00","date_gmt":"2014-10-23T22:57:00","guid":{"rendered":"http:\/\/aconteceunovale.com.br\/portal\/?p=43034"},"modified":"2014-10-23T19:58:10","modified_gmt":"2014-10-23T22:58:10","slug":"vereador-denuncia-que-e-impedido-de-fiscalizar-obras-em-escolas-de-montes-claros","status":"publish","type":"post","link":"https:\/\/aconteceunovale.com.br\/portal\/?p=43034","title":{"rendered":"Vereador denuncia que \u00e9 impedido de fiscalizar obras em escolas de Montes Claros"},"content":{"rendered":"<h4><strong><em>Parlamentar de Montes Claros afirma que reformas n\u00e3o est\u00e3o sendo feitas. Secretaria de Educa\u00e7\u00e3o diz que \u00e9 preciso agendar as visitas.<\/em><\/strong><\/h4>\n<p>[image src=&#8221;http:\/\/aconteceunovale.com.br\/portal\/wp-content\/uploads\/2014\/10\/vereador_andre_moc.jpg&#8221; width=&#8221;161&#8243; height=&#8221;225&#8243; lightbox=&#8221;yes&#8221; align=&#8221;left&#8221; float=&#8221;left&#8221;]O vereador Andr\u00e9 Ricardo Alves Martins, o Professor Andr\u00e9 Ricardo, reclama que n\u00e3o est\u00e1 conseguindo visitar escolas municipais de Montes Claros (MG), para acompanhar as obras que j\u00e1 foram anunciadas pela prefeitura. Segundo o representante do Legislativo, ele est\u00e1 sendo impedido de fiscalizar o trabalho do Executivo.<\/p>\n<p>Andr\u00e9 Ricardo, que tamb\u00e9m \u00e9 professor, conta que desde que passou a denunciar a situa\u00e7\u00e3o de escolas municipais na Tribuna da C\u00e2mara, e tamb\u00e9m nas redes sociais, foi proibido de entrar nestes locais sem autoriza\u00e7\u00e3o.<\/p>\n<p>Ainda de acordo com o vereador, um comunicado foi enviado a todas as escolas, estabelecendo que qualquer visita, de vereador ou assessor, s\u00f3 poderia ser autorizada ap\u00f3s agendamento na secretaria municipal de administra\u00e7\u00e3o regional e articula\u00e7\u00e3o pol\u00edtica.<\/p>\n<p>O vereador informou tamb\u00e9m que pediu esclarecimentos \u00e0 secretaria de Educa\u00e7\u00e3o sobre as reformas feitas nas escolas. Em resposta aos pedidos de parlamentar, a secretaria divulgou uma lista com a situa\u00e7\u00e3o de todas as escolas, e como est\u00e3o as obras.<\/p>\n<p>&#8220;Eu tentei adentrar na escola como vereador, mostrei inclusive meu diploma de vereador e minha carteira de identidade, e uma funcion\u00e1ria me disse que n\u00e3o poderia me receber. Disse que eu n\u00e3o poderia entrar na escola, porque ela estava ocupada. Pedi duas vezes, mas ela justificou que estava mexendo em um som para uma festa da escola&#8221;, diz Andr\u00e9 Ricardo.<\/p>\n<p>Segundo ele, teriam sido investidos nas escolas R$ 4,5 milh\u00f5es, para as reformas. &#8220;Estou fiscalizando as escolas de Montes Claros as reformas nas unidades de ensino e, infelizmente, n\u00e3o tenho encontrado as reformas que a pr\u00f3pria prefeitura, atrav\u00e9s da Secretaria de Educa\u00e7\u00e3o, me informou. Eu fui em in\u00fameras escolas e nenhuma estava reformada&#8221;, afirma.<\/p>\n<p>De acordo com o secret\u00e1rio adjunto de Educa\u00e7\u00e3o, Huagner Cardoso, as visitas n\u00e3o s\u00e3o permitidas durante o per\u00edodo de aulas, porque atrapalha o rendimento escolar e compromete a aprendizagem dos alunos, porque os deixa apreensivos.<\/p>\n<p>&#8220;N\u00f3s temos que priorizar a qualidade das aulas, por isso n\u00f3s n\u00e3o permitimos essa visita durante o per\u00edodo de aulas. \u00c9 importante lembrar que os agentes pol\u00edticos, vereadores e a popula\u00e7\u00e3o, podem e devem visitar as escolas, estamos de bra\u00e7os abertos para receb\u00ea-los. S\u00f3 que essas visitas devem ser agendadas e devem acontecer no per\u00edodo fora das aulas, exatamente para n\u00e3o comprometer a aprendizagem&#8221;, diz.<\/p>\n<p>O secret\u00e1rio diz ainda que o meio termo \u00e9 o agendamento pr\u00e9vio na Secretaria Municipal de Educa\u00e7\u00e3o ou nas pr\u00f3prias escolas. &#8220;N\u00f3s n\u00e3o proibimos a entrada, a comunidade \u00e9 a nossa parceira. N\u00f3s estamos priorizando a qualidade do ensino&#8221;, afirma.<\/p>\n<p>Ainda de acordo com Huagner Cardoso, existe uma demanda imensa de reformas e reposi\u00e7\u00e3o de material, seja por desuso ou mesmo por destrui\u00e7\u00e3o. &#8220;Existe um calend\u00e1rio de obras e reformas que atendemos. \u00c0 medida surge a demanda, priorizamos aquelas que podem melhorar a qualidade do nosso ensino. N\u00f3s temos uma demanda muito grande de reformas e obras&#8221;, completa.<\/p>\n<p>De acordo com a o presidente da Ordem dos Advogados do Brasil, em Montes Claros, \u00e9 de compet\u00eancia do Poder Legislativo fiscalizar o Executivo. Segundo a Ordem, o Executivo n\u00e3o pode de forma alguma impedir esse trabalho.<\/p>\n<p><strong><em>(Inter TV Grande Minas)<\/em><\/strong><\/p>\n","protected":false},"excerpt":{"rendered":"<p>Parlamentar de Montes Claros afirma que reformas n\u00e3o est\u00e3o sendo feitas. Secretaria de Educa\u00e7\u00e3o diz que \u00e9 preciso agendar as visitas. [image src=&#8221;http:\/\/aconteceunovale.com.br\/portal\/wp-content\/uploads\/2014\/10\/vereador_andre_moc.jpg&#8221; width=&#8221;161&#8243; height=&#8221;225&#8243; lightbox=&#8221;yes&#8221; align=&#8221;left&#8221; float=&#8221;left&#8221;]O vereador Andr\u00e9 Ricardo Alves Martins, o Professor Andr\u00e9 Ricardo, reclama que n\u00e3o est\u00e1 conseguindo visitar escolas municipais de Montes Claros (MG), para acompanhar as obras que j\u00e1 [&hellip;]<\/p>\n","protected":false},"author":1,"featured_media":43035,"comment_status":"open","ping_status":"closed","sticky":false,"template":"","format":"standard","meta":{"amp_status":"","footnotes":""},"categories":[1236],"tags":[20072,210,20074,20073],"class_list":["post-43034","post","type-post","status-publish","format-standard","has-post-thumbnail","hentry","category-norte_de_minas","tag-andre-ricardo-alves-martins","tag-montes-claros","tag-professor-andre-ricardo","tag-vereador-denuncia-que-e-impedido-de-fiscalizar-obras-em-escolas-de-montes-claros"],"_links":{"self":[{"href":"https:\/\/aconteceunovale.com.br\/portal\/index.php?rest_route=\/wp\/v2\/posts\/43034","targetHints":{"allow":["GET"]}}],"collection":[{"href":"https:\/\/aconteceunovale.com.br\/portal\/index.php?rest_route=\/wp\/v2\/posts"}],"about":[{"href":"https:\/\/aconteceunovale.com.br\/portal\/index.php?rest_route=\/wp\/v2\/types\/post"}],"author":[{"embeddable":true,"href":"https:\/\/aconteceunovale.com.br\/portal\/index.php?rest_route=\/wp\/v2\/users\/1"}],"replies":[{"embeddable":true,"href":"https:\/\/aconteceunovale.com.br\/portal\/index.php?rest_route=%2Fwp%2Fv2%2Fcomments&post=43034"}],"version-history":[{"count":0,"href":"https:\/\/aconteceunovale.com.br\/portal\/index.php?rest_route=\/wp\/v2\/posts\/43034\/revisions"}],"wp:featuredmedia":[{"embeddable":true,"href":"https:\/\/aconteceunovale.com.br\/portal\/index.php?rest_route=\/wp\/v2\/media\/43035"}],"wp:attachment":[{"href":"https:\/\/aconteceunovale.com.br\/portal\/index.php?rest_route=%2Fwp%2Fv2%2Fmedia&parent=43034"}],"wp:term":[{"taxonomy":"category","embeddable":true,"href":"https:\/\/aconteceunovale.com.br\/portal\/index.php?rest_route=%2Fwp%2Fv2%2Fcategories&post=43034"},{"taxonomy":"post_tag","embeddable":true,"href":"https:\/\/aconteceunovale.com.br\/portal\/index.php?rest_route=%2Fwp%2Fv2%2Ftags&post=43034"}],"curies":[{"name":"wp","href":"https:\/\/api.w.org\/{rel}","templated":true}]}}