{"id":43031,"date":"2014-10-23T19:47:10","date_gmt":"2014-10-23T22:47:10","guid":{"rendered":"http:\/\/aconteceunovale.com.br\/portal\/?p=43031"},"modified":"2014-10-23T19:47:10","modified_gmt":"2014-10-23T22:47:10","slug":"homem-fica-ferido-em-acidente-envolvendo-carro-e-caminhao-proximo-a-governador-valadares","status":"publish","type":"post","link":"https:\/\/aconteceunovale.com.br\/portal\/?p=43031","title":{"rendered":"Homem fica ferido em acidente envolvendo carro e caminh\u00e3o pr\u00f3ximo a Governador Valadares"},"content":{"rendered":"<h4><strong><em>Motorista tentou fazer uma ultrapassagem e bateu em um caminh\u00e3o. V\u00edtima foi atendida ainda presa \u00e0s ferragens com bal\u00e3o de oxig\u00eanio e soro.<\/em><\/strong><\/h4>\n<p>Um homem de 59 anos ficou ferido em um acidente na manh\u00e3 desta quinta-feira (23), na MG-259, pr\u00f3ximo ao Bairro Conjunto Sir, em Governador Valadares. Segundo o Corpo de Bombeiros, o carro que ele estava bateu em um caminh\u00e3o.<\/p>\n<p>Os bombeiros prestaram os primeiros socorros com a v\u00edtima ainda dentro do carro, presa \u00e0s ferragens, com bal\u00e3o de oxig\u00eanio e soro.<\/p>\n<p><img decoding=\"async\" src=\"http:\/\/aconteceunovale.com.br\/portal\/wp-content\/uploads\/2014\/10\/acidente_gv_23.jpg\" alt=\"\" \/><em>V\u00edtima foi atendida ainda no ve\u00edculo, pelo SAMU. (Foto: Kassem Said\/Inter TV dos Vales)<\/em><br \/>\n<\/br><\/p>\n<p>Enfermeiros conversaram com a v\u00edtima, que estava consciente. Os bombeiros usaram uma tesoura hidr\u00e1ulica para cortar partes e o teto do ve\u00edculo. A a\u00e7\u00e3o durou 40 minutos, at\u00e9 o homem ser retirado do local.<\/p>\n<p>Testemunhas contaram aos bombeiros que o carro tentava fazer uma ultrapassagem quando bateu de frente com o caminh\u00e3o, carregado de flores. O tr\u00e2nsito ficou interditado por quase uma hora.<\/p>\n<p>O motorista do caminh\u00e3o passa bem, j\u00e1 o condutor do carro teve v\u00e1rias fraturas e escoria\u00e7\u00f5es; ele foi levado para o Hospital Municipal, onde permanece no bloco cir\u00fargico.<\/p>\n<p><strong><em>(Inter TV dos Vales)<\/em><\/strong><\/p>\n","protected":false},"excerpt":{"rendered":"<p>Motorista tentou fazer uma ultrapassagem e bateu em um caminh\u00e3o. V\u00edtima foi atendida ainda presa \u00e0s ferragens com bal\u00e3o de oxig\u00eanio e soro. Um homem de 59 anos ficou ferido em um acidente na manh\u00e3 desta quinta-feira (23), na MG-259, pr\u00f3ximo ao Bairro Conjunto Sir, em Governador Valadares. Segundo o Corpo de Bombeiros, o carro [&hellip;]<\/p>\n","protected":false},"author":1,"featured_media":43032,"comment_status":"open","ping_status":"closed","sticky":false,"template":"","format":"standard","meta":{"amp_status":"","footnotes":""},"categories":[121],"tags":[12667,20070,20071,247,20069],"class_list":["post-43031","post","type-post","status-publish","format-standard","has-post-thumbnail","hentry","category-leste","tag-acidente-em-governador-valadares","tag-acidente-em-gv","tag-acidente-em-valadares","tag-governador-valadares","tag-homem-fica-ferido-em-acidente-envolvendo-carro-e-caminhao-proximo-a-governador-valadares"],"_links":{"self":[{"href":"https:\/\/aconteceunovale.com.br\/portal\/index.php?rest_route=\/wp\/v2\/posts\/43031","targetHints":{"allow":["GET"]}}],"collection":[{"href":"https:\/\/aconteceunovale.com.br\/portal\/index.php?rest_route=\/wp\/v2\/posts"}],"about":[{"href":"https:\/\/aconteceunovale.com.br\/portal\/index.php?rest_route=\/wp\/v2\/types\/post"}],"author":[{"embeddable":true,"href":"https:\/\/aconteceunovale.com.br\/portal\/index.php?rest_route=\/wp\/v2\/users\/1"}],"replies":[{"embeddable":true,"href":"https:\/\/aconteceunovale.com.br\/portal\/index.php?rest_route=%2Fwp%2Fv2%2Fcomments&post=43031"}],"version-history":[{"count":0,"href":"https:\/\/aconteceunovale.com.br\/portal\/index.php?rest_route=\/wp\/v2\/posts\/43031\/revisions"}],"wp:featuredmedia":[{"embeddable":true,"href":"https:\/\/aconteceunovale.com.br\/portal\/index.php?rest_route=\/wp\/v2\/media\/43032"}],"wp:attachment":[{"href":"https:\/\/aconteceunovale.com.br\/portal\/index.php?rest_route=%2Fwp%2Fv2%2Fmedia&parent=43031"}],"wp:term":[{"taxonomy":"category","embeddable":true,"href":"https:\/\/aconteceunovale.com.br\/portal\/index.php?rest_route=%2Fwp%2Fv2%2Fcategories&post=43031"},{"taxonomy":"post_tag","embeddable":true,"href":"https:\/\/aconteceunovale.com.br\/portal\/index.php?rest_route=%2Fwp%2Fv2%2Ftags&post=43031"}],"curies":[{"name":"wp","href":"https:\/\/api.w.org\/{rel}","templated":true}]}}