{"id":43026,"date":"2014-10-23T19:16:47","date_gmt":"2014-10-23T22:16:47","guid":{"rendered":"http:\/\/aconteceunovale.com.br\/portal\/?p=43026"},"modified":"2014-10-23T19:16:47","modified_gmt":"2014-10-23T22:16:47","slug":"lider-da-liga-dos-camponeses-do-norte-de-minas-e-assassinado-a-tiros","status":"publish","type":"post","link":"https:\/\/aconteceunovale.com.br\/portal\/?p=43026","title":{"rendered":"L\u00edder da Liga dos Camponeses do Norte de Minas \u00e9 assassinado a tiros"},"content":{"rendered":"<h4><strong><em>A autoria do crime ainda \u00e9 investigada pela Policia Civil, mas os trabalhadores apontam como principal suspeito um homem que seria &#8216;gerente&#8217; de um fazendeiro da regi\u00e3o<\/em><\/strong><\/h4>\n<p>Ser\u00e1 sepultado na manh\u00e3 desta sexta-feira, em Pedras de Maria da Cruz, Regi\u00e3o Norte de Minas, o corpo de Cleomar Rodrigues de Almeida, de 49 anos, um dos l\u00edderes da Camponesa dos Trabalhadores Pobres do Norte Minas. Ele foi assassinado a tiros, nessa ter\u00e7a-feira, numa \u201ctocaia\u201d. A autoria do crime ainda \u00e9 investigada pela Policia Civil, mas os trabalhadores apontam como principal suspeito um homem que seria \u201cgerente\u201d de um fazendeiro que vive em conflito com os sem-terra na regi\u00e3o.<\/p>\n<p>O clima tenso na regi\u00e3o, envolvendo fazendeiros, trabalhadores sem-terra e comunidades tradicionais, foi discutido durante audi\u00eancia p\u00fablica realizada em Pedras de Maria da Cruz, no \u00faltimo dia 9 de outubro, organizada pelo Minist\u00e9rio Publico Federal. Cleomar Rodrigues participou da audi\u00eancia e refor\u00e7ou a den\u00fancia contra um fazendeiro, acusado de fechar as cancelas de uma estrada que d\u00e1 acesso ao assentamento de sem-terra Unidos com Deus, venceremos e \u00e0 comunidade tradicional de vazanteiros de Cara\u00edbas. A a\u00e7\u00e3o impedia a passagem do ve\u00edculo que faz o transporte escolar das crian\u00e7as da \u00e1rea, distante 12 quil\u00f4metros da sede do munic\u00edpio. Com isso, para ir at\u00e9 a escola na cidade, cerca de 32 crian\u00e7as do assentamento e da comunidade tradicional foram obrigadas a percorrer o Rio S\u00e3o Francisco, na balsa da prefeitura, enfrentando os riscos da travessia.<\/p>\n<p>Cleomar Rodrigues foi morto por volta das 19 horas de ter\u00e7a-feira, pr\u00f3ximo a uma cancela, na estrada rural que d\u00e1 acesso ao assentamento Unidos com Deus. O sem-terra guiava uma moto e retornava da cidade, onde foi comprar mantimentos. Ele foi atingido com o disparo de uma espingarda calibre 12.<\/p>\n<p>Na tarde de quarta-feira, um outro morador do assentamento, identificado como Jos\u00e9 Gon\u00e7alves, de 48 anos, foi agredido com uma facada na cabe\u00e7a, quando pescava numa lagoa marginal do Rio S\u00e3o Francisco. Ele socorrido e atendido em hospital de Janu\u00e1ria. O agressor de Jos\u00e9 Gon\u00e7alves seria um homem conhecido por \u201cMarquinho\u201d, que tamb\u00e9m \u00e9 apontado pelos trabalhadores sem-terra como suspeito do assassinato de Cleomar Rodrigues. <\/p>\n<p>Marquinho \u00e9 gerente de uma fazenda localizada entre o assentamento de sem-terra e a cidade de Pedras de Maria da Cruz. Durante a audi\u00eancia publica realizada em Maria da Cruz no dia 9 de outubro, os trabalhadores alegaram que o dono da propriedade, que seria um m\u00e9dico residente em Belo Horizonte, ordenou que o homem trancasse com cadeado uma cancela na estrada que liga o assentamento \u00e0 cidade, impedindo a passagem dos sem-terra e agravando o conflito.<\/p>\n<p>A mulher de Cleomar, Valdira Ferreira Coimbra, de 47, disse que o l\u00edder da Liga Camponesa foi assassinado por causa da \u201cluta pela terra\u201d, ressaltando que o fato de nada ter sido levado dele refor\u00e7a que realmente foi uma \u201ctocaia\u201d. \u201cPerdi o meu marido e o sangue dele foi derramado na estrada. Mas o movimento pela terra n\u00e3o vai acabar\u201d, disse Valdira, que pede justi\u00e7a. A mulher conta que Cleomar, al\u00e9m de liderar as atividades da Liga Camponesa, era um \u201chomem trabalhador\u201d e que tamb\u00e9m assumiu os seis filhos que ela teve com o primeiro companheiro \u201ccomo um verdadeiro pai\u201d.<\/p>\n<p><strong><em>(Estado de Minas)<\/em><\/strong><\/p>\n","protected":false},"excerpt":{"rendered":"<p>A autoria do crime ainda \u00e9 investigada pela Policia Civil, mas os trabalhadores apontam como principal suspeito um homem que seria &#8216;gerente&#8217; de um fazendeiro da regi\u00e3o Ser\u00e1 sepultado na manh\u00e3 desta sexta-feira, em Pedras de Maria da Cruz, Regi\u00e3o Norte de Minas, o corpo de Cleomar Rodrigues de Almeida, de 49 anos, um dos [&hellip;]<\/p>\n","protected":false},"author":1,"featured_media":42563,"comment_status":"open","ping_status":"closed","sticky":false,"template":"","format":"standard","meta":{"amp_status":"","footnotes":""},"categories":[1236],"tags":[20038,20065,20063,20064,3723],"class_list":["post-43026","post","type-post","status-publish","format-standard","has-post-thumbnail","hentry","category-norte_de_minas","tag-cleomar-rodrigues","tag-cleomar-rodrigues-de-almeida","tag-lider-da-liga-dos-camponeses-do-norte-de-minas-e-assassinado-a-tiros","tag-liga-dos-camponeses-do-norte-de-minas","tag-pedras-de-maria-da-cruz"],"_links":{"self":[{"href":"https:\/\/aconteceunovale.com.br\/portal\/index.php?rest_route=\/wp\/v2\/posts\/43026","targetHints":{"allow":["GET"]}}],"collection":[{"href":"https:\/\/aconteceunovale.com.br\/portal\/index.php?rest_route=\/wp\/v2\/posts"}],"about":[{"href":"https:\/\/aconteceunovale.com.br\/portal\/index.php?rest_route=\/wp\/v2\/types\/post"}],"author":[{"embeddable":true,"href":"https:\/\/aconteceunovale.com.br\/portal\/index.php?rest_route=\/wp\/v2\/users\/1"}],"replies":[{"embeddable":true,"href":"https:\/\/aconteceunovale.com.br\/portal\/index.php?rest_route=%2Fwp%2Fv2%2Fcomments&post=43026"}],"version-history":[{"count":0,"href":"https:\/\/aconteceunovale.com.br\/portal\/index.php?rest_route=\/wp\/v2\/posts\/43026\/revisions"}],"wp:featuredmedia":[{"embeddable":true,"href":"https:\/\/aconteceunovale.com.br\/portal\/index.php?rest_route=\/wp\/v2\/media\/42563"}],"wp:attachment":[{"href":"https:\/\/aconteceunovale.com.br\/portal\/index.php?rest_route=%2Fwp%2Fv2%2Fmedia&parent=43026"}],"wp:term":[{"taxonomy":"category","embeddable":true,"href":"https:\/\/aconteceunovale.com.br\/portal\/index.php?rest_route=%2Fwp%2Fv2%2Fcategories&post=43026"},{"taxonomy":"post_tag","embeddable":true,"href":"https:\/\/aconteceunovale.com.br\/portal\/index.php?rest_route=%2Fwp%2Fv2%2Ftags&post=43026"}],"curies":[{"name":"wp","href":"https:\/\/api.w.org\/{rel}","templated":true}]}}