{"id":43023,"date":"2014-10-23T19:07:29","date_gmt":"2014-10-23T22:07:29","guid":{"rendered":"http:\/\/aconteceunovale.com.br\/portal\/?p=43023"},"modified":"2014-10-23T19:08:05","modified_gmt":"2014-10-23T22:08:05","slug":"parque-nacional-da-serra-do-cipo-sera-reaberto-apos-18-dias-fechado-por-causa-de-incendios","status":"publish","type":"post","link":"https:\/\/aconteceunovale.com.br\/portal\/?p=43023","title":{"rendered":"Parque Nacional da Serra do Cip\u00f3 ser\u00e1 reaberto ap\u00f3s 18 dias fechado por causa de inc\u00eandios"},"content":{"rendered":"<h4><em><strong>A reserva ambiental foi atingida por um inc\u00eandio que foi combatido por dez dias. Ao todo, 20% da vegeta\u00e7\u00e3o do parque foi destru\u00edda<\/strong><\/em><\/h4>\n<p>Depois de ficar 18 dias fechado por causa de um inc\u00eandio, o Parque Nacional da Serra do Cip\u00f3, na Regi\u00e3o Metropolitana de Belo Horizonte, vai voltar a receber turistas. A administra\u00e7\u00e3o da reserva ambiental informou, nesta quinta-feira, que est\u00e3o sendo feitos os \u00faltimos trabalhos de desmobiliza\u00e7\u00e3o das equipes que trabalharam no combate das queimadas e tamb\u00e9m a avalia\u00e7\u00e3o dos danos. A reabertura est\u00e1 marcada para a quinta-feira da pr\u00f3xima semana. Ao todo, 20% da vegeta\u00e7\u00e3o do parque foi destru\u00edda. <\/p>\n<p>A luta incessante dos brigadistas e volunt\u00e1rios terminou na segunda-feira ap\u00f3s dez dias. O fogo come\u00e7ou nos arredores da MG-010, pr\u00f3ximo ao Morro do Pilar, e se espalhou por causa do tempo seco e os ventos fortes. Pontos importantes do Parque Nacional da Serra do Cip\u00f3, como o Travess\u00e3o, Cachoeiras da Farofa, Bandeirinhas, e Retiro, foram atingidos. Algumas nascentes e c\u00f3rregos tamb\u00e9m foram afetados pelo inc\u00eandio.<\/p>\n<p><img decoding=\"async\" src=\"http:\/\/aconteceunovale.com.br\/portal\/wp-content\/uploads\/2014\/10\/cachoeira_da_farofa.jpg\" alt=\"\" \/><em>Cachoeira da Farofa, dentro do Parque Estadual da Serra do Cip\u00f3 &#8211; Leo Drummond\/UOL<\/em><br \/>\n<\/br><\/p>\n<p>A \u00e1rea total queimada na reserva ambiental, segundo a Divis\u00e3o de Monitoramento e Informa\u00e7\u00f5es Ambientais, da Coordena\u00e7\u00e3o de Prote\u00e7\u00e3o do Instituto Chico Mendes (CGPRO-ICMBio), \u00e9 de 7.505,68 hectares. O valor representa mais de 20% da \u00e1rea do Parque queimada. No interior da APA Morro da Pedreira, que fica no entorno da reserva ambiental, foram mais 7.382,00 hectares destru\u00eddos. <\/p>\n<p>Os turistas podem aproveitar os 33,8 mil hectares do parque, que conta com v\u00e1rias trilhas e cachoeiras. As duas principais atra\u00e7\u00f5es s\u00e3o o C\u00e2nion da Banderinha e a Cachoeira da Farofa.<\/p>\n<p><strong><em>(Estado de Minas)<\/em><\/strong><\/p>\n","protected":false},"excerpt":{"rendered":"<p>A reserva ambiental foi atingida por um inc\u00eandio que foi combatido por dez dias. Ao todo, 20% da vegeta\u00e7\u00e3o do parque foi destru\u00edda Depois de ficar 18 dias fechado por causa de um inc\u00eandio, o Parque Nacional da Serra do Cip\u00f3, na Regi\u00e3o Metropolitana de Belo Horizonte, vai voltar a receber turistas. A administra\u00e7\u00e3o da [&hellip;]<\/p>\n","protected":false},"author":1,"featured_media":43024,"comment_status":"open","ping_status":"closed","sticky":false,"template":"","format":"standard","meta":{"amp_status":"","footnotes":""},"categories":[123],"tags":[20062,20061,1018,20060,20059,19304],"class_list":["post-43023","post","type-post","status-publish","format-standard","has-post-thumbnail","hentry","category-gerais","tag-cachoeira-da-farofa","tag-cachoeira-da-farofa-parque-nacional-da-serra-do-cipo","tag-destaque","tag-parque-nacional-da-serra-do-cipo","tag-parque-nacional-da-serra-do-cipo-sera-reaberto-apos-18-dias-fechado-por-causa-de-incendios","tag-serra-do-cipo"],"_links":{"self":[{"href":"https:\/\/aconteceunovale.com.br\/portal\/index.php?rest_route=\/wp\/v2\/posts\/43023","targetHints":{"allow":["GET"]}}],"collection":[{"href":"https:\/\/aconteceunovale.com.br\/portal\/index.php?rest_route=\/wp\/v2\/posts"}],"about":[{"href":"https:\/\/aconteceunovale.com.br\/portal\/index.php?rest_route=\/wp\/v2\/types\/post"}],"author":[{"embeddable":true,"href":"https:\/\/aconteceunovale.com.br\/portal\/index.php?rest_route=\/wp\/v2\/users\/1"}],"replies":[{"embeddable":true,"href":"https:\/\/aconteceunovale.com.br\/portal\/index.php?rest_route=%2Fwp%2Fv2%2Fcomments&post=43023"}],"version-history":[{"count":0,"href":"https:\/\/aconteceunovale.com.br\/portal\/index.php?rest_route=\/wp\/v2\/posts\/43023\/revisions"}],"wp:featuredmedia":[{"embeddable":true,"href":"https:\/\/aconteceunovale.com.br\/portal\/index.php?rest_route=\/wp\/v2\/media\/43024"}],"wp:attachment":[{"href":"https:\/\/aconteceunovale.com.br\/portal\/index.php?rest_route=%2Fwp%2Fv2%2Fmedia&parent=43023"}],"wp:term":[{"taxonomy":"category","embeddable":true,"href":"https:\/\/aconteceunovale.com.br\/portal\/index.php?rest_route=%2Fwp%2Fv2%2Fcategories&post=43023"},{"taxonomy":"post_tag","embeddable":true,"href":"https:\/\/aconteceunovale.com.br\/portal\/index.php?rest_route=%2Fwp%2Fv2%2Ftags&post=43023"}],"curies":[{"name":"wp","href":"https:\/\/api.w.org\/{rel}","templated":true}]}}