{"id":43017,"date":"2014-10-23T18:50:45","date_gmt":"2014-10-23T21:50:45","guid":{"rendered":"http:\/\/aconteceunovale.com.br\/portal\/?p=43017"},"modified":"2014-10-23T18:50:45","modified_gmt":"2014-10-23T21:50:45","slug":"populacao-de-serra-azul-de-minas-recebe-ministerio-publico-itinerante","status":"publish","type":"post","link":"https:\/\/aconteceunovale.com.br\/portal\/?p=43017","title":{"rendered":"Popula\u00e7\u00e3o de Serra Azul de Minas recebe Minist\u00e9rio P\u00fablico Itinerante"},"content":{"rendered":"<p>Diante de uma comunidade atenta e participativa, o MP Itinerante, projeto do Minist\u00e9rio P\u00fablico de Minas Gerais (MPMG), esteve ontem, 22 de abril, em Serra Azul de Minas, cidade com baixo \u00cdndice de Desenvolvimento Humano (IDH), para levar servi\u00e7os sociais e orienta\u00e7\u00f5es jur\u00eddicas \u00e0 popula\u00e7\u00e3o.<\/p>\n<p>[image src=&#8221;http:\/\/aconteceunovale.com.br\/portal\/wp-content\/uploads\/2014\/10\/mpi_serra_azul_de_minas.jpg&#8221; width=&#8221;380&#8243; height=&#8221;300&#8243; lightbox=&#8221;yes&#8221; align=&#8221;left&#8221; float=&#8221;left&#8221;]Respons\u00e1vel pelo projeto, a Coordenadoria de Inclus\u00e3o e Mobiliza\u00e7\u00e3o Sociais (Cimos) do MPMG proporcionou a comunidade do munic\u00edpio atendimento jur\u00eddico gratuito, emiss\u00e3o de segundas vias de certid\u00f5es de nascimento, de \u00f3bito e de casamento, aux\u00edlio previdenci\u00e1rio e palestras sobre drogas, sobre a atua\u00e7\u00e3o do MPMG, al\u00e9m de reuni\u00f5es para a implanta\u00e7\u00e3o de conselhos de sa\u00fade e de rodas de convers\u00e3o com comunidades tradicionais da regi\u00e3o.<\/p>\n<p>Ao todo, o Sindicato dos Oficiais de Registro Civil (Recivil) emitiu 50 certid\u00f5es, o MPMG realizou 34 atendimentos e a Previd\u00eancia Social, em parceria com o Programa de Inclus\u00e3o e Educa\u00e7\u00e3o Previdenci\u00e1ria (Piep), da Faculdade Milton Campos, fez 30 atendimentos jur\u00eddicos \u00e0 comunidade de Serra Azul de Minas. O promotor de Justi\u00e7a Renato Salvador Ferreira falou a crian\u00e7as e jovens sobre a import\u00e2ncia dos estudos, do respeito aos pais e aos professores e sobre direitos e deveres dos adolescentes. Para ele, s\u00f3 a educa\u00e7\u00e3o pode proporcionar a mudan\u00e7a na realidade social das pessoas.<\/p>\n<p>Al\u00e9m disso, a Pol\u00edcia Militar (PM) realizou palestra sobre preven\u00e7\u00e3o \u00e0s drogas. Por meio do Programa Educacional de Resist\u00eancia \u00e0s Drogas e \u00e0 Viol\u00eancia, integrantes da corpora\u00e7\u00e3o apresentaram a pe\u00e7a teatral A curiosa hist\u00f3ria de Virgulino Pena, um rapaz humilde que \u00e9 aliciado por um traficante e que, depois de cair no mundo das drogas, passa a cometer crimes que o levam a pris\u00e3o. Cerca de 300 estudantes, al\u00e9m de pais e m\u00e3es, assistiram \u00e0 pe\u00e7a de forma atenta e participativa.<\/p>\n<p>Tamb\u00e9m se apresentaram grupos de capoeira e uma banda de m\u00fasica formada por crian\u00e7as e adolescentes do munic\u00edpio. J\u00e1 a terapeuta e especialista em depend\u00eancia qu\u00edmica Cl\u00e1udia Maria Pereira de Cristo, do Conselho Estadual de Pol\u00edticas P\u00fablicas sobre \u00e1lcool e drogas (Conead), realizou a palestra Drogas: o problema \u00e9 meu, o problema \u00e9 teu, o problema \u00e9 nosso. Pais e filhos foram instru\u00eddos sobre os malef\u00edcios da depend\u00eancia qu\u00edmica. Al\u00e9m disso, ela se reuniu com integrantes da comunidade e do Poder P\u00fablico para articular cria\u00e7\u00e3o na cidade de um Conselho Municipal de Pol\u00edticas P\u00fablicas de sobre \u00c1lcool e Drogas.<\/p>\n<p>Representando a Cimos, o soci\u00f3logo Luiz Tarc\u00edsio, junto com o servidor do MPMG Cezar Moreno e a representante do Governo de Minas Adriana Rocha, reuniu-se com representantes da prefeitura e de povos e comunidades tradicionais para analisar a situa\u00e7\u00e3o desses grupos. Em outro momento, o MPMG doou 100 livros para a biblioteca da cidade e 150 cartilhas do projeto O que voc\u00ea tem a ver com a corrup\u00e7\u00e3o, que mostra como pequenos desvios de conduta s\u00e3o enquadrados como corrup\u00e7\u00e3o, mas s\u00e3o desconsiderados pelas pessoas, como receber troco errado e n\u00e3o devolver, furar fila. (MPMG)<\/p>\n","protected":false},"excerpt":{"rendered":"<p>Diante de uma comunidade atenta e participativa, o MP Itinerante, projeto do Minist\u00e9rio P\u00fablico de Minas Gerais (MPMG), esteve ontem, 22 de abril, em Serra Azul de Minas, cidade com baixo \u00cdndice de Desenvolvimento Humano (IDH), para levar servi\u00e7os sociais e orienta\u00e7\u00f5es jur\u00eddicas \u00e0 popula\u00e7\u00e3o. [image src=&#8221;http:\/\/aconteceunovale.com.br\/portal\/wp-content\/uploads\/2014\/10\/mpi_serra_azul_de_minas.jpg&#8221; width=&#8221;380&#8243; height=&#8221;300&#8243; lightbox=&#8221;yes&#8221; align=&#8221;left&#8221; float=&#8221;left&#8221;]Respons\u00e1vel pelo projeto, a [&hellip;]<\/p>\n","protected":false},"author":1,"featured_media":43018,"comment_status":"open","ping_status":"closed","sticky":false,"template":"","format":"standard","meta":{"amp_status":"","footnotes":""},"categories":[123],"tags":[20056,327],"class_list":["post-43017","post","type-post","status-publish","format-standard","has-post-thumbnail","hentry","category-gerais","tag-populacao-de-serra-azul-de-minas-recebe-ministerio-publico-itinerante","tag-serra-azul-de-minas"],"_links":{"self":[{"href":"https:\/\/aconteceunovale.com.br\/portal\/index.php?rest_route=\/wp\/v2\/posts\/43017","targetHints":{"allow":["GET"]}}],"collection":[{"href":"https:\/\/aconteceunovale.com.br\/portal\/index.php?rest_route=\/wp\/v2\/posts"}],"about":[{"href":"https:\/\/aconteceunovale.com.br\/portal\/index.php?rest_route=\/wp\/v2\/types\/post"}],"author":[{"embeddable":true,"href":"https:\/\/aconteceunovale.com.br\/portal\/index.php?rest_route=\/wp\/v2\/users\/1"}],"replies":[{"embeddable":true,"href":"https:\/\/aconteceunovale.com.br\/portal\/index.php?rest_route=%2Fwp%2Fv2%2Fcomments&post=43017"}],"version-history":[{"count":0,"href":"https:\/\/aconteceunovale.com.br\/portal\/index.php?rest_route=\/wp\/v2\/posts\/43017\/revisions"}],"wp:featuredmedia":[{"embeddable":true,"href":"https:\/\/aconteceunovale.com.br\/portal\/index.php?rest_route=\/wp\/v2\/media\/43018"}],"wp:attachment":[{"href":"https:\/\/aconteceunovale.com.br\/portal\/index.php?rest_route=%2Fwp%2Fv2%2Fmedia&parent=43017"}],"wp:term":[{"taxonomy":"category","embeddable":true,"href":"https:\/\/aconteceunovale.com.br\/portal\/index.php?rest_route=%2Fwp%2Fv2%2Fcategories&post=43017"},{"taxonomy":"post_tag","embeddable":true,"href":"https:\/\/aconteceunovale.com.br\/portal\/index.php?rest_route=%2Fwp%2Fv2%2Ftags&post=43017"}],"curies":[{"name":"wp","href":"https:\/\/api.w.org\/{rel}","templated":true}]}}