{"id":43015,"date":"2014-10-23T18:44:01","date_gmt":"2014-10-23T21:44:01","guid":{"rendered":"http:\/\/aconteceunovale.com.br\/portal\/?p=43015"},"modified":"2014-10-23T18:44:01","modified_gmt":"2014-10-23T21:44:01","slug":"decisao-judicial-determina-implantacao-de-aterro-sanitario-em-serra-dos-aimores","status":"publish","type":"post","link":"https:\/\/aconteceunovale.com.br\/portal\/?p=43015","title":{"rendered":"Decis\u00e3o judicial determina implanta\u00e7\u00e3o de aterro sanit\u00e1rio em Serra dos Aimor\u00e9s"},"content":{"rendered":"<h4><strong><em>MPMG obteve liminar estipulando o prazo de 180 dias para a obten\u00e7\u00e3o, pelo ente municipal, do devido licenciamento ambiental e para o in\u00edcio das atividades do aterro<\/em><\/strong><\/h4>\n<p>O Minist\u00e9rio P\u00fablico de Minas Gerais (MPMG) obteve provimento em um pedido liminar para que o munic\u00edpio de Serra dos Aimor\u00e9s, no Vale do Mucuri, seja obrigado a adotar uma s\u00e9rie de medidas para a implanta\u00e7\u00e3o do aterro sanit\u00e1rio local. A Justi\u00e7a estipulou o prazo de 180 dias para a obten\u00e7\u00e3o, pelo ente municipal, do devido licenciamento ambiental e para o in\u00edcio das atividades do aterro, com a adequada destina\u00e7\u00e3o dos res\u00edduos s\u00f3lidos, sob pena de multa.<\/p>\n<p>Al\u00e9m disso, de acordo com a decis\u00e3o judicial, o munic\u00edpio dever\u00e1 instalar usina de triagem e compostagem, bem como encerrar o dep\u00f3sito irregular de res\u00edduos no atual lix\u00e3o, impedir o acesso de pessoas e animais \u00e0 \u00e1rea e elaborar um plano de recupera\u00e7\u00e3o ambiental do local. Ainda em 180 dias, o ente dever\u00e1 elaborar Plano Municipal de Gest\u00e3o Integrada de Res\u00edduos S\u00f3lidos.<\/p>\n<p>Na A\u00e7\u00e3o Civil P\u00fablica ajuizada na Justi\u00e7a, o MPMG aponta irregularidades no dep\u00f3sito de lixo coletado na cidade, o que, segundo a institui\u00e7\u00e3o, ocorre em \u00e1rea inadequada, nas proximidades do per\u00edmetro urbano e em desconformidade com a legisla\u00e7\u00e3o. \u201cO fato vem causando s\u00e9rios danos ao meio ambiente, principalmente a polui\u00e7\u00e3o do ar, do solo e da \u00e1gua, al\u00e9m de preju\u00edzos \u00e0 sa\u00fade p\u00fablica\u201d, afirmam na a\u00e7\u00e3o os promotores de Justi\u00e7a Felipe Faria de Oliveira e Renata Cristina Torres Maia.<\/p>\n<p>Os representantes do MPMG argumentam ainda que inexiste no munic\u00edpio local para coleta seletiva e para reciclagem de materiais. (MPMG)<\/p>\n","protected":false},"excerpt":{"rendered":"<p>MPMG obteve liminar estipulando o prazo de 180 dias para a obten\u00e7\u00e3o, pelo ente municipal, do devido licenciamento ambiental e para o in\u00edcio das atividades do aterro O Minist\u00e9rio P\u00fablico de Minas Gerais (MPMG) obteve provimento em um pedido liminar para que o munic\u00edpio de Serra dos Aimor\u00e9s, no Vale do Mucuri, seja obrigado a [&hellip;]<\/p>\n","protected":false},"author":1,"featured_media":21319,"comment_status":"open","ping_status":"closed","sticky":false,"template":"","format":"standard","meta":{"amp_status":"","footnotes":""},"categories":[122],"tags":[20055,2793],"class_list":["post-43015","post","type-post","status-publish","format-standard","has-post-thumbnail","hentry","category-mucuri","tag-decisao-judicial-determina-implantacao-de-aterro-sanitario-em-serra-dos-aimores","tag-serra-dos-aimores"],"_links":{"self":[{"href":"https:\/\/aconteceunovale.com.br\/portal\/index.php?rest_route=\/wp\/v2\/posts\/43015","targetHints":{"allow":["GET"]}}],"collection":[{"href":"https:\/\/aconteceunovale.com.br\/portal\/index.php?rest_route=\/wp\/v2\/posts"}],"about":[{"href":"https:\/\/aconteceunovale.com.br\/portal\/index.php?rest_route=\/wp\/v2\/types\/post"}],"author":[{"embeddable":true,"href":"https:\/\/aconteceunovale.com.br\/portal\/index.php?rest_route=\/wp\/v2\/users\/1"}],"replies":[{"embeddable":true,"href":"https:\/\/aconteceunovale.com.br\/portal\/index.php?rest_route=%2Fwp%2Fv2%2Fcomments&post=43015"}],"version-history":[{"count":0,"href":"https:\/\/aconteceunovale.com.br\/portal\/index.php?rest_route=\/wp\/v2\/posts\/43015\/revisions"}],"wp:featuredmedia":[{"embeddable":true,"href":"https:\/\/aconteceunovale.com.br\/portal\/index.php?rest_route=\/wp\/v2\/media\/21319"}],"wp:attachment":[{"href":"https:\/\/aconteceunovale.com.br\/portal\/index.php?rest_route=%2Fwp%2Fv2%2Fmedia&parent=43015"}],"wp:term":[{"taxonomy":"category","embeddable":true,"href":"https:\/\/aconteceunovale.com.br\/portal\/index.php?rest_route=%2Fwp%2Fv2%2Fcategories&post=43015"},{"taxonomy":"post_tag","embeddable":true,"href":"https:\/\/aconteceunovale.com.br\/portal\/index.php?rest_route=%2Fwp%2Fv2%2Ftags&post=43015"}],"curies":[{"name":"wp","href":"https:\/\/api.w.org\/{rel}","templated":true}]}}