{"id":42961,"date":"2014-10-22T20:08:02","date_gmt":"2014-10-22T23:08:02","guid":{"rendered":"http:\/\/aconteceunovale.com.br\/portal\/?p=42961"},"modified":"2014-10-22T20:08:02","modified_gmt":"2014-10-22T23:08:02","slug":"familia-que-cultivava-maconha-em-montes-claros-precisa-de-tratamento-para-tuberculose","status":"publish","type":"post","link":"https:\/\/aconteceunovale.com.br\/portal\/?p=42961","title":{"rendered":"Fam\u00edlia que cultivava maconha em Montes Claros precisa de tratamento para tuberculose"},"content":{"rendered":"<h4><em><strong>Seis crian\u00e7as e o padrasto precisam de tratamento. Pol\u00edcia encontrou p\u00e9s de maconha e muita sujeira na casa da fam\u00edlia.<\/strong><\/em><\/h4>\n<p>O casal que cultivava p\u00e9s de maconha no quintal de casa, em Montes Claros, no Norte de Minas, continua preso por tr\u00e1fico de drogas. Segundo a Vigil\u00e2ncia Epidemiol\u00f3gica da cidade, o padastro e todas as seis crian\u00e7as que residiam na resid\u00eancia est\u00e3o com tuberculose.<\/p>\n<p>A doen\u00e7a exige tratamento rigoroso durante seis meses. De acordo com Rafael Nobre, coordenador da Vigil\u00e2ncia Epidemiol\u00f3gica, a fam\u00edlia j\u00e1 tinha iniciado o tratamento em maio deste ano. \u201cAs crian\u00e7as continuam com o tratamento, mas infelizmente o padastro sempre interrompeu. De maio at\u00e9 julho forma umas tr\u00eas vezes\u201d, afirma.<\/p>\n<p>Nobre disse ainda que, por serem usu\u00e1rios de drogas, o casal amea\u00e7ava constantemente os enfermeiros do Estrat\u00e9gia Sa\u00fade da Fam\u00edlia. \u201cEu fui amea\u00e7ado e enfermeiros tamb\u00e9m. Chegou a um ponto de risco muito grande para a gente. Ent\u00e3o, pedimos interven\u00e7\u00e3o do Minist\u00e9rio P\u00fablico\u201d, explica.<\/p>\n<p><img decoding=\"async\" src=\"http:\/\/aconteceunovale.com.br\/portal\/wp-content\/uploads\/2014\/10\/presos_turberculose_moc.jpg\" alt=\"\" \/><em>Casal foi prso por tr\u00e1fico de drogas (Foto: Reprodu\u00e7\u00e3o\/Inter TV)<\/em><br \/>\n<\/br><\/p>\n<p>O caso da fam\u00edlia chamou a aten\u00e7\u00e3o, at\u00e9 mesmo dos policiais, devido ao n\u00edvel de vulnerabilidade encontrada na resid\u00eancia. A casa n\u00e3o possui energia el\u00e9trica e estava cheia de insetos. Uma constru\u00e7\u00e3o no fundo do quintal era utilizada para guardar armas e drogas. \u201cSegundo informa\u00e7\u00f5es do propriet\u00e1rio, essa constru\u00e7\u00e3o foi feita pelos traficantes. L\u00e1 era feita dolagem e armazenamento de drogas\u201d, diz o sargento da PM, Elthon Gomes.<\/p>\n<p>A fam\u00edlia recebia cerca de R$ 1 mil por m\u00eas para guardarem o material. Durante a pris\u00e3o na segunda-feira (20), uma menor de 15 anos afirmou aos policiais que era obrigada a ter rela\u00e7\u00f5es sexuais com traficantes, mas em depoimento na Vara da Inf\u00e2ncia e Juventude ela mudou a vers\u00e3o. \u201cEla negou que fosse obrigada. Disse que h\u00e1 cerca de dois anos teve um namorado adolescente que era traficante e manteve rela\u00e7\u00f5es com ele\u201d, afirma a promotora Valmira Alves Maia.<\/p>\n<p>A adolescente confirmou \u00e0 promotora que come\u00e7ou a traficar aos 13 anos e, agora, tamb\u00e9m comercializava maconha cultivada em casa. \u201cEla admitiu que plantava e vendia os vasos. Disse ainda que o tr\u00e1fico era feito tamb\u00e9m pela m\u00e3e\u201d, declara ainda a promotora.<\/p>\n<p>Ap\u00f3s ser ouvida, a menor foi liberada, mas pode ser indiciada por crime an\u00e1logo ao tr\u00e1fico de drogas. Por causa da pris\u00e3o do casal, as crian\u00e7as foram entregues a parente pelo Conselho Tutelar.<\/p>\n<p>J\u00e1 a Secretaria Municipal de Desenvolvimento Social informou que, devido a uma normativa do Sistema \u00danico de Assist\u00eancia Social, n\u00e3o podem divulgar dados sobre interven\u00e7\u00f5es realizadas.<\/p>\n<p><strong><em>(Inter TV Grande Minas)<\/em><\/strong><\/p>\n","protected":false},"excerpt":{"rendered":"<p>Seis crian\u00e7as e o padrasto precisam de tratamento. Pol\u00edcia encontrou p\u00e9s de maconha e muita sujeira na casa da fam\u00edlia. O casal que cultivava p\u00e9s de maconha no quintal de casa, em Montes Claros, no Norte de Minas, continua preso por tr\u00e1fico de drogas. Segundo a Vigil\u00e2ncia Epidemiol\u00f3gica da cidade, o padastro e todas as [&hellip;]<\/p>\n","protected":false},"author":1,"featured_media":42962,"comment_status":"open","ping_status":"closed","sticky":false,"template":"","format":"standard","meta":{"amp_status":"","footnotes":""},"categories":[1236],"tags":[19985,210],"class_list":["post-42961","post","type-post","status-publish","format-standard","has-post-thumbnail","hentry","category-norte_de_minas","tag-familia-que-cultivava-maconha-em-montes-claros-precisa-de-tratamento-para-tuberculose","tag-montes-claros"],"_links":{"self":[{"href":"https:\/\/aconteceunovale.com.br\/portal\/index.php?rest_route=\/wp\/v2\/posts\/42961","targetHints":{"allow":["GET"]}}],"collection":[{"href":"https:\/\/aconteceunovale.com.br\/portal\/index.php?rest_route=\/wp\/v2\/posts"}],"about":[{"href":"https:\/\/aconteceunovale.com.br\/portal\/index.php?rest_route=\/wp\/v2\/types\/post"}],"author":[{"embeddable":true,"href":"https:\/\/aconteceunovale.com.br\/portal\/index.php?rest_route=\/wp\/v2\/users\/1"}],"replies":[{"embeddable":true,"href":"https:\/\/aconteceunovale.com.br\/portal\/index.php?rest_route=%2Fwp%2Fv2%2Fcomments&post=42961"}],"version-history":[{"count":0,"href":"https:\/\/aconteceunovale.com.br\/portal\/index.php?rest_route=\/wp\/v2\/posts\/42961\/revisions"}],"wp:featuredmedia":[{"embeddable":true,"href":"https:\/\/aconteceunovale.com.br\/portal\/index.php?rest_route=\/wp\/v2\/media\/42962"}],"wp:attachment":[{"href":"https:\/\/aconteceunovale.com.br\/portal\/index.php?rest_route=%2Fwp%2Fv2%2Fmedia&parent=42961"}],"wp:term":[{"taxonomy":"category","embeddable":true,"href":"https:\/\/aconteceunovale.com.br\/portal\/index.php?rest_route=%2Fwp%2Fv2%2Fcategories&post=42961"},{"taxonomy":"post_tag","embeddable":true,"href":"https:\/\/aconteceunovale.com.br\/portal\/index.php?rest_route=%2Fwp%2Fv2%2Ftags&post=42961"}],"curies":[{"name":"wp","href":"https:\/\/api.w.org\/{rel}","templated":true}]}}