{"id":42957,"date":"2014-10-22T19:49:51","date_gmt":"2014-10-22T22:49:51","guid":{"rendered":"http:\/\/aconteceunovale.com.br\/portal\/?p=42957"},"modified":"2014-10-22T19:49:51","modified_gmt":"2014-10-22T22:49:51","slug":"estudantes-de-ladainha-ficam-sem-aula-por-falta-de-agua-nas-escolas","status":"publish","type":"post","link":"https:\/\/aconteceunovale.com.br\/portal\/?p=42957","title":{"rendered":"Estudantes de Ladainha ficam sem aula por falta de \u00e1gua nas escolas"},"content":{"rendered":"<h4><em><strong>Mais de 1500 alunos das escolas p\u00fablicas est\u00e3o sem aula desde segunda. Falta de \u00e1gua tem prejudicado a rotina tamb\u00e9m nas casas.<\/strong><\/em><\/h4>\n<p>Mais de 1.500 alunos das escolas p\u00fablicas do munic\u00edpio de Ladainha, no Vale do Mucuri, est\u00e3o sem aula desde o in\u00edcio da semana. A falta de \u00e1gua na cidade \u00e9 um dos motivos e tem prejudicado a rotina tamb\u00e9m nas resid\u00eancias e gerado transtornos \u00e0 popula\u00e7\u00e3o.<\/p>\n<p>No Bairro da Liberdade est\u00e1 localizado o C\u00f3rrego Ribeir\u00e3o Dantas e no sistema de capta\u00e7\u00e3o de \u00e1gua da Copanor, respons\u00e1veis pelo abastecimento da barragem, apenas uma bomba faz o abastecimento para cerca de seis mil resid\u00eancias.<\/p>\n<p><img decoding=\"async\" src=\"http:\/\/aconteceunovale.com.br\/portal\/wp-content\/uploads\/2014\/10\/falta_de_agua_ladainha.jpg\" alt=\"\" \/><em>Munic\u00edpio de Ladainha sofre com a falta de \u00e1gua (Foto: Cristiano Dias\/Inter TV dos Vales)<\/em><br \/>\n<\/br><\/p>\n<p>Segundo a prefeitura, os equipamentos usados s\u00e3o os mesmos h\u00e1 20 anos, quando a demanda de fornecimento de \u00e1gua era menor. Com o n\u00edvel baixo de \u00e1gua e a estiagem, o funcionamento est\u00e1 comprometido.<\/p>\n<p>Uma das alternativas para melhorar o abastecimento de \u00e1gua em Ladainha pode ser uma represa que existe na cidade, mas que \u00e9 utilizada pela Usina Bahia-Minas. Por\u00e9m, o  esgoto da cidade \u00e9 despejado no local e impossibilita que a \u00e1gua seja consumida.<\/p>\n<p>Segundo Farley Tito Nedir, secret\u00e1rio de governo em Ladainha, \u201ca Copanor j\u00e1 est\u00e1 sendo notificada pela promotoria por despejar os dejetos na represa\u201d. (G1)<\/p>\n","protected":false},"excerpt":{"rendered":"<p>Mais de 1500 alunos das escolas p\u00fablicas est\u00e3o sem aula desde segunda. Falta de \u00e1gua tem prejudicado a rotina tamb\u00e9m nas casas. Mais de 1.500 alunos das escolas p\u00fablicas do munic\u00edpio de Ladainha, no Vale do Mucuri, est\u00e3o sem aula desde o in\u00edcio da semana. A falta de \u00e1gua na cidade \u00e9 um dos motivos [&hellip;]<\/p>\n","protected":false},"author":1,"featured_media":42958,"comment_status":"open","ping_status":"closed","sticky":false,"template":"","format":"standard","meta":{"amp_status":"","footnotes":""},"categories":[122],"tags":[19977,19978,344],"class_list":["post-42957","post","type-post","status-publish","format-standard","has-post-thumbnail","hentry","category-mucuri","tag-estudantes-de-ladainha-ficam-sem-aula-por-falta-de-agua-nas-escolas","tag-falta-de-agua-em-ladainha","tag-ladainha"],"_links":{"self":[{"href":"https:\/\/aconteceunovale.com.br\/portal\/index.php?rest_route=\/wp\/v2\/posts\/42957","targetHints":{"allow":["GET"]}}],"collection":[{"href":"https:\/\/aconteceunovale.com.br\/portal\/index.php?rest_route=\/wp\/v2\/posts"}],"about":[{"href":"https:\/\/aconteceunovale.com.br\/portal\/index.php?rest_route=\/wp\/v2\/types\/post"}],"author":[{"embeddable":true,"href":"https:\/\/aconteceunovale.com.br\/portal\/index.php?rest_route=\/wp\/v2\/users\/1"}],"replies":[{"embeddable":true,"href":"https:\/\/aconteceunovale.com.br\/portal\/index.php?rest_route=%2Fwp%2Fv2%2Fcomments&post=42957"}],"version-history":[{"count":0,"href":"https:\/\/aconteceunovale.com.br\/portal\/index.php?rest_route=\/wp\/v2\/posts\/42957\/revisions"}],"wp:featuredmedia":[{"embeddable":true,"href":"https:\/\/aconteceunovale.com.br\/portal\/index.php?rest_route=\/wp\/v2\/media\/42958"}],"wp:attachment":[{"href":"https:\/\/aconteceunovale.com.br\/portal\/index.php?rest_route=%2Fwp%2Fv2%2Fmedia&parent=42957"}],"wp:term":[{"taxonomy":"category","embeddable":true,"href":"https:\/\/aconteceunovale.com.br\/portal\/index.php?rest_route=%2Fwp%2Fv2%2Fcategories&post=42957"},{"taxonomy":"post_tag","embeddable":true,"href":"https:\/\/aconteceunovale.com.br\/portal\/index.php?rest_route=%2Fwp%2Fv2%2Ftags&post=42957"}],"curies":[{"name":"wp","href":"https:\/\/api.w.org\/{rel}","templated":true}]}}