{"id":42951,"date":"2014-10-22T18:47:47","date_gmt":"2014-10-22T21:47:47","guid":{"rendered":"http:\/\/aconteceunovale.com.br\/portal\/?p=42951"},"modified":"2014-10-22T18:47:47","modified_gmt":"2014-10-22T21:47:47","slug":"ministerio-publico-itinerante-desembarca-em-frei-lagonegro","status":"publish","type":"post","link":"https:\/\/aconteceunovale.com.br\/portal\/?p=42951","title":{"rendered":"Minist\u00e9rio P\u00fablico Itinerante desembarca em Frei Lagonegro"},"content":{"rendered":"<p>A Coordenadoria de Inclus\u00e3o e Mobiliza\u00e7\u00e3o Sociais (Cimos) do Minist\u00e9rio P\u00fablico de Minas Gerais (MPMG) levou ontem, 21 de outubro, o projeto MP Itinerante para Frei Lagonegro, cidade da regi\u00e3o do Rio Doce mineiro, um dos dez munic\u00edpios com menor \u00cdndice de Desenvolvimento Humano (IDH) de Minas Gerais. A a\u00e7\u00e3o institucional do MPMG percorre o Estado aproximando o promotor de Justi\u00e7a da sociedade e levando servi\u00e7os sociais e orienta\u00e7\u00f5es jur\u00eddicas \u00e0s comunidades.<\/p>\n<p>Segundo o Censo 2010, o munic\u00edpio de Frei Lagonegro possui 3.329 habitantes. A renda per capita mensal urbana no local gira em torno de R$ 250 reais. Como forma de auxiliar a comunidade, o projeto MP Itinerante ofereceu servi\u00e7os jur\u00eddicos gratuitos, apoio previdenci\u00e1rio, palestras sobre meio ambiente, preven\u00e7\u00e3o ao uso de drogas, atendimento personalizado da Promotoria de Justi\u00e7a, entre outras a\u00e7\u00f5es sociais. A comunidade ainda teve a oportunidade de manifestar sua cultura com pe\u00e7as teatrais, dan\u00e7a e m\u00fasica.<\/p>\n<p><img decoding=\"async\" src=\"http:\/\/aconteceunovale.com.br\/portal\/wp-content\/uploads\/2014\/10\/mp_itinerante_frei_lagonegro.jpg\" alt=\"\" \/><em>A\u00e7\u00e3o no munic\u00edpio foi realizada na ter\u00e7a-feira (21) &#8211; Foto: Divulga\u00e7\u00e3o<\/em><br \/>\n<\/br><\/p>\n<p>Foram emitidas, por exemplo, 209 carteiras de identidade e realizados 37 atendimentos do MPMG e 15 da Previd\u00eancia Social em parceria com o Programa de Inclus\u00e3o e Educa\u00e7\u00e3o Previdenci\u00e1ria (Piep), da Faculdade Milton Campos, coordenado pela professora Dinor\u00e1 Carla de Oliveira. Al\u00e9m disso, a promotora de Justi\u00e7a Ester Soares de Ara\u00fajo Carvalho realizou palestra sobre o programa \u201cO que voc\u00ea tem a ver com a corrup\u00e7\u00e3o\u201d, iniciativa do Conselho Nacional dos Procuradores-Gerais (CNPG), coordenado, em Minas Gerais, pelo promotor de Justi\u00e7a Fabr\u00edcio Marques Ferragini.<\/p>\n<p>J\u00e1 a terapeuta e especialista em depend\u00eancia qu\u00edmica Cl\u00e1udia Maria Pereira de Cristo, do Conselho Estadual de Pol\u00edticas P\u00fablicas sobre \u00e1lcool e drogas (Conead), realizou a palestra Drogas: o problema \u00e9 meu, o problema \u00e9 teu, o problema \u00e9 nosso. Cerca de 200 estudantes da cidade ouviram dicas e receberam informa\u00e7\u00f5es sobre os malef\u00edcios da depend\u00eancia qu\u00edmica. Ela tamb\u00e9m se reuniu com integrantes dos Poderes Legislativo e Executivo do munic\u00edpio para articular com eles a cria\u00e7\u00e3o de um Conselho Municipal de Pol\u00edticas P\u00fablicas de sobre \u00e1lcool e drogas. Um vereador local se comprometeu a entrar com um projeto de lei na c\u00e2mara para a implementa\u00e7\u00e3o do \u00f3rg\u00e3o na cidade.<\/p>\n<p>A Pol\u00edcia Militar de Meio Ambiente, por sua vez, conversou com os estudantes e a comunidade sobre desmatamento e seus preju\u00edzos ao meio ambiente e \u00e0 sociedade. O soci\u00f3logo da Cimos Luiz Tarc\u00edsio conversou com a comunidade sobre os povos e comunidades tradicionais, como \u00edndios, quilombolas, apanhadores de sempre-viva. Ele e o servidor do MPMG Cezar Moreno ainda se reuniram com representantes quilombolas para tra\u00e7ar formas de reconhecimento, pelo Poder P\u00fablico, do grupo como comunidade tradicional. (MPMG)<\/p>\n","protected":false},"excerpt":{"rendered":"<p>A Coordenadoria de Inclus\u00e3o e Mobiliza\u00e7\u00e3o Sociais (Cimos) do Minist\u00e9rio P\u00fablico de Minas Gerais (MPMG) levou ontem, 21 de outubro, o projeto MP Itinerante para Frei Lagonegro, cidade da regi\u00e3o do Rio Doce mineiro, um dos dez munic\u00edpios com menor \u00cdndice de Desenvolvimento Humano (IDH) de Minas Gerais. A a\u00e7\u00e3o institucional do MPMG percorre o [&hellip;]<\/p>\n","protected":false},"author":1,"featured_media":42952,"comment_status":"open","ping_status":"closed","sticky":false,"template":"","format":"standard","meta":{"amp_status":"","footnotes":""},"categories":[121],"tags":[291,19975],"class_list":["post-42951","post","type-post","status-publish","format-standard","has-post-thumbnail","hentry","category-leste","tag-frei-lagonegro","tag-ministerio-publico-itinerante-desembarca-em-frei-lagonegro"],"_links":{"self":[{"href":"https:\/\/aconteceunovale.com.br\/portal\/index.php?rest_route=\/wp\/v2\/posts\/42951","targetHints":{"allow":["GET"]}}],"collection":[{"href":"https:\/\/aconteceunovale.com.br\/portal\/index.php?rest_route=\/wp\/v2\/posts"}],"about":[{"href":"https:\/\/aconteceunovale.com.br\/portal\/index.php?rest_route=\/wp\/v2\/types\/post"}],"author":[{"embeddable":true,"href":"https:\/\/aconteceunovale.com.br\/portal\/index.php?rest_route=\/wp\/v2\/users\/1"}],"replies":[{"embeddable":true,"href":"https:\/\/aconteceunovale.com.br\/portal\/index.php?rest_route=%2Fwp%2Fv2%2Fcomments&post=42951"}],"version-history":[{"count":0,"href":"https:\/\/aconteceunovale.com.br\/portal\/index.php?rest_route=\/wp\/v2\/posts\/42951\/revisions"}],"wp:featuredmedia":[{"embeddable":true,"href":"https:\/\/aconteceunovale.com.br\/portal\/index.php?rest_route=\/wp\/v2\/media\/42952"}],"wp:attachment":[{"href":"https:\/\/aconteceunovale.com.br\/portal\/index.php?rest_route=%2Fwp%2Fv2%2Fmedia&parent=42951"}],"wp:term":[{"taxonomy":"category","embeddable":true,"href":"https:\/\/aconteceunovale.com.br\/portal\/index.php?rest_route=%2Fwp%2Fv2%2Fcategories&post=42951"},{"taxonomy":"post_tag","embeddable":true,"href":"https:\/\/aconteceunovale.com.br\/portal\/index.php?rest_route=%2Fwp%2Fv2%2Ftags&post=42951"}],"curies":[{"name":"wp","href":"https:\/\/api.w.org\/{rel}","templated":true}]}}