{"id":42947,"date":"2014-10-22T18:42:25","date_gmt":"2014-10-22T21:42:25","guid":{"rendered":"http:\/\/aconteceunovale.com.br\/portal\/?p=42947"},"modified":"2014-10-22T18:43:30","modified_gmt":"2014-10-22T21:43:30","slug":"justica-determina-medidas-emergenciais-para-proteger-casarao-historico-em-aracuai","status":"publish","type":"post","link":"https:\/\/aconteceunovale.com.br\/portal\/?p=42947","title":{"rendered":"Justi\u00e7a determina medidas emergenciais para proteger casar\u00e3o hist\u00f3rico em Ara\u00e7ua\u00ed"},"content":{"rendered":"<h4><em><strong>Im\u00f3vel seria a sede do futuro Museu dos Percursos do Vale do Jequitinhonha<\/strong><\/em><\/h4>\n<p>O Minist\u00e9rio P\u00fablico de Minas Gerais (MPMG), por meio da Promotoria de Justi\u00e7a de Ara\u00e7ua\u00ed e da Promotoria Estadual de Defesa do Patrim\u00f4nio Cultural e Tur\u00edstico, obteve na Justi\u00e7a decis\u00e3o liminar favor\u00e1vel que determina medidas emergenciais para a prote\u00e7\u00e3o do casar\u00e3o do Alto S\u00e3o Jos\u00e9 em Ara\u00e7ua\u00ed, no Vale do Jequitinhonha, que dever\u00e3o ser cumpridas pelas Administra\u00e7\u00f5es municipal e estadual. Entre as medidas est\u00e3o, colocar tapumes nas fachadas frontal e lateral e lona sobre a cobertura de modo a conter as infiltra\u00e7\u00f5es, executar limpeza do terreno e do seu entorno e escorar a platibanda (mureta constru\u00edda na parte mais alta das paredes externas de uma constru\u00e7\u00e3o, para proteger e ornamentar a fachada central a fim de evitar a sua queda). Caso a decis\u00e3o seja descumprida, foi determinada multa de R$ 1.000 por dia.<\/p>\n<p>O casar\u00e3o foi constru\u00eddo na d\u00e9cada de 1920 e acumula valor hist\u00f3rico, arquitet\u00f4nico e tur\u00edstico, constituindo-se referencial simb\u00f3lico para o espa\u00e7o e mem\u00f3ria da comunidade. O Poder P\u00fablico municipal reconheceu essa import\u00e2ncia ao tomb\u00e1-lo como patrim\u00f4nio cultural da cidade. Entretanto o im\u00f3vel est\u00e1 em mau estado de conserva\u00e7\u00e3o.<\/p>\n<p><img decoding=\"async\" src=\"http:\/\/aconteceunovale.com.br\/portal\/wp-content\/uploads\/2014\/10\/recuperacao_casarao_ara.jpg\" alt=\"\" \/><em>Im\u00f3vel seria a sede do futuro Museu dos Percursos do Vale do Jequitinhonha &#8211; Foto: Divulga\u00e7\u00e3o\/MPMG<\/em><br \/>\n<\/br><\/p>\n<p>Conforme constatado em laudo do MPMG, a falta de uso propiciou o crescimento de vegeta\u00e7\u00e3o no entorno, que tamb\u00e9m se encontra com bastante entulho. Parte da platibanda da fachada frontal est\u00e1 em ru\u00ednas, assim como um peda\u00e7o do muro que circunda a edifica\u00e7\u00e3o. As alvenarias apresentam manchas de umidade, trincas, fissuras e desprendimento do reboco, o que acelera a degrada\u00e7\u00e3o dos materiais utilizados e a edifica\u00e7\u00e3o como um todo. As esquadrias encontram-se danificadas, com trechos apodrecidos, vidros quebrados e desprendimento da moldura que ornamenta o enquadramento dos v\u00e3os. H\u00e1 ainda fia\u00e7\u00e3o aparente, expondo o im\u00f3vel a riscos de inc\u00eandios.<\/p>\n<p>Tamb\u00e9m se verificou intensa renova\u00e7\u00e3o urbana no entorno do im\u00f3vel, como constru\u00e7\u00e3o de pr\u00e9dios de uso misto, com lojas no pavimento t\u00e9rreo e resid\u00eancias nos pavimentos superiores. N\u00e3o h\u00e1 dossi\u00ea de tombamento, portanto n\u00e3o foi tra\u00e7ado o per\u00edmetro de prote\u00e7\u00e3o. <\/p>\n<p>O Casar\u00e3o Alto S\u00e3o Jos\u00e9 mant\u00e9m suas caracter\u00edsticas preservadas, houve interven\u00e7\u00f5es descaracterizantes no decorrer dos anos, mas a fachada e a tipologia encontram-se preservadas. Ainda segundo a per\u00edcia, \u00e9 poss\u00edvel a recupera\u00e7\u00e3o do im\u00f3vel uma vez que, apesar do seu estado de conserva\u00e7\u00e3o, a estrutura da edifica\u00e7\u00e3o permanece s\u00f3lida, grande parte dos elementos originais ainda existentes \u00e9 pass\u00edvel de aproveitamento.<\/p>\n<p>Em raz\u00e3o do tombamento do seu n\u00facleo hist\u00f3rico, o munic\u00edpio de Ara\u00e7ua\u00ed recebe repasses financeiros mensais a t\u00edtulo de ICMS Cultural. Entre 2009 e 2012, foram repassados R$ 431.002,94. <\/p>\n<h4>Museu de percursos<\/h4>\n<p>Em 2007 o munic\u00edpio de Ara\u00e7ua\u00ed foi definido como uma das tr\u00eas sedes para o Museu de Percursos do Vale do Jequitinhonha. O projeto, de iniciativa do governo do estado de Minas Gerais, tem como objeto a cria\u00e7\u00e3o e a implanta\u00e7\u00e3o de unidades museol\u00f3gicas na regi\u00e3o do Vale do Jequitinhonha. <\/p>\n<p>No munic\u00edpio de Ara\u00e7ua\u00ed, o museu seria estabelecido no casar\u00e3o. Segundo o Instituto Estadual do Patrim\u00f4nio Hist\u00f3rico e Art\u00edstico (Iepha), os projetos de restaura\u00e7\u00e3o e adapta\u00e7\u00e3o dos im\u00f3veis destinados \u00e0s sedes do museu foram contratados e executados. Todos esses projetos foram devidamente aprovados e entregues \u00e0 Superintend\u00eancia de Museus da Secretaria de Estado de Cultura, com vistas \u00e0 contrata\u00e7\u00e3o das obras para sua execu\u00e7\u00e3o. Essa entrega deu-se em 2009 e, desde ent\u00e3o, n\u00e3o houve mais not\u00edcias sobre a implanta\u00e7\u00e3o do museu de percursos, diz o \u00f3rg\u00e3o. \u201cInfelizmente, o projeto de implanta\u00e7\u00e3o do Museu de Percursos do Vale do Jequitinhonha, decorridos mais de cinco anos, n\u00e3o passa de mera e v\u00e3 promessa do governo do estado de Minas Gerais, estando as tr\u00eas sedes propostas (Minas Novas, Ara\u00e7ua\u00ed e Jequitinhonha) em p\u00e9ssimo estado de conserva\u00e7\u00e3o e em todas elas o Minist\u00e9rio P\u00fablico est\u00e1 agindo a fim de se evitar perdas irrepar\u00e1veis ao patrim\u00f4nio cultural mineiro\u201d, afirmam na a\u00e7\u00e3o os promotores de Justi\u00e7a Marcos Paulo de Souza Miranda e Leonardo Morroni Ara\u00fajo de Mello. (MPMG)<\/p>\n","protected":false},"excerpt":{"rendered":"<p>Im\u00f3vel seria a sede do futuro Museu dos Percursos do Vale do Jequitinhonha O Minist\u00e9rio P\u00fablico de Minas Gerais (MPMG), por meio da Promotoria de Justi\u00e7a de Ara\u00e7ua\u00ed e da Promotoria Estadual de Defesa do Patrim\u00f4nio Cultural e Tur\u00edstico, obteve na Justi\u00e7a decis\u00e3o liminar favor\u00e1vel que determina medidas emergenciais para a prote\u00e7\u00e3o do casar\u00e3o do [&hellip;]<\/p>\n","protected":false},"author":1,"featured_media":42948,"comment_status":"open","ping_status":"closed","sticky":false,"template":"","format":"standard","meta":{"amp_status":"","footnotes":""},"categories":[120],"tags":[186,19972,19971,19970,19974,19973],"class_list":["post-42947","post","type-post","status-publish","format-standard","has-post-thumbnail","hentry","category-jequi","tag-aracuai","tag-casarao-do-alto-sao-jose","tag-casarao-do-alto-sao-jose-em-aracuai","tag-justica-determina-medidas-emergenciais-para-proteger-casarao-historico-em-aracuai","tag-recuperacao-do-casarao-do-alto-sao-jose","tag-recuperacao-do-castelinho-de-aracuai"],"_links":{"self":[{"href":"https:\/\/aconteceunovale.com.br\/portal\/index.php?rest_route=\/wp\/v2\/posts\/42947","targetHints":{"allow":["GET"]}}],"collection":[{"href":"https:\/\/aconteceunovale.com.br\/portal\/index.php?rest_route=\/wp\/v2\/posts"}],"about":[{"href":"https:\/\/aconteceunovale.com.br\/portal\/index.php?rest_route=\/wp\/v2\/types\/post"}],"author":[{"embeddable":true,"href":"https:\/\/aconteceunovale.com.br\/portal\/index.php?rest_route=\/wp\/v2\/users\/1"}],"replies":[{"embeddable":true,"href":"https:\/\/aconteceunovale.com.br\/portal\/index.php?rest_route=%2Fwp%2Fv2%2Fcomments&post=42947"}],"version-history":[{"count":0,"href":"https:\/\/aconteceunovale.com.br\/portal\/index.php?rest_route=\/wp\/v2\/posts\/42947\/revisions"}],"wp:featuredmedia":[{"embeddable":true,"href":"https:\/\/aconteceunovale.com.br\/portal\/index.php?rest_route=\/wp\/v2\/media\/42948"}],"wp:attachment":[{"href":"https:\/\/aconteceunovale.com.br\/portal\/index.php?rest_route=%2Fwp%2Fv2%2Fmedia&parent=42947"}],"wp:term":[{"taxonomy":"category","embeddable":true,"href":"https:\/\/aconteceunovale.com.br\/portal\/index.php?rest_route=%2Fwp%2Fv2%2Fcategories&post=42947"},{"taxonomy":"post_tag","embeddable":true,"href":"https:\/\/aconteceunovale.com.br\/portal\/index.php?rest_route=%2Fwp%2Fv2%2Ftags&post=42947"}],"curies":[{"name":"wp","href":"https:\/\/api.w.org\/{rel}","templated":true}]}}