{"id":42889,"date":"2014-10-22T10:01:21","date_gmt":"2014-10-22T13:01:21","guid":{"rendered":"http:\/\/aconteceunovale.com.br\/portal\/?p=42889"},"modified":"2014-10-22T19:59:42","modified_gmt":"2014-10-22T22:59:42","slug":"ocorrencias-em-destaque-nos-vales-do-jequitinhonha-rio-doce-e-mucuri-22-de-outubro-de-2014","status":"publish","type":"post","link":"https:\/\/aconteceunovale.com.br\/portal\/?p=42889","title":{"rendered":"Ocorr\u00eancias em destaque nos Vales do Jequitinhonha, Rio Doce e Mucuri &#8211; 22 de outubro de 2014"},"content":{"rendered":"<h4><strong>Adolescente de 13 anos \u00e9 suspeito de abusar da irm\u00e3 de 7 anos em Valadares<\/strong><\/h4>\n<p>Um adolescente de 13 anos foi denunciado pelos pais \u00e0 Pol\u00edcia Militar por suposto estupro de vulner\u00e1vel, na noite dessa ter\u00e7a-feira (21), em Governador Valadares (MG). Segundo a pol\u00edcia, o jovem teria tocado a irm\u00e3 dele, de 7 anos.<\/p>\n<p>Ainda segundo a pol\u00edcia, o adolescente chamou os militares afirmando que o padrasto dele, de 33 anos, teria o agredido com um soco na boca e correiadas pelo corpo, ficando com roxos na costela. Os militares foram at\u00e9 a casa do jovem, e, ao abordar o homem, ele negou as acusa\u00e7\u00f5es e contou outra hist\u00f3ria para a PM.<\/p>\n<p>O padrasto do garoto contou para pol\u00edcia que ao chegar em casa, juntamente com a m\u00e3e do adolescente, ele viu o menino deitado na cama, sem roupa, junto com a irm\u00e3 de sete anos, que estava com a roupa \u00edntima exposta.<\/p>\n<p>A menina contou para a m\u00e3e que o adolescente teria tocado na regi\u00e3o \u00edntima dela, e quando ela foi gritar, teve a boca tampada pelo irm\u00e3o. O garoto ainda teria abra\u00e7ado a irm\u00e3 e dito que estava sobre o efeito de drogas e precisava de ajuda.<\/p>\n<p>Segundo a pol\u00edcia, o padrasto levou a menina para o Pronto Socorro, onde um ginecologista confirmou que a menina n\u00e3o teve nenhum problema. No mesmo hospital foi confirmado que o adolescente tinha hematomas pelo corpo, mas o padrasto negou as suspeitas de agress\u00e3o. Todo o procedimento foi acompanhado pela Pol\u00edcia Militar.<br \/>\n<\/br><\/p>\n<h4><strong>Posto de combust\u00edveis \u00e9 assaltado em Te\u00f3filo Otoni<\/strong><\/h4>\n<p>Um posto de combust\u00edveis localizado na Avenida Alfredo de S\u00e1, em Te\u00f3filo Otoni, foi alvo de bandidos armados na noite de segunda-feira, 21 de outubro. <\/p>\n<p>De acordo com a Pol\u00edcia Militar, a v\u00edtima, de 23 anos, relatou que se encontrava no servi\u00e7o, quando foi abordado por dois indiv\u00edduos em uma motocicleta. De posse de um rev\u00f3lver, anunciaram o assalto, roubando a quantia de R$ 323,46 em dinheiro.<\/p>\n<p>Ap\u00f3s a a\u00e7\u00e3o criminosa, os autores evadiram no sentido bairro S\u00e3o Crist\u00f3v\u00e3o. Foi realizado rastreamento, por\u00e9m eles n\u00e3o foram localizados.<br \/>\n<\/br><\/p>\n<h4><strong>Dois amigos de 28 e 34 anos morrem afogados em c\u00f3rrego de Goiabeira<\/strong><\/h4>\n<p>O Corpo de Bombeiros encontrou na manh\u00e3 desta quarta-feira (22), o corpo de um homem de 28 anos, que teria se afogado nesta segunda-feira, junto com um amigo em um c\u00f3rrego no munic\u00edpio de Goiabeira. Segundo os bombeiros, os dois estariam bebendo em um bar \u00e0s margens de um c\u00f3rrego quando decidiram atravessar e se afogaram. <\/p>\n<p>O corpo de um homem de 34 anos j\u00e1 havia sido encontrado encontrado na tarde de desse ter\u00e7a-feira (21). Os dois corpos est\u00e3o no instituto m\u00e9dico legal de Governador Valadares.<br \/>\n<\/br><\/p>\n<h4><strong>Homem \u00e9 resgatado de cisterna em Central de Santa Helena<\/strong><\/h4>\n<p>Em Central de Santa Helena, distrito de Governador Valadares, os Bombeiros foram acionados para promover o resgate de uma pessoa que teria ca\u00eddo em uma cisterna. De acordo com informa\u00e7\u00f5es da corpora\u00e7\u00e3o, a pessoa teria problemas mentais e teria ca\u00eddo na cisterna.<br \/>\n<\/br><\/p>\n<h4><strong>Rapaz tem perna e bra\u00e7o amputados ap\u00f3s acidente na BR-116<\/strong><\/h4>\n<p>Um rapaz teve a perna e o bra\u00e7o amputados ap\u00f3s se envolver em um acidente na noite dessa ter\u00e7a-feira (21). Ele estava em uma motocicleta com uma mulher de 31 anos, que tamb\u00e9m ficou ferida. Segundo a Pol\u00edcia Rodovi\u00e1ria Federal, a moto bateu na lateral de um caminh\u00e3o. O acidente foi na BR-116, pr\u00f3ximo a Governador Valadares.<\/p>\n<p>Os dois ocupantes da motocicleta foram levados em estado grave para o Hospital Municipal de Governador Valadares. L\u00e1, o homem precisou amputar a perna e o bra\u00e7o, e a mulher foi atendida e passa bem. O motorista do caminh\u00e3o n\u00e3o foi encontrado.<br \/>\n<\/br><\/p>\n<h4><strong>Pol\u00edcia apreende de arma de fogo em Tim\u00f3teo<\/strong><\/h4>\n<p>Uma arma de fogo foi apreendida na tarde de ter\u00e7a-feira, 21 de outubro, no bairro Novo Tempo, em Tim\u00f3teo. De acordo com a Pol\u00edcia Militar por volta das 17 horas, ao verificar uma den\u00fancia an\u00f4nima, uma viatura policial deslocou at\u00e9 uma resid\u00eancia da rua Sat\u00e9lite, onde os moradores G.G.M.S e E.C.M franquearam a entrada e durante buscas foi encontrado um rev\u00f3lver em uma gaveta.<\/p>\n<p>O autor G.G.M.S assumiu ser propriet\u00e1rio da arma e disse que teria comprado em Governador Valadares. O autor se encontra em cumprimento de pena no regime semiaberto. Diante do exposto os os dois foram presos, os materiais apreendidos e conduzidos at\u00e9 a Depol.<br \/>\n<\/br><\/p>\n<h4><strong>Homem \u00e9 baleado no bairro JK em Coronel Fabriciano<\/strong><\/h4>\n<p>Um homem de 33 anos foi baleado na manh\u00e3 de ter\u00e7a-feira, 21 de outubro, no Bairro JK, em Coronel Fabriciano. De acordo com a Pol\u00edcia Militar, um denunciante relatou via 190 sobre uma troca de tiros na Rua Joaquim Gomes da Silveira Neto. De imediato uma viatura policial foi deslocada at\u00e9 o local, onde os militares depararam com a v\u00edtima A.L.O ca\u00edda no interior de um dep\u00f3sito de bebidas. O homem sangrava muito e conversava com dificuldades.<\/p>\n<p>De acordo com a Pol\u00edcia Militar, foi feito v\u00e1rias tentativas de acionamento do corpo de bombeiros e o servi\u00e7o de ambul\u00e2ncia, por\u00e9m sem \u00eaxito. Diante da situa\u00e7\u00e3o os policiais socorreram a v\u00edtima at\u00e9 ao hospital S\u00e3o Camilo. <\/p>\n<p>Durante o atendimento no hospital a v\u00edtima relatou que foi at\u00e9 a escola estadual Zacarias Roque, para ver seus filhos que estuda naquele local, quando o autor, que atualmente mora com a sua ex-esposa, apareceu atirando em sua dire\u00e7\u00e3o, e durante a fuga dois dos tiros atingiram a suas costas. Mesmo ferido, ele correu e se escondeu no deposito de bebidas. A v\u00edtima apontou J.G.L, de 23 anos, como sendo o autor dos disparos. <\/p>\n<p>A Pol\u00edcia Militar realizou rastreamentos, por\u00e9m o autor n\u00e3o foi localizado. A v\u00edtima segue internada na UTI do hospital S\u00e3o Camilo.<br \/>\n<\/br><\/p>\n<h4><strong>Homem usa arma para se exibir e acaba baleado em Inhapim<\/strong><\/h4>\n<p>Um homem de 32 anos foi v\u00edtima de tentativa de homic\u00eddio na tarde de ter\u00e7a-feira, 21 de outubro, no C\u00f3rrego Rio Preto, na zona rural de Inhapim, no Leste de Minas.<\/p>\n<p>De acordo com a Pol\u00edcia Militar, a v\u00edtima J.R.R.A relatou que teria sido alvejada por disparos de arma de fogo no distrito de Bom Jesus do Rio Preto e socorrida para a cidade de Caratinga. <\/p>\n<p>No local, ap\u00f3s levantamentos, apurou-se que a v\u00edtima transitava em uma motocicleta naquele Distrito fazendo algazarras, exibindo arma de fogo e provocando algumas pessoas. Em dado momento a v\u00edtima saiu em dire\u00e7\u00e3o ao c\u00f3rrego Cachoeir\u00e3o, contudo, retornou minutos depois totalmente ensanguentada, pedindo socorro.<\/p>\n<p>A v\u00edtima foi alvejada por quatro disparos de arma de fogo, sendo socorrida ao Hospital Nossa Senhora Auxiliadora de Caratinga, onde se encontra internada em estado grave. N\u00e3o h\u00e1 informa\u00e7\u00e3o acerca da autoria do crime.<br \/>\n<\/br><\/p>\n<h4><strong>Motocicleta roubada no Espirito Santo \u00e9 recuperada em Ouro Verde<\/strong><\/h4>\n<p>Uma motocicleta roubada no Esp\u00edrito Santo foi recuperada na tarde de ter\u00e7a-feira, 21 de outubro, na zona rural de Ouro Verde de Minas. De acordo com a Pol\u00edcia Militar, durante uma opera\u00e7\u00e3o de batida policial no C\u00f3rrego \u00c1gua Preta de Cima, um indiv\u00edduo em uma motocicleta Honda CG Fan, placa ODE-7319, ao avistar a viatura, de imediato abandonou o ve\u00edculo e embrenhou-se em meio ao matagal, sendo perseguido pelos policiais envolvidos na ocorr\u00eancia. <\/p>\n<p>N\u00e3o foi poss\u00edvel encontra-lo, sendo que foi feito um rastreamento em todo o local. O autor \u00e9 acusado de ser respons\u00e1vel por pelo menos cinco roubos de motocicleta a m\u00e3o armada na cidade de Vila Val\u00e9rio no Espirito Santo.<br \/>\n<\/br><\/p>\n<h4><strong>Mulher de 31 anos \u00e9 encontrada morta em Marli\u00e9ria<\/strong><\/h4>\n<p>O corpo de uma mulher de 31 anos foi encontrada morta na tarde de segunda-feira, 21 de outubro, no distrito de Cava Grande, no munic\u00edpio de Marli\u00e9ria. De acordo com a Pol\u00edcia Militar, o corpo foi localizado no interior de uma mata, a cerca de 300 metros da via urbana. <\/p>\n<p>A v\u00edtima identificara por um familiar, como sendo Rozilane Maciel Moreira, fazia uso de rem\u00e9dios controlados e era usu\u00e1ria de bebida alco\u00f3lica. Populares relataram que a teria visto durante a manh\u00e3, transitando pelo distrito.<\/p>\n<p>A per\u00edcia t\u00e9cnica da Pol\u00edcia Civil foi acionada, mas devido a precariedade do local, n\u00e3o foi poss\u00edvel confirmar a causa da morte. O corpo foi removido do local e encaminhado para o Instituto M\u00e9dico Legal de Ipatinga para exames posteriores e confirma\u00e7\u00e3o da causa da morte.<\/p>\n","protected":false},"excerpt":{"rendered":"<p>Adolescente de 13 anos \u00e9 suspeito de abusar da irm\u00e3 de 7 anos em Valadares Um adolescente de 13 anos foi denunciado pelos pais \u00e0 Pol\u00edcia Militar por suposto estupro de vulner\u00e1vel, na noite dessa ter\u00e7a-feira (21), em Governador Valadares (MG). Segundo a pol\u00edcia, o jovem teria tocado a irm\u00e3 dele, de 7 anos. Ainda [&hellip;]<\/p>\n","protected":false},"author":1,"featured_media":42404,"comment_status":"open","ping_status":"closed","sticky":false,"template":"","format":"standard","meta":{"amp_status":"","footnotes":""},"categories":[122],"tags":[19984,19983,19878,19875,19980,1524,19979,293,247,19876,19981,19880,19982,296,19881,19877,1742,19882,19887,19886,19879,19890,1806,19889,19885,19892,19891,19888,164,1105,19884,19883],"class_list":["post-42889","post","type-post","status-publish","format-standard","has-post-thumbnail","hentry","category-mucuri","tag-adolescente-de-13-anos-e-suspeito-de-abusar-da-irma-de-7-anos-em-governador-valadares","tag-adolescente-de-13-anos-e-suspeito-de-abusar-da-irma-de-7-anos-em-valadares","tag-andre-luiz-de-oliveira","tag-apreensao-de-arma-de-fogo-no-bairro-novo-tempo-em-timoteo","tag-central-de-santa-helena","tag-coronel-fabriciano","tag-dois-amigos-de-28-e-34-anos-morrem-afogados-em-corrego-de-goiabeira","tag-goiabeira","tag-governador-valadares","tag-homem-e-baleado-no-bairro-jk-em-coronel-fabriciano","tag-homem-e-resgatado-de-cisterna-em-central-de-santa-helena","tag-homem-usa-arma-para-se-exibir-e-acaba-baleado-em-inhapim","tag-homens-bebem-e-morrem-afogados-em-um-corrego-no-municipio-de-goiabeira","tag-inhapim","tag-jose-roberto-rodrigues-alves","tag-juliano-goncalves-liberato","tag-marlieria","tag-motocicleta-roubada-no-espirito-santo-e-recuperada-em-ouro-verde-de-minas","tag-mulher-de-31-anos-e-encontrada-morta-em-cava-grande","tag-mulher-de-31-anos-e-encontrada-morta-em-marlieria","tag-nilva-albina-da-silva","tag-ocorrencias-em-destaque-nos-vales-do-jequitinhonha-rio-doce-e-mucuri-22-de-outubro-de-2014","tag-ouro-verde-de-minas","tag-posto-de-combustiveis-e-assaltado-em-teofilo-otoni","tag-posto-de-combustiveis-e-assaltado-no-bairro-sao-cristovao-em-teofilo-otoni","tag-rapaz-tem-perna-e-braco-amputados-apos-acidente-proximo-a-governador-valadares","tag-rapaz-tem-perna-e-braco-amputados-apos-acidente-proximo-a-valadares","tag-rozilane-maciel-moreira","tag-teofilo-otoni","tag-timoteo","tag-vila-valerio","tag-vitor-pena-lima"],"_links":{"self":[{"href":"https:\/\/aconteceunovale.com.br\/portal\/index.php?rest_route=\/wp\/v2\/posts\/42889","targetHints":{"allow":["GET"]}}],"collection":[{"href":"https:\/\/aconteceunovale.com.br\/portal\/index.php?rest_route=\/wp\/v2\/posts"}],"about":[{"href":"https:\/\/aconteceunovale.com.br\/portal\/index.php?rest_route=\/wp\/v2\/types\/post"}],"author":[{"embeddable":true,"href":"https:\/\/aconteceunovale.com.br\/portal\/index.php?rest_route=\/wp\/v2\/users\/1"}],"replies":[{"embeddable":true,"href":"https:\/\/aconteceunovale.com.br\/portal\/index.php?rest_route=%2Fwp%2Fv2%2Fcomments&post=42889"}],"version-history":[{"count":0,"href":"https:\/\/aconteceunovale.com.br\/portal\/index.php?rest_route=\/wp\/v2\/posts\/42889\/revisions"}],"wp:featuredmedia":[{"embeddable":true,"href":"https:\/\/aconteceunovale.com.br\/portal\/index.php?rest_route=\/wp\/v2\/media\/42404"}],"wp:attachment":[{"href":"https:\/\/aconteceunovale.com.br\/portal\/index.php?rest_route=%2Fwp%2Fv2%2Fmedia&parent=42889"}],"wp:term":[{"taxonomy":"category","embeddable":true,"href":"https:\/\/aconteceunovale.com.br\/portal\/index.php?rest_route=%2Fwp%2Fv2%2Fcategories&post=42889"},{"taxonomy":"post_tag","embeddable":true,"href":"https:\/\/aconteceunovale.com.br\/portal\/index.php?rest_route=%2Fwp%2Fv2%2Ftags&post=42889"}],"curies":[{"name":"wp","href":"https:\/\/api.w.org\/{rel}","templated":true}]}}