{"id":42882,"date":"2014-10-22T08:40:39","date_gmt":"2014-10-22T11:40:39","guid":{"rendered":"http:\/\/aconteceunovale.com.br\/portal\/?p=42882"},"modified":"2014-10-22T08:43:32","modified_gmt":"2014-10-22T11:43:32","slug":"caminhao-explode-apos-acidente-e-motorista-morre-carbonizado-na-br-251","status":"publish","type":"post","link":"https:\/\/aconteceunovale.com.br\/portal\/?p=42882","title":{"rendered":"Caminh\u00e3o explode ap\u00f3s acidente e motorista morre carbonizado na BR-251"},"content":{"rendered":"<h4><strong><em>Caminh\u00e3o explodiu ap\u00f3s bater em outro caminh\u00e3o. Em outro acidente, motorista n\u00e3o conseguiu frear e bateu na traseira de carreta.<\/em><\/strong><\/h4>\n<p>O motorista de uma carreta, que transportava material de constru\u00e7\u00e3o, morreu carbonizado em um acidente na noite de ter\u00e7a, 21 de outubro, na BR-251, pr\u00f3ximo a Francisco S\u00e1. O ve\u00edculo em que ele estava bateu em outro caminh\u00e3o. Ap\u00f3s a colis\u00e3o, houve uma explos\u00e3o. Os dois ve\u00edculos ficaram destru\u00eddos, algumas pe\u00e7as foram arremessadas a metros de dist\u00e2ncia.<\/p>\n<p><img decoding=\"async\" src=\"http:\/\/aconteceunovale.com.br\/portal\/wp-content\/uploads\/2014\/10\/acidente_251_21_1.jpg\" alt=\"\" \/><em>Caminh\u00f5es explodiram ap\u00f3s acidente &#8211; Foto: Divulga\u00e7\u00e3o \/ Pol\u00edcia Rodovi\u00e1ria Federal<\/em><br \/>\n<\/br><\/p>\n<p>Segundo a Pol\u00edcia Rodovi\u00e1ria Federal, o acidente aconteceu quando o tr\u00e2nsito na via estava parcialmente parado ap\u00f3s outra ocorr\u00eancia. O motorista da carreta, que descia a serra, n\u00e3o conseguiu frear e bateu de frente com o caminh\u00e3o carregado de alimentos. O condutor conseguiu escapar do fogo saltando do ve\u00edculo. Ele foi socorrido pelo Samu com escoria\u00e7\u00f5es no rosto e, ap\u00f3s receber atendimento em um hospital, foi liberado.<\/p>\n<p>O tr\u00e2nsito no local ficou interrompido nos dois sentidos e foi liberado ap\u00f3s cinco horas. O Corpo de Bombeiros esteve no local para apagar as chamas.<\/p>\n<h4>Outro acidente<\/h4>\n<p>Outro acidente foi registrado a poucos quil\u00f4metros do local onde o caminhoneiro morreu. O motorista de um caminh\u00e3o teve que reduzir a velocidade para n\u00e3o bater em dois outros caminh\u00f5es, que estavam tentando ultrapass\u00e1-lo. O condutor de um carro que seguia atr\u00e1s n\u00e3o conseguiu frear e acabou batendo. O ve\u00edculo foi parar debaixo da carreta.<\/p>\n<p>O motorista do carro foi socorrido pelo Samu e levado para um hospital da cidade, j\u00e1 o do caminh\u00e3o n\u00e3o teve ferimentos.<\/p>\n<p><img decoding=\"async\" src=\"http:\/\/aconteceunovale.com.br\/portal\/wp-content\/uploads\/2014\/10\/acidente_251_21_2.jpg\" alt=\"\" \/><em>Carro foi parar embaixo de caminh\u00e3o &#8211; Foto: Divulga\u00e7\u00e3o \/ Pol\u00edcia Rodovi\u00e1ria Federal<\/em><br \/>\n<\/br><\/p>\n<p><em><strong>(Inter TV Grande Minas)<\/strong><\/em><\/p>\n","protected":false},"excerpt":{"rendered":"<p>Caminh\u00e3o explodiu ap\u00f3s bater em outro caminh\u00e3o. Em outro acidente, motorista n\u00e3o conseguiu frear e bateu na traseira de carreta. O motorista de uma carreta, que transportava material de constru\u00e7\u00e3o, morreu carbonizado em um acidente na noite de ter\u00e7a, 21 de outubro, na BR-251, pr\u00f3ximo a Francisco S\u00e1. O ve\u00edculo em que ele estava bateu [&hellip;]<\/p>\n","protected":false},"author":1,"featured_media":42883,"comment_status":"open","ping_status":"closed","sticky":false,"template":"","format":"standard","meta":{"amp_status":"","footnotes":""},"categories":[1236],"tags":[1396,19873,19874,1395],"class_list":["post-42882","post","type-post","status-publish","format-standard","has-post-thumbnail","hentry","category-norte_de_minas","tag-acidente-na-br-251","tag-caminhao-explode-apos-acidente-e-motorista-morre-carbonizado-na-br-251","tag-caminhao-explode-na-br-251","tag-francisco-sa"],"_links":{"self":[{"href":"https:\/\/aconteceunovale.com.br\/portal\/index.php?rest_route=\/wp\/v2\/posts\/42882","targetHints":{"allow":["GET"]}}],"collection":[{"href":"https:\/\/aconteceunovale.com.br\/portal\/index.php?rest_route=\/wp\/v2\/posts"}],"about":[{"href":"https:\/\/aconteceunovale.com.br\/portal\/index.php?rest_route=\/wp\/v2\/types\/post"}],"author":[{"embeddable":true,"href":"https:\/\/aconteceunovale.com.br\/portal\/index.php?rest_route=\/wp\/v2\/users\/1"}],"replies":[{"embeddable":true,"href":"https:\/\/aconteceunovale.com.br\/portal\/index.php?rest_route=%2Fwp%2Fv2%2Fcomments&post=42882"}],"version-history":[{"count":0,"href":"https:\/\/aconteceunovale.com.br\/portal\/index.php?rest_route=\/wp\/v2\/posts\/42882\/revisions"}],"wp:featuredmedia":[{"embeddable":true,"href":"https:\/\/aconteceunovale.com.br\/portal\/index.php?rest_route=\/wp\/v2\/media\/42883"}],"wp:attachment":[{"href":"https:\/\/aconteceunovale.com.br\/portal\/index.php?rest_route=%2Fwp%2Fv2%2Fmedia&parent=42882"}],"wp:term":[{"taxonomy":"category","embeddable":true,"href":"https:\/\/aconteceunovale.com.br\/portal\/index.php?rest_route=%2Fwp%2Fv2%2Fcategories&post=42882"},{"taxonomy":"post_tag","embeddable":true,"href":"https:\/\/aconteceunovale.com.br\/portal\/index.php?rest_route=%2Fwp%2Fv2%2Ftags&post=42882"}],"curies":[{"name":"wp","href":"https:\/\/api.w.org\/{rel}","templated":true}]}}