{"id":42633,"date":"2014-10-19T18:24:54","date_gmt":"2014-10-19T21:24:54","guid":{"rendered":"http:\/\/aconteceunovale.com.br\/portal\/?p=42633"},"modified":"2014-10-19T18:24:54","modified_gmt":"2014-10-19T21:24:54","slug":"homem-reage-a-assalto-e-e-executado-a-tiros-em-montes-claros","status":"publish","type":"post","link":"https:\/\/aconteceunovale.com.br\/portal\/?p=42633","title":{"rendered":"Homem reage a assalto e \u00e9 executado a tiros em Montes Claros"},"content":{"rendered":"<h4><em><strong>V\u00edtima morreu na porta de casa e na frente da mulher. Suspeito fugiu e, at\u00e9 o momento, n\u00e3o foi localizado<\/strong><\/em><\/h4>\n<p>Um homem de 46 anos foi executado ao reagir a um assalto no fim da noite desse s\u00e1bado (18), em Montes Claros, no Norte de Minas Gerais. At\u00e9 o momento, o suspeito n\u00e3o foi preso.<\/p>\n<p>A mulher da v\u00edtima, contou \u00e0 Pol\u00edcia Militar que ela e o marido voltavam para casa quando foram abordados por um homem, usando capacete e chinelos, que, armado, anunciou o assalto. O suspeito ordenou que o casal entregasse a chave da moto deles, chegando a apontar a arma para a cabe\u00e7a da mulher de 43 anos. <\/p>\n<p>A v\u00edtima Adair Pereira de Brito, 46, falou ao bandido que teria pegar a chave na casa, na rua Brasil, no bairro Doutor Jo\u00e3o Alves, e aproveitando de uma distra\u00e7\u00e3o do criminosos, reagiu ao assalto e os dois come\u00e7aram a brigar. Nesse momento, o suspeito atirou.<\/p>\n<p>Uma equipe do Servi\u00e7o de Atendimento M\u00f3vel de Urg\u00eancia (Samu) esteve no local e constatou o \u00f3bito. Segundo a per\u00edcia, Brito foi atingido por quatro tiros, sendo um no pesco\u00e7o, um na testa, um na nuca e um nas costas. O autor fugiu sem levar nada e, at\u00e9 o momento, n\u00e3o foi localizado.<\/p>\n<p><em>(O Tempo)<\/em><\/p>\n","protected":false},"excerpt":{"rendered":"<p>V\u00edtima morreu na porta de casa e na frente da mulher. Suspeito fugiu e, at\u00e9 o momento, n\u00e3o foi localizado Um homem de 46 anos foi executado ao reagir a um assalto no fim da noite desse s\u00e1bado (18), em Montes Claros, no Norte de Minas Gerais. At\u00e9 o momento, o suspeito n\u00e3o foi preso. [&hellip;]<\/p>\n","protected":false},"author":1,"featured_media":19256,"comment_status":"open","ping_status":"closed","sticky":false,"template":"","format":"standard","meta":{"amp_status":"","footnotes":""},"categories":[1236],"tags":[19521,19520,210],"class_list":["post-42633","post","type-post","status-publish","format-standard","has-post-thumbnail","hentry","category-norte_de_minas","tag-adair-pereira-de-brito","tag-homem-reage-a-assalto-e-e-executado-a-tiros-em-montes-claros","tag-montes-claros"],"_links":{"self":[{"href":"https:\/\/aconteceunovale.com.br\/portal\/index.php?rest_route=\/wp\/v2\/posts\/42633","targetHints":{"allow":["GET"]}}],"collection":[{"href":"https:\/\/aconteceunovale.com.br\/portal\/index.php?rest_route=\/wp\/v2\/posts"}],"about":[{"href":"https:\/\/aconteceunovale.com.br\/portal\/index.php?rest_route=\/wp\/v2\/types\/post"}],"author":[{"embeddable":true,"href":"https:\/\/aconteceunovale.com.br\/portal\/index.php?rest_route=\/wp\/v2\/users\/1"}],"replies":[{"embeddable":true,"href":"https:\/\/aconteceunovale.com.br\/portal\/index.php?rest_route=%2Fwp%2Fv2%2Fcomments&post=42633"}],"version-history":[{"count":0,"href":"https:\/\/aconteceunovale.com.br\/portal\/index.php?rest_route=\/wp\/v2\/posts\/42633\/revisions"}],"wp:featuredmedia":[{"embeddable":true,"href":"https:\/\/aconteceunovale.com.br\/portal\/index.php?rest_route=\/wp\/v2\/media\/19256"}],"wp:attachment":[{"href":"https:\/\/aconteceunovale.com.br\/portal\/index.php?rest_route=%2Fwp%2Fv2%2Fmedia&parent=42633"}],"wp:term":[{"taxonomy":"category","embeddable":true,"href":"https:\/\/aconteceunovale.com.br\/portal\/index.php?rest_route=%2Fwp%2Fv2%2Fcategories&post=42633"},{"taxonomy":"post_tag","embeddable":true,"href":"https:\/\/aconteceunovale.com.br\/portal\/index.php?rest_route=%2Fwp%2Fv2%2Ftags&post=42633"}],"curies":[{"name":"wp","href":"https:\/\/api.w.org\/{rel}","templated":true}]}}