{"id":42600,"date":"2014-10-19T11:59:59","date_gmt":"2014-10-19T14:59:59","guid":{"rendered":"http:\/\/aconteceunovale.com.br\/portal\/?p=42600"},"modified":"2014-10-19T20:08:31","modified_gmt":"2014-10-19T23:08:31","slug":"magreza-de-padre-marcelo-rossi-choca-internautas","status":"publish","type":"post","link":"https:\/\/aconteceunovale.com.br\/portal\/?p=42600","title":{"rendered":"Magreza de Padre Marcelo Rossi choca internautas"},"content":{"rendered":"<h4><strong><em>Nos \u00faltimos dias, uma foto postada nas redes sociais por um fiel de Padre Marcelo Rossi assustou muita gente. Na imagem, Pe. Marcelo aparece muitos quilos mais magro e abatido, nos bastidores da festa do C\u00edrio de Nazar\u00e9, em Bel\u00e9m do Par\u00e1<\/em><\/strong><\/h4>\n<p>Nos \u00faltimos dias, uma foto postada nas redes sociais por um fiel de Padre Marcelo Rossi assustou muita gente. Na imagem, Pe. Marcelo aparece muitos quilos mais magro e abatido, nos bastidores da festa do C\u00edrio de Nazar\u00e9, em Bel\u00e9m do Par\u00e1.   <\/p>\n<p>O evento aconteceu no \u00faltimo final de semana e bastou a foto cair na rede para que muitas pessoas come\u00e7assem a pedir ora\u00e7\u00f5es ao padre.<\/p>\n<p><img decoding=\"async\" src=\"http:\/\/aconteceunovale.com.br\/portal\/wp-content\/uploads\/2014\/10\/padre_marcelo_rossi.jpg\" alt=\"\" \/><em>Magreza do Padre Marcelo Rossi choca internautas &#8211; Foto: Reprodu\u00e7\u00e3o<\/em><br \/>\n<\/br><\/p>\n<p>Em seu programa A Tarde \u00e9 Sua, da Rede TV!, desta sexta-feira (17), Sonia Abr\u00e3o falou sobre o assunto, citando uma mat\u00e9ria registrada em um dos jornais locais.   <\/p>\n<p>\u201cBastante magro, Padre Marcelo fez uma apari\u00e7\u00e3o em Bel\u00e9m, participou dia 10 , no C\u00edrio de Nazar\u00e9, em Bel\u00e9m. Na pagina oficial do evento, foram publicadas muitas fotos do padre com seus fi\u00e9is, onde ele aparece bastante magro e logo que caiu na rede, os internautas comentaram sobre sua sa\u00fade\u201d.<\/p>\n<p>Sonia citou o fato de Padre Marcelo sofrer de depress\u00e3o, por\u00e9m, seguir sua miss\u00e3o por todos os cantos do pa\u00eds, sem parar.   <\/p>\n<p>\u201cEle emagreceu em 3 anos, mais ou menos, de 35 a 40kg. Todos sabem, ele mesmo j\u00e1 falou, que ele sofre de depress\u00e3o, mas mesmo assim, ele \u00e9 forte e continua fazendo suas obriga\u00e7\u00f5es. Com sua f\u00e9 ele vai adiante, cumpre sua agenda de f\u00e9 e est\u00e1 prestes a lan\u00e7ar mais um DVD\u201d, falou Sonia, acalmando os fi\u00e9is do padre. <\/p>\n<p>Em dezembro do ano passado, Padre Marcelo deu uma entrevista ao Fant\u00e1stico, da Globo, onde falou sobre sua depress\u00e3o, dieta maluca e anorexia. <\/p>\n<p>Na \u00e9poca, depois de confessar ter engordado cerca de 35 a 40 quilos nos \u00faltimos anos, Padre Marcelo disse que buscou uma dieta nada bacana, ap\u00f3s escutar dos pr\u00f3prios fi\u00e9is que ele estava um pouco acima do peso.<\/p>\n<p>&#8220;Era s\u00f3 alface e hamb\u00farguer. Imagina seis meses fazendo isso. Eu sou um desses loucos que caiu nessas dietas malucas. Infelizmente exagerei. As pessoas falavam que estava muito magro, e eu n\u00e3o acreditava&#8221;, disse \u00e0 atra\u00e7\u00e3o.<\/p>\n<p><em>(Com Ag\u00eancias)<\/em><\/p>\n","protected":false},"excerpt":{"rendered":"<p>Nos \u00faltimos dias, uma foto postada nas redes sociais por um fiel de Padre Marcelo Rossi assustou muita gente. Na imagem, Pe. Marcelo aparece muitos quilos mais magro e abatido, nos bastidores da festa do C\u00edrio de Nazar\u00e9, em Bel\u00e9m do Par\u00e1 Nos \u00faltimos dias, uma foto postada nas redes sociais por um fiel de [&hellip;]<\/p>\n","protected":false},"author":1,"featured_media":42601,"comment_status":"open","ping_status":"closed","sticky":false,"template":"","format":"standard","meta":{"amp_status":"","footnotes":""},"categories":[6],"tags":[19466,19467,1018,19566,19464,19462,19468,19463,19465,19568,19470,19567,19469],"class_list":["post-42600","post","type-post","status-publish","format-standard","has-post-thumbnail","hentry","category-br","tag-bastidores-da-festa-do-cirio-de-nazare","tag-belem-do-para","tag-destaque","tag-doenca-do-padre-marcelo-rossi","tag-estado-de-saude-de-padre-marcelo-rossi","tag-foto-de-padre-marcelo-rossi-assustou-muita-gente","tag-magreza-de-padre-marcelo-rossi-choca-internautas","tag-padre-marcelo-rossi","tag-padre-marcelo-rossi-esta-em-depressao","tag-porque-o-padre-marcelo-rossi-emagreceu","tag-porque-o-padre-marcelo-rossi-esta-magro","tag-qual-e-a-doenca-do-padre-marcelo-rossi","tag-saude-do-padre-marcelo-rossi"],"_links":{"self":[{"href":"https:\/\/aconteceunovale.com.br\/portal\/index.php?rest_route=\/wp\/v2\/posts\/42600","targetHints":{"allow":["GET"]}}],"collection":[{"href":"https:\/\/aconteceunovale.com.br\/portal\/index.php?rest_route=\/wp\/v2\/posts"}],"about":[{"href":"https:\/\/aconteceunovale.com.br\/portal\/index.php?rest_route=\/wp\/v2\/types\/post"}],"author":[{"embeddable":true,"href":"https:\/\/aconteceunovale.com.br\/portal\/index.php?rest_route=\/wp\/v2\/users\/1"}],"replies":[{"embeddable":true,"href":"https:\/\/aconteceunovale.com.br\/portal\/index.php?rest_route=%2Fwp%2Fv2%2Fcomments&post=42600"}],"version-history":[{"count":0,"href":"https:\/\/aconteceunovale.com.br\/portal\/index.php?rest_route=\/wp\/v2\/posts\/42600\/revisions"}],"wp:featuredmedia":[{"embeddable":true,"href":"https:\/\/aconteceunovale.com.br\/portal\/index.php?rest_route=\/wp\/v2\/media\/42601"}],"wp:attachment":[{"href":"https:\/\/aconteceunovale.com.br\/portal\/index.php?rest_route=%2Fwp%2Fv2%2Fmedia&parent=42600"}],"wp:term":[{"taxonomy":"category","embeddable":true,"href":"https:\/\/aconteceunovale.com.br\/portal\/index.php?rest_route=%2Fwp%2Fv2%2Fcategories&post=42600"},{"taxonomy":"post_tag","embeddable":true,"href":"https:\/\/aconteceunovale.com.br\/portal\/index.php?rest_route=%2Fwp%2Fv2%2Ftags&post=42600"}],"curies":[{"name":"wp","href":"https:\/\/api.w.org\/{rel}","templated":true}]}}