{"id":42597,"date":"2014-10-19T11:31:30","date_gmt":"2014-10-19T14:31:30","guid":{"rendered":"http:\/\/aconteceunovale.com.br\/portal\/?p=42597"},"modified":"2014-10-19T11:31:30","modified_gmt":"2014-10-19T14:31:30","slug":"motociclista-morre-em-acidente-na-rodovia-entre-santa-maria-do-suacui-e-jose-raydan","status":"publish","type":"post","link":"https:\/\/aconteceunovale.com.br\/portal\/?p=42597","title":{"rendered":"Motociclista morre em acidente na rodovia entre Santa Maria do Sua\u00e7u\u00ed e Jos\u00e9 Raydan"},"content":{"rendered":"<h4><em><strong>Quatro ocupantes do carro ficaram feridos. Acidente aconteceu durante uma ultrapassagem.<\/strong><\/em><\/h4>\n<p>Um acidente entre uma motocicleta e um carro deixou uma pessoa morta e quatro feridas no fim da tarde de s\u00e1bado, 18 de outubro, na MGC-120, entre os munic\u00edpios de Santa Maria do Sua\u00e7u\u00ed e Jos\u00e9 Raydan, no Vale do Rio Doce.<\/p>\n<p>De acordo com informa\u00e7\u00f5es, o condutor do ve\u00edculo de passeio, placas de Jos\u00e9 Raydan, tentou uma ultrapassagem a um caminh\u00e3o e deparou com a motocicleta, vindo a colidir frontalmente. Com o impacto da batida, o motociclista de prenome Ant\u00f4nio, morador de uma fazenda no munic\u00edpio de Santa Maria do Sua\u00e7u\u00ed, n\u00e3o resistiu aos graves ferimentos e morreu no local.<\/p>\n<p>O carro era ocupado por quatro pessoas, sendo um casal e duas filhas. Todos sofreram ferimentos e foram encaminhados para atendimento m\u00e9dico. O estado de sa\u00fade deles n\u00e3o foi divulgado.<\/p>\n<p><img decoding=\"async\" src=\"http:\/\/aconteceunovale.com.br\/portal\/wp-content\/uploads\/2014\/10\/acidente_sms_jose_raydan.jpg\" alt=\"\" \/><em>O motociclista n\u00e3o resistiu aos ferimentos e morreu no local &#8211; Foto: Internauta\/WhatsApp<\/em><\/p>\n","protected":false},"excerpt":{"rendered":"<p>Quatro ocupantes do carro ficaram feridos. Acidente aconteceu durante uma ultrapassagem. Um acidente entre uma motocicleta e um carro deixou uma pessoa morta e quatro feridas no fim da tarde de s\u00e1bado, 18 de outubro, na MGC-120, entre os munic\u00edpios de Santa Maria do Sua\u00e7u\u00ed e Jos\u00e9 Raydan, no Vale do Rio Doce. De acordo [&hellip;]<\/p>\n","protected":false},"author":1,"featured_media":42598,"comment_status":"open","ping_status":"closed","sticky":false,"template":"","format":"standard","meta":{"amp_status":"","footnotes":""},"categories":[121],"tags":[19461,19459,19460,19455,19454,19456,19457,19458,16485,19453,1018,299,19452,240],"class_list":["post-42597","post","type-post","status-publish","format-standard","has-post-thumbnail","hentry","category-leste","tag-acidente-com-antonio-em-santa-maria-do-suacui","tag-acidente-com-carro-de-jose-raydan","tag-acidente-com-jose-faula","tag-acidente-em-santa-maria-do-suacui","tag-acidente-entre-santa-maria-do-suacui-e-jose-raydan","tag-acidente-na-br-120","tag-acidente-na-br-120-entre-santa-maria-do-suacui-e-jose-raydan","tag-acidente-na-mgc-120-entre-santa-maria-do-suacui-e-jose-raydan","tag-acidente-na-mgc-120","tag-acidente-na-rodovia-entre-santa-maria-do-suacui-e-jose-raydan","tag-destaque","tag-jose-raydan","tag-motociclista-morre-em-acidente-na-rodovia-entre-santa-maria-do-suacui-e-jose-raydan","tag-santa-maria-do-suacui"],"_links":{"self":[{"href":"https:\/\/aconteceunovale.com.br\/portal\/index.php?rest_route=\/wp\/v2\/posts\/42597","targetHints":{"allow":["GET"]}}],"collection":[{"href":"https:\/\/aconteceunovale.com.br\/portal\/index.php?rest_route=\/wp\/v2\/posts"}],"about":[{"href":"https:\/\/aconteceunovale.com.br\/portal\/index.php?rest_route=\/wp\/v2\/types\/post"}],"author":[{"embeddable":true,"href":"https:\/\/aconteceunovale.com.br\/portal\/index.php?rest_route=\/wp\/v2\/users\/1"}],"replies":[{"embeddable":true,"href":"https:\/\/aconteceunovale.com.br\/portal\/index.php?rest_route=%2Fwp%2Fv2%2Fcomments&post=42597"}],"version-history":[{"count":0,"href":"https:\/\/aconteceunovale.com.br\/portal\/index.php?rest_route=\/wp\/v2\/posts\/42597\/revisions"}],"wp:featuredmedia":[{"embeddable":true,"href":"https:\/\/aconteceunovale.com.br\/portal\/index.php?rest_route=\/wp\/v2\/media\/42598"}],"wp:attachment":[{"href":"https:\/\/aconteceunovale.com.br\/portal\/index.php?rest_route=%2Fwp%2Fv2%2Fmedia&parent=42597"}],"wp:term":[{"taxonomy":"category","embeddable":true,"href":"https:\/\/aconteceunovale.com.br\/portal\/index.php?rest_route=%2Fwp%2Fv2%2Fcategories&post=42597"},{"taxonomy":"post_tag","embeddable":true,"href":"https:\/\/aconteceunovale.com.br\/portal\/index.php?rest_route=%2Fwp%2Fv2%2Ftags&post=42597"}],"curies":[{"name":"wp","href":"https:\/\/api.w.org\/{rel}","templated":true}]}}