{"id":42565,"date":"2014-10-18T20:12:16","date_gmt":"2014-10-18T23:12:16","guid":{"rendered":"http:\/\/aconteceunovale.com.br\/portal\/?p=42565"},"modified":"2014-10-18T20:18:28","modified_gmt":"2014-10-18T23:18:28","slug":"governador-valadares-ultrapassa-a-marca-de-100-homicidios-em-2014","status":"publish","type":"post","link":"https:\/\/aconteceunovale.com.br\/portal\/?p=42565","title":{"rendered":"Governador Valadares ultrapassa a marca de 100 homic\u00eddios em 2014"},"content":{"rendered":"<p><em><\/p>\n<h4><strong>101\u00ba assassinato de 2014 foi registrado no bairro S\u00e3o Pedro. Moradores se sentem amea\u00e7ados pela onda de viol\u00eancia.<\/strong><\/h4>\n<p><\/em><\/p>\n<p>[image src=&#8221;http:\/\/aconteceunovale.com.br\/portal\/wp-content\/uploads\/2014\/10\/homicidio_gv1.jpg&#8221; width=&#8221;285&#8243; height=&#8221;323&#8243; lightbox=&#8221;yes&#8221; align=&#8221;left&#8221; float=&#8221;left&#8221;]A Pol\u00edcia de Governador Valadares, no Vale do Rio Doce, registrou o 101\u00ba caso de homic\u00eddio do ano 2014. Moradores vivem clima de tens\u00e3o e se sentem amea\u00e7ados pela a\u00e7\u00e3o de criminosos.<\/p>\n<p>A 101\u00aa v\u00edtima \u00e9 um rapaz de 25 anos, identificado como Lucas Ayres (foto), que foi alvejado por disparos de arma de fogo na noite de sexta-feira (17), na Rua Padre Sady Rabelo, no bairro S\u00e3o Geraldo. O rapaz chegou a ser socorrido e encaminhado para atendimento m\u00e9dico no Hospital Municipal, mas n\u00e3o resistiu aos ferimentos e morreu.<\/p>\n<p>O caso \u00e9 investigado pelas autoridades. A Pol\u00edcia Militar iniciou intenso rastreamento com intuito de localizar e prender o autor do crime, por\u00e9m sem \u00eaxito at\u00e9 o momento.<\/p>\n<h4>Viol\u00eancia assusta moradores<\/h4>\n<p>A onda de viol\u00eancia deixa moradores assustados. &#8220;Est\u00e1 ficando perigoso at\u00e9 sair na porta de casa aqui em Governador Valadares. O crime est\u00e1 tomando conta da nossa cidade, praticamente todos os dias vejo nos notici\u00e1rios casos de pessoas que morreram ou foram baleadas. A situa\u00e7\u00e3o est\u00e1 ficando feia!&#8221;, desabafou uma moradora do bairro Santa Rita.<\/p>\n<p>Um outro morador, do bairro S\u00e3o Pedro, onde Lucas Ayres foi morto neste s\u00e1bado, relaciona o aumento do \u00edndice de viol\u00eancia com a falta de leis mais severas. &#8220;O problema n\u00e3o \u00e9 s\u00f3 em Valadares. Em todo o estado de Minas Gerais e no Brasil de uma forma geral, a viol\u00eancia aumentou, principalmente nas \u00e1reas mais pobres. Eu acho que isso est\u00e1 relacionado diretamente com o aumento do tr\u00e1fico de drogas. A Pol\u00edcia at\u00e9 faz a parte dela, prende os traficantes, autores de homic\u00eddios, mas eles s\u00e3o beneficiados pelas leis, s\u00e3o presos, mas em pouco tempo est\u00e3o nas ruas novamente.&#8221;, disse a nossa reportagem.<\/p>\n","protected":false},"excerpt":{"rendered":"<p>101\u00ba assassinato de 2014 foi registrado no bairro S\u00e3o Pedro. Moradores se sentem amea\u00e7ados pela onda de viol\u00eancia. [image src=&#8221;http:\/\/aconteceunovale.com.br\/portal\/wp-content\/uploads\/2014\/10\/homicidio_gv1.jpg&#8221; width=&#8221;285&#8243; height=&#8221;323&#8243; lightbox=&#8221;yes&#8221; align=&#8221;left&#8221; float=&#8221;left&#8221;]A Pol\u00edcia de Governador Valadares, no Vale do Rio Doce, registrou o 101\u00ba caso de homic\u00eddio do ano 2014. Moradores vivem clima de tens\u00e3o e se sentem amea\u00e7ados pela a\u00e7\u00e3o de [&hellip;]<\/p>\n","protected":false},"author":1,"featured_media":42566,"comment_status":"open","ping_status":"closed","sticky":false,"template":"","format":"standard","meta":{"amp_status":"","footnotes":""},"categories":[121],"tags":[19429,247,19426,19428,8180,19430,19427],"class_list":["post-42565","post","type-post","status-publish","format-standard","has-post-thumbnail","hentry","category-leste","tag-assassinato-de-lucas-ayres","tag-governador-valadares","tag-governador-valadares-ultrapassa-a-marca-de-100-homicidios-em-2014","tag-homicidio-de-lucas-ayres","tag-homicidio-em-governador-valadares","tag-homicidio-no-bairro-sao-pedro-em-governador-valadares","tag-lucas-ayres"],"_links":{"self":[{"href":"https:\/\/aconteceunovale.com.br\/portal\/index.php?rest_route=\/wp\/v2\/posts\/42565","targetHints":{"allow":["GET"]}}],"collection":[{"href":"https:\/\/aconteceunovale.com.br\/portal\/index.php?rest_route=\/wp\/v2\/posts"}],"about":[{"href":"https:\/\/aconteceunovale.com.br\/portal\/index.php?rest_route=\/wp\/v2\/types\/post"}],"author":[{"embeddable":true,"href":"https:\/\/aconteceunovale.com.br\/portal\/index.php?rest_route=\/wp\/v2\/users\/1"}],"replies":[{"embeddable":true,"href":"https:\/\/aconteceunovale.com.br\/portal\/index.php?rest_route=%2Fwp%2Fv2%2Fcomments&post=42565"}],"version-history":[{"count":0,"href":"https:\/\/aconteceunovale.com.br\/portal\/index.php?rest_route=\/wp\/v2\/posts\/42565\/revisions"}],"wp:featuredmedia":[{"embeddable":true,"href":"https:\/\/aconteceunovale.com.br\/portal\/index.php?rest_route=\/wp\/v2\/media\/42566"}],"wp:attachment":[{"href":"https:\/\/aconteceunovale.com.br\/portal\/index.php?rest_route=%2Fwp%2Fv2%2Fmedia&parent=42565"}],"wp:term":[{"taxonomy":"category","embeddable":true,"href":"https:\/\/aconteceunovale.com.br\/portal\/index.php?rest_route=%2Fwp%2Fv2%2Fcategories&post=42565"},{"taxonomy":"post_tag","embeddable":true,"href":"https:\/\/aconteceunovale.com.br\/portal\/index.php?rest_route=%2Fwp%2Fv2%2Ftags&post=42565"}],"curies":[{"name":"wp","href":"https:\/\/api.w.org\/{rel}","templated":true}]}}