{"id":42553,"date":"2014-10-18T12:50:38","date_gmt":"2014-10-18T15:50:38","guid":{"rendered":"http:\/\/aconteceunovale.com.br\/portal\/?p=42553"},"modified":"2014-10-18T12:53:33","modified_gmt":"2014-10-18T15:53:33","slug":"relogios-devem-ser-adiantados-uma-hora-a-partir-da-0h-de-domingo","status":"publish","type":"post","link":"https:\/\/aconteceunovale.com.br\/portal\/?p=42553","title":{"rendered":"Hor\u00e1rio de ver\u00e3o come\u00e7a a partir da 0h de domingo nas regi\u00f5es Sul, Sudeste e Centro-Oeste do Brasil"},"content":{"rendered":"<p>A partir da 0h deste domingo (19) os moradores das regi\u00f5es Sul, Sudeste e Centro-Oeste dever\u00e3o adiantar seus rel\u00f3gios em uma hora. A edi\u00e7\u00e3o 2014\/2015 do hor\u00e1rio brasileiro de ver\u00e3o ter\u00e1 uma semana a mais, para n\u00e3o coincidir com o carnaval, e terminar\u00e1 no dia 22 de fevereiro do ano que vem.<\/p>\n<p>Segundo o Minist\u00e9rio de Minas e Energia, mesmo com uma dura\u00e7\u00e3o maior, a medida dever\u00e1 resultar em uma economia menor do que no ano passado. A estimativa \u00e9 que sejam poupados R$ 278 milh\u00f5es com gera\u00e7\u00e3o de energia t\u00e9rmica. Na edi\u00e7\u00e3o anterior a economia foi R$ 405 milh\u00f5es.<\/p>\n<p>O valor \u00e9 menor devido \u00e0 escassez de chuvas que elevou o uso da energia gerada pelas usinas t\u00e9rmicas. A estimativa \u00e9 reduzir 4,5% na demanda de energia no hor\u00e1rio de pico, entre as 18h e as 21h, o que representa 2.595 megawatts.<\/p>\n<p>Institu\u00eddo pela primeira vez em 1931, o hor\u00e1rio de ver\u00e3o \u00e9 adotado sempre nesta \u00e9poca do ano para aproveitar melhor a luminosidade natural do dia e reduzir o consumo de energia, que cresce naturalmente por causa do calor e do aumento da produ\u00e7\u00e3o industrial \u00e0s v\u00e9speras do Natal.<\/p>\n<p>Com a mudan\u00e7a de hor\u00e1rio \u00e9 poss\u00edvel reduzir a demanda por energia no per\u00edodo de suprimento mais cr\u00edtico do dia, entre as 18h e as 21h, quando a coincid\u00eancia da utiliza\u00e7\u00e3o de energia el\u00e9trica por toda a popula\u00e7\u00e3o provoca um pico de consumo. Com a redu\u00e7\u00e3o, o uso de energia gerada por termel\u00e9tricas pode ser evitado, reduzindo o custo da gera\u00e7\u00e3o de eletricidade.<\/p>\n<p>O hor\u00e1rio de ver\u00e3o s\u00f3 \u00e9 aplicado nas regi\u00f5es Sul, Sudeste e Centro-Oeste, porque nesses estados o consumo \u00e9 maior e \u00e9 onde os melhores resultados s\u00e3o alcan\u00e7ados. A aplica\u00e7\u00e3o no Norte e no Nordeste n\u00e3o foi recomendada, porque teria poucos benef\u00edcios em termos de economia de energia. Segundo o Minist\u00e9rio de Minas e Energia, o aproveitamento da luz natural ao longo do dia no ver\u00e3o \u00e9 maior em locais mais pr\u00f3ximos aos tr\u00f3picos. Nos locais mais pr\u00f3ximos \u00e0 Linha do Equador o aproveitamento \u00e9 reduzido, porque h\u00e1 uma menor intensifica\u00e7\u00e3o da luz natural ao longo do dia.<\/p>\n<p><em>(Ag\u00eancia Brasil)<\/em><\/p>\n","protected":false},"excerpt":{"rendered":"<p>A partir da 0h deste domingo (19) os moradores das regi\u00f5es Sul, Sudeste e Centro-Oeste dever\u00e3o adiantar seus rel\u00f3gios em uma hora. A edi\u00e7\u00e3o 2014\/2015 do hor\u00e1rio brasileiro de ver\u00e3o ter\u00e1 uma semana a mais, para n\u00e3o coincidir com o carnaval, e terminar\u00e1 no dia 22 de fevereiro do ano que vem. Segundo o Minist\u00e9rio [&hellip;]<\/p>\n","protected":false},"author":1,"featured_media":41061,"comment_status":"open","ping_status":"closed","sticky":false,"template":"","format":"standard","meta":{"amp_status":"","footnotes":""},"categories":[6],"tags":[345,19421,19422,19419,19420],"class_list":["post-42553","post","type-post","status-publish","format-standard","has-post-thumbnail","hentry","category-br","tag-horario-de-verao","tag-horario-de-verao-comeca-a-partir-da-0h-de-domingo-na-regiao-sul-sudeste-e-centro-oeste-do-brasil","tag-horario-de-verao-comeca-a-partir-da-0h-de-domingo-nas-regioes-sul-sudeste-e-centro-oeste-do-brasil","tag-mme","tag-relogios-devem-ser-adiantados-uma-hora-a-partir-da-0h-de-domingo"],"_links":{"self":[{"href":"https:\/\/aconteceunovale.com.br\/portal\/index.php?rest_route=\/wp\/v2\/posts\/42553","targetHints":{"allow":["GET"]}}],"collection":[{"href":"https:\/\/aconteceunovale.com.br\/portal\/index.php?rest_route=\/wp\/v2\/posts"}],"about":[{"href":"https:\/\/aconteceunovale.com.br\/portal\/index.php?rest_route=\/wp\/v2\/types\/post"}],"author":[{"embeddable":true,"href":"https:\/\/aconteceunovale.com.br\/portal\/index.php?rest_route=\/wp\/v2\/users\/1"}],"replies":[{"embeddable":true,"href":"https:\/\/aconteceunovale.com.br\/portal\/index.php?rest_route=%2Fwp%2Fv2%2Fcomments&post=42553"}],"version-history":[{"count":0,"href":"https:\/\/aconteceunovale.com.br\/portal\/index.php?rest_route=\/wp\/v2\/posts\/42553\/revisions"}],"wp:featuredmedia":[{"embeddable":true,"href":"https:\/\/aconteceunovale.com.br\/portal\/index.php?rest_route=\/wp\/v2\/media\/41061"}],"wp:attachment":[{"href":"https:\/\/aconteceunovale.com.br\/portal\/index.php?rest_route=%2Fwp%2Fv2%2Fmedia&parent=42553"}],"wp:term":[{"taxonomy":"category","embeddable":true,"href":"https:\/\/aconteceunovale.com.br\/portal\/index.php?rest_route=%2Fwp%2Fv2%2Fcategories&post=42553"},{"taxonomy":"post_tag","embeddable":true,"href":"https:\/\/aconteceunovale.com.br\/portal\/index.php?rest_route=%2Fwp%2Fv2%2Ftags&post=42553"}],"curies":[{"name":"wp","href":"https:\/\/api.w.org\/{rel}","templated":true}]}}