{"id":42537,"date":"2014-10-18T12:09:29","date_gmt":"2014-10-18T15:09:29","guid":{"rendered":"http:\/\/aconteceunovale.com.br\/portal\/?p=42537"},"modified":"2014-10-18T12:11:15","modified_gmt":"2014-10-18T15:11:15","slug":"ocorrencias-em-destaque-nos-vales-do-jequitinhonha-rio-doce-e-mucuri-18-de-outubro-de-2014","status":"publish","type":"post","link":"https:\/\/aconteceunovale.com.br\/portal\/?p=42537","title":{"rendered":"Ocorr\u00eancias em destaque nos Vales do Jequitinhonha, Rio Doce e Mucuri &#8211; 18 de outubro de 2014"},"content":{"rendered":"<h4><strong>Adolescente \u00e9 apreendido com maconha e arma de fogo em Jequitinhonha<\/strong><\/h4>\n<p>Um adolescente de 16 anos foi detido na manh\u00e3 de sexta-feira, 17 de outubro, suspeito de tr\u00e1fico de drogas, na cidade de Jequitinhonha, no Vale do Jequitinhonha. De acordo com a Pol\u00edcia Militar, uma arma de fogo tamb\u00e9m foi encontrada com o menor.<\/p>\n<p>Ainda segundo a PM, por volta das 9h30, ap\u00f3s den\u00fancia via 190, uma guarni\u00e7\u00e3o compareceu no bairro Santa Luzia, onde foi localizado o menor infrator J.C.C e ap\u00f3s busca pessoal, os militares encontraram um revolver calibre 32 municiado com seis muni\u00e7\u00f5es intactas, 30 buchas de maconha e a quantia de R$ 8 em dinheiro.<\/p>\n<p>Diante dos fatos, o autor foi conduzido ao hospital local e posteriormente a Delegacia para demais provid\u00eancias. O menor n\u00e3o quis revelar onde adquiriu a arma e a droga.<br \/>\n<\/br><\/p>\n<h4><strong>Indiv\u00edduos agridem e roubam R$ 580 de v\u00edtima em Almenara<\/strong><\/h4>\n<p>Um homem de 25 anos foi assaltado na noite de sexta-feira, 17 de outubro, no Bairro Prado, em Almenara, no Vale do Jequitinhonha. De acordo com a Pol\u00edcia Militar, a v\u00edtima relatou que deslocou de sua resid\u00eancia at\u00e9 um bar para comprar um refrigerante e que durante o trajeto foi surpreendido por dois indiv\u00edduos, que o agrediu com v\u00e1rios socos e ponta p\u00e9s, vindo a jog\u00e1-lo ao solo.<\/p>\n<p>Os criminosos fugiram levando uma carteira contendo documentos pessoais e a quantia de R$ 580,00 em dinheiro e um aparelho de telefone celular. A v\u00edtima acompanhou os autores at\u00e9 na regi\u00e3o do bairro S\u00e3o Pedro, onde encontrou sua carteira com os documentos, por\u00e9m o dinheiro foi roubado.<\/p>\n<p>Ainda segundo a PM, uma outra v\u00edtima, que encontrou sua bicicleta furtada no mesmo local onde a carteira foi encontrada informou aos policiais os nomes de dois suspeitos. Os militares realizaram intenso rastreamento, mas n\u00e3o obtiveram \u00eaxito na localiza\u00e7\u00e3o dos prov\u00e1veis autores.<br \/>\n<\/br><\/p>\n<h4><strong>Adolescente de 14 anos desaparece em Almenara<\/strong><\/h4>\n<p>Uma mulher procurou a Pol\u00edcia Militar na noite de sexta-feira, 17 de outubro, para relatar o desaparecimento de sua filha Leandra Barbosa Santos, de 14 anos. De acordo com o registro de ocorr\u00eancia, a m\u00e3e da jovem relatou que ela teria sa\u00eddo de casa por volta das 16 horas e at\u00e9 as 22 horas n\u00e3o teria retornado.<\/p>\n<p>Ainda segundo a m\u00e3e, em data anterior, a filha tentou viajar para Belo Horizonte na companhia de um menor de 15 anos que j\u00e1 possui v\u00e1rias passagens pela pol\u00edcia. A adolescente possui olhos castanhos, cabelos lisos, aproximadamente 1,50m de altura e n\u00e3o possui tatuagem ou cicatriz. <\/p>\n<p>A Pol\u00edcia Militar realizou intenso rastreamento, por\u00e9m a menor n\u00e3o foi localizada.<br \/>\n<\/br><\/p>\n<h4><strong>Jovens s\u00e3o assaltados no bairro S\u00e3o Pedro em Almenara<\/strong><\/h4>\n<p>Dois jovens de 16 e 21 anos foram assaltados na noite de quinta-feira, 16 de outubro, no bairro S\u00e3o Pedro, em Almenara, no Vale do Jequitinhonha. De acordo com o registro de ocorr\u00eancias da Pol\u00edcia Militar, as v\u00edtimas, um adolescente e uma mulher, relataram que foram abordados por tr\u00eas indiv\u00edduos, sendo um deles armado com uma arma de fogo.<\/p>\n<p>As v\u00edtimas relataram ainda, que um dos autores ficou vigiando os arredores, enquanto os outros dois realizaram busca pessoal neles, roubando um celular, um cord\u00e3o e um pingente de ouro. A Pol\u00edcia Militar realizou rastreamentos, por\u00e9m nenhum suspeito foi localizado.<br \/>\n<\/br><\/p>\n<h4><strong>Jovem \u00e9 preso com arma de fogo em Santo Ant\u00f4nio do Jacinto<\/strong><\/h4>\n<p>Um jovem de 18 anos foi preso na noite de sexta-feira, 17 de outubro, por posse ilegal de arma de fogo em Santo Ant\u00f4nio do Jacinto, no Vale do Jequitinhonha. De acordo com a Pol\u00edcia Militar, por volta das 21h50, durante patrulhamento na Rua da Moca, no Bairro Sombra da Tarde, os militares depararam com o suspeito M.J.S. que ao avistar a viatura fugiu de forma suspeita.<\/p>\n<p>O autor foi abordado e estava tremulo, e nitidamente nervoso. Ele franqueou a entrada dos policiais em sua resid\u00eancia, onde foi encontrada uma arma de fogo de fabrica\u00e7\u00e3o caseira, tipo polveira. A arma foi recolhida e o autor conduzido a Delegacia de Pol\u00edcia de Almenara para demais provid\u00eancias.<br \/>\n<\/br><\/p>\n<h4><strong>Pol\u00edcia prende autor de assalto em supermercado de Santo Ant\u00f4nio do Jacinto<\/strong><\/h4>\n<p>Um supermercado de Santo Ant\u00f4nio do Jacinto, no Vale do Jequitinhonha, foi assaltado na noite de sexta-feira, 17 de outubro. O suspeito \u00e9 um rapaz de 22 anos que foi preso.<\/p>\n<p>De acordo com a Pol\u00edcia Militar, a atendente do estabelecimento, localizado na Rua Treze de Janeiro, na regi\u00e3o central da cidade, relatou que um indiv\u00edduo havia se aproximado do caixa apontando uma arma de fogo e anunciado o assalto. A v\u00edtima repassou a quantia de R$ 300,00 para o criminoso que fugiu do local tomando rumo ignorado.<\/p>\n<p>O supermercado possui sistema de monitoramento por c\u00e2meras, sendo que toda a a\u00e7\u00e3o foi gravada. Ap\u00f3s checar as imagens, os militares reconheceram o autor do crime. De imediato, os policias iniciaram rastreamento e localizaram o suspeito T.L.S em um bar.<\/p>\n<p>O criminoso foi preso e conduzido \u00e0 Delegacia de Pol\u00edcia de Almenara para demais provid\u00eancias.<br \/>\n<\/br><\/p>\n<h4><strong>Vereador \u00e9 v\u00edtima de estelionato em S\u00e3o Jo\u00e3o do Oriente<\/strong><\/h4>\n<p>Um vereador de S\u00e3o Jo\u00e3o do Oriente, no Leste de Minas, foi v\u00edtima de estelionato na tarde de sexta-feira, 17 de outubro. De acordo com a Pol\u00edcia Militar, a v\u00edtima, de 59 anos, teria efetuado a compra de uma estrutura met\u00e1lica de uma arena de rodeios, no valor de R$ 6.500,00, contudo, o produto comprado n\u00e3o pertencia ao vendedor.<\/p>\n<p>Ainda segundo a PM, o verdadeiro dono da arena, um produtor de eventos da cidade de Entre Folhas, procurou o vereador e exigiu a devolu\u00e7\u00e3o do bem. O autor, um homem de 32 anos, natural de Inhapim, teria viajado para S\u00e3o Paulo ap\u00f3s receber parte do dinheiro.<\/p>\n<h4><strong>Homem \u00e9 preso ap\u00f3s tentar matar desafeto a facadas em A\u00e7ucena<\/strong><\/h4>\n<p>Um homem foi preso na manh\u00e3 de sexta-feira, 17 de outubro, suspeito de tentar matar um desafeto a facadas em A\u00e7ucena, no Vale do Rio Doce. De acordo com a Pol\u00edcia Militar, testemunhas relataram que a v\u00edtima estava bebendo em um bar localizado na Rua Castelo Branco, quando o autor se aproximou sorrateiramente e desferiu uma facada em suas costas.<\/p>\n<p>Ap\u00f3s o primeiro golpe, a v\u00edtima evadiu, vindo a cair poucos metros \u00e0 frente, sendo socorrida por terceiros para o pronto socorro municipal e posteriormente para a Unidade de Pronto Atendimento de Ipatinga.<\/p>\n<p>Ap\u00f3s rastreamento, a guarni\u00e7\u00e3o logrou \u00eaxito na pris\u00e3o do autor na resid\u00eancia de sua genitora situada na Rua Dhair Siman. Em parlamenta\u00e7\u00e3o com o suspeito que apresentava fortes sintomas de embriaguez, ele relatou que a faca que fora utilizada no crime ele havia perdido n\u00e3o sabendo informar o local exato.<\/p>\n<p>Em contato com a irm\u00e3 da vitima, ela relatou que ele havia sido transferido para Ipatinga e que ele havia sofrido um golpe nas costas do lado direito e que seu pulm\u00e3o direito e o rim fora perfurado, contudo n\u00e3o corria risco de morte.<\/p>\n<p>Diante dos fatos o autor foi detido e encaminhado a Delegacia de Pol\u00edcia de A\u00e7ucena para demais provid\u00eancias.<br \/>\n<\/br><\/p>\n<h4><strong>Mulher \u00e9 detida suspeita de maus-tratos com a filha de 8 anos em Governador Valadares<\/strong><\/h4>\n<p>Uma mulher de 38 anos foi detida ap\u00f3s maus-tratos nesta sexta-feira (17), em Governador Valadares, no Leste de Minas Gerais. A vitima seria a filha de apenas oito anos de idade. A viol\u00eancia, segundo alguns vizinhos, vem ocorrendo h\u00e1 algum tempo.<\/p>\n<p>Segundo a den\u00fancia registrada pela Pol\u00edcia Militar, a mulher estaria gritando e castigando a crian\u00e7a. A pr\u00f3pria menina disse aos militares que os hematomas e arranh\u00f5es que tem pelo corpo seriam em virtude de castigos impostos pela m\u00e3e.<\/p>\n<p>Ainda segundo a crian\u00e7a, durante os castigos, a m\u00e3e deixava-a sem comer, batia sua cabe\u00e7a contra a parede, usava fios de energia para castig\u00e1-la, e para disfar\u00e7ar, a obrigava a vestir roupas com mangas longas para cobrir as marcas das agress\u00f5es.<\/p>\n<p>A mulher admitiu que castigava a filha, mas disse \u00e0 pol\u00edcia que tomava tais atitudes por causa de malcria\u00e7\u00f5es da crian\u00e7a. Ela informou aos policiais que n\u00e3o tem interesse em continuar com o processo de guarda da menina e que est\u00e1 arrependida.<\/p>\n<p>A crian\u00e7a foi levada pelos militares at\u00e9 o Conselho Tutelar. As conselheiras encaminharam a menina para o Hospital Municipal onde ela foi medicada e liberada.<br \/>\n<\/br><\/p>\n<h4><strong>Pol\u00edcia aborda ve\u00edculo e encontra armas de fogo em Te\u00f3filo Otoni<\/strong><\/h4>\n<p>A ocorr\u00eancia foi registrada nessa madrugada de s\u00e1bado, 18 de outubro. Militares realizavam patrulhamento na Rua Rachid Handere, quando depararam com um ve\u00edculo Vectra. Ao avistarem a viatura, os indiv\u00edduos, se comportaram de maneira estranha. Os policiais ent\u00e3o, abordaram e efetuaram busca pessoal nos ocupantes, por\u00e9m nada foi encontrado. <\/p>\n<p>Ao verificar o interior do autom\u00f3vel, foi encontrado dois revolveres calibre 38 municiado. A policia informou que 3 pessoas foram presas, dois assumiram a propriedade das armas, o motorista teria sido coagido a dar carona os homens que estavam armados, sob alega\u00e7\u00e3o de que eles estavam armados para se protegerem da fac\u00e7\u00e3o rival da zona sul da cidade. <\/p>\n<p>Os autores s\u00e3o moradores dos bairros Bela Vista e Vila Betel, a PM informou que eles j\u00e1 s\u00e3o conhecidos no meio policial.<br \/>\n<\/br><\/p>\n<h4><strong>Pol\u00edcia apreende drogas em Malacacheta<\/strong><\/h4>\n<p>Durante patrulhamento, policiais militares depararam com o autor J.V.S. em atitude suspeita no interior de um bar, cujo local \u00e9 apontado em denuncias de tr\u00e1fico de drogas. Ao avistar a guarni\u00e7\u00e3o policial, o homem correu e entrou no banheiro tentando evitar a abordagem, dispensando ali uma embalagem pl\u00e1stica contendo 07 (sete) pedras de crack. <\/p>\n<p>O autor foi preso em flagrante delito. No quartel PM, ele foi submetido a uma busca minuciosa, sendo encontrada em sua vestes a quantia em dinheiro de R$ 290,00 (duzentos e noventa reais), cuja origem ele n\u00e3o soube informar, provavelmente oriunda do tr\u00e1fico de drogas. <\/p>\n<p>O autor afirmou ainda que \u00e9 apenado e apresenta-se ao f\u00f3rum da comarca quinzenalmente. Face ao exposto, juntamente com a droga e o dinheiro, ele foi conduzido \u00e0 Depol para as provid\u00eancias subsequentes.<br \/>\n<\/br><\/p>\n<h4><strong>Menor apreendido com arma de fogo em Francisc\u00f3polis <\/strong><\/h4>\n<p>Apos receberem informa\u00e7\u00e3o que o menor infrator estaria se deslocando da localidade onde mora para a cidade de Francisc\u00f3polis, conduzindo uma motocicleta e portando uma arma de fogo, policiais militares se posicionaram em local estrat\u00e9gico e deram ordem de parada ao adolescente, tendo este desobedecido \u00e0s ordens, evadindo-se, por\u00e9m, foi alcan\u00e7ado e tentou ocultar a arma, mas foi percebido pelos militares que lograram \u00eaxito e localizaram um revolver, calibre 38, no ch\u00e3o atr\u00e1s de um tronco de \u00e1rvore. <\/p>\n<p>No bolso da jaqueta do infrator, foram localizados e apreendidos quatro cartuchos calibre 38. O genitor do adolescente, senhor V.G.B , compareceu no quartel PM e relatou que a arma era de sua propriedade e a guardava sobre o guarda-roupas. <\/p>\n<p>O adolescente disse ter pego a arma para se deslocar at\u00e9 uma outra localidade rural e temia por sua seguran\u00e7a durante o trajeto. Diante ao exposto, foi dada voz de pris\u00e3o e apreens\u00e3o aos dois e encaminhados at\u00e9 \u00e0 delegacia de pol\u00edcia em Te\u00f3filo Otoni, juntamente com a arma e os cartuchos. <\/p>\n<p>O ve\u00edculo motocicleta Honda, foi apreendido e encaminhado para a delegacia de pol\u00edcia civil em Malacacheta, sendo lavrado os AITs inerentes \u00e0s infra\u00e7\u00f5es.<\/p>\n<h4><strong>Suspeitos de tr\u00e1fico de drogas s\u00e3o presos em Mantena ap\u00f3s den\u00fancia an\u00f4nima<\/strong><\/h4>\n<p>No dia 16 de outubro, ap\u00f3s uma den\u00fancia an\u00f4nima, a Pol\u00edcia Militar prendeu quatro jovens suspeitos de tr\u00e1fico de drogas em Mantena, no Leste de Minas Gerais. O denunciante informou aos policiais que os criminosos estariam em uma pra\u00e7a no Bairro Santo Ant\u00f4nio e que a droga estaria escondida em meio a grava.<\/p>\n<p>Durante abordagem aos indiv\u00edduos E.M.P, 27 anos, D.D.S, 18 anos, R.P.O.M, 19 anos, e K.C.S,19 anos, foram encontrados vinte pedras de crack. Todos negaram a propriedade da droga. Os autores foram conduzidos para a delegacia de policia com os materiais apreendidos para demais provid\u00eancias.<br \/>\n<\/br><\/p>\n<h4><strong>Pol\u00edcia apreende quatro mil pinos utilizados para embalar coca\u00edna em Caratinga<\/strong><\/h4>\n<p>Na noite de sexta-feira, 17 de outubro, a Pol\u00edcia Militar apreendeu um menor de 17 anos com quatro mil pinos utilizados para embalagem de coca\u00edna na Rua Zeferino Ferreira Neto, no Bairro Santa Zita, em Caratinga. De acordo com a PM, o menor infrator j\u00e1 \u00e9 conhecido no meio policial.<\/p>\n<p>O material foi encontrado dentro de um quarto da casa dele. O jovem foi conduzido a Delegacia de Pol\u00edcia Civil para demais provid\u00eancias.<br \/>\n<\/br><\/p>\n<h4><strong>Pol\u00edcia Militar cumpre mandado de busca e apreens\u00e3o em Piedade de Caratinga<\/strong><\/h4>\n<p>Ap\u00f3s o cumprimento de um mandado de busca e apreens\u00e3o, a Pol\u00edcia Militar de Piedade de Caratinga tirou de circula\u00e7\u00e3o vinte pedras de crack prontas para o com\u00e9rcio, e apreendeu sete muni\u00e7\u00f5es intactas de calibre 38, al\u00e9m de R$ 126,00 em dinheiro. <\/p>\n<p>Tamb\u00e9m foram apreendidos diversos produtos de origem suspeita como dois aparelhos de DVD, dois v\u00eddeo games, um rel\u00f3gio de pulso, uma bicicleta e um par de t\u00eanis. <\/p>\n<p>O alvo do mandado de busca e apreens\u00e3o foi uma casa situada \u00e0 Rua Maria de Lima, no bairro S\u00e3o Jos\u00e9. Uma pessoa acabou presa. Os policiais militares levaram \u00e0 delegacia de Pol\u00edcia Civil o suspeito de 25 anos, que \u00e9 conhecido como \u201cCelinho\u201d.<\/p>\n<p><em>(Fonte: Pol\u00edcia Militar de Minas Gerais)<\/em><\/p>\n","protected":false},"excerpt":{"rendered":"<p>Adolescente \u00e9 apreendido com maconha e arma de fogo em Jequitinhonha Um adolescente de 16 anos foi detido na manh\u00e3 de sexta-feira, 17 de outubro, suspeito de tr\u00e1fico de drogas, na cidade de Jequitinhonha, no Vale do Jequitinhonha. De acordo com a Pol\u00edcia Militar, uma arma de fogo tamb\u00e9m foi encontrada com o menor. Ainda [&hellip;]<\/p>\n","protected":false},"author":1,"featured_media":42404,"comment_status":"open","ping_status":"closed","sticky":false,"template":"","format":"standard","meta":{"amp_status":"","footnotes":""},"categories":[120],"tags":[971,19392,19384,19406,142,19398,19397,237,1731,19391,1089,247,19387,19394,296,19389,19390,19395,19386,19393,226,1516,19401,19385,19405,308,19399,19400,19403,19404,19396,674,1734,19402,164,206030,19388],"class_list":["post-42537","post","type-post","status-publish","format-standard","has-post-thumbnail","hentry","category-jequi","tag-acucena","tag-adolescente-de-14-anos-desaparece-em-almenara","tag-adolescente-de-16-anos-e-preso-com-maconha-e-arma-de-fogo-em-jequitinhonha","tag-adolescente-e-apreendido-com-maconha-e-arma-de-fogo-em-jequitinhonha","tag-almenara","tag-assalto-no-supermercado-xereta","tag-assalto-no-supermercado-xereta-em-santo-antonio-do-jacinto","tag-caratinga","tag-entre-folhas","tag-francelino-de-oliveira-bernardes","tag-franciscopolis","tag-governador-valadares","tag-homem-e-preso-apos-tentar-matar-desafeto-a-facadas-em-acucena","tag-individuos-agridem-e-roubam-r-580-de-vitima-em-almenara","tag-inhapim","tag-joao-edson-ferreira","tag-jose-eugenio-pereira","tag-jovem-e-preso-com-arma-de-fogo-em-santo-antonio-do-jacinto","tag-jovens-sao-assaltados-no-bairro-sao-pedro-em-almenara","tag-leandra-barbosa-santos","tag-malacacheta","tag-mantena","tag-menor-apreendido-com-arma-de-fogo-em-franciscopolis","tag-mulher-e-detida-suspeita-de-maus-tratos-com-a-filha-de-8-anos-em-governador-valadares","tag-ocorrencias-em-destaque-nos-vales-do-jequitinhonha-rio-doce-e-mucuri-18-de-outubro-de-2014","tag-piedade-de-caratinga","tag-policia-aborda-veiculo-e-encontra-armas-de-fogo-em-teofilo-otoni","tag-policia-apreende-drogas-em-malacacheta","tag-policia-apreende-quatro-mil-pinos-utilizados-para-embalar-cocaina-em-caratinga","tag-policia-militar-cumpre-mandado-de-busca-e-apreensao-em-piedade-de-caratinga","tag-policia-prende-autor-de-assalto-em-supermercado-de-santo-antonio-do-jacinto","tag-santo-antonio-do-jacinto","tag-sao-joao-do-oriente","tag-suspeitos-de-trafico-de-drogas-sao-presos-em-mantena-apos-denuncia-anonima","tag-teofilo-otoni","tag-jequi","tag-vereador-e-vitima-de-estelionato-em-sao-joao-do-oriente"],"_links":{"self":[{"href":"https:\/\/aconteceunovale.com.br\/portal\/index.php?rest_route=\/wp\/v2\/posts\/42537","targetHints":{"allow":["GET"]}}],"collection":[{"href":"https:\/\/aconteceunovale.com.br\/portal\/index.php?rest_route=\/wp\/v2\/posts"}],"about":[{"href":"https:\/\/aconteceunovale.com.br\/portal\/index.php?rest_route=\/wp\/v2\/types\/post"}],"author":[{"embeddable":true,"href":"https:\/\/aconteceunovale.com.br\/portal\/index.php?rest_route=\/wp\/v2\/users\/1"}],"replies":[{"embeddable":true,"href":"https:\/\/aconteceunovale.com.br\/portal\/index.php?rest_route=%2Fwp%2Fv2%2Fcomments&post=42537"}],"version-history":[{"count":0,"href":"https:\/\/aconteceunovale.com.br\/portal\/index.php?rest_route=\/wp\/v2\/posts\/42537\/revisions"}],"wp:featuredmedia":[{"embeddable":true,"href":"https:\/\/aconteceunovale.com.br\/portal\/index.php?rest_route=\/wp\/v2\/media\/42404"}],"wp:attachment":[{"href":"https:\/\/aconteceunovale.com.br\/portal\/index.php?rest_route=%2Fwp%2Fv2%2Fmedia&parent=42537"}],"wp:term":[{"taxonomy":"category","embeddable":true,"href":"https:\/\/aconteceunovale.com.br\/portal\/index.php?rest_route=%2Fwp%2Fv2%2Fcategories&post=42537"},{"taxonomy":"post_tag","embeddable":true,"href":"https:\/\/aconteceunovale.com.br\/portal\/index.php?rest_route=%2Fwp%2Fv2%2Ftags&post=42537"}],"curies":[{"name":"wp","href":"https:\/\/api.w.org\/{rel}","templated":true}]}}