{"id":42519,"date":"2014-10-18T09:24:51","date_gmt":"2014-10-18T12:24:51","guid":{"rendered":"http:\/\/aconteceunovale.com.br\/portal\/?p=42519"},"modified":"2014-10-18T09:24:51","modified_gmt":"2014-10-18T12:24:51","slug":"tecnologia-pode-identificar-queimadas-em-tempo-real","status":"publish","type":"post","link":"https:\/\/aconteceunovale.com.br\/portal\/?p=42519","title":{"rendered":"Tecnologia pode identificar queimadas em tempo real"},"content":{"rendered":"<h4><em><strong>Cemig e UFMG trabalham em parceria para detectar focos de fuma\u00e7a e fogo via web<\/strong><\/em><\/h4>\n<p>Reduzir as interrup\u00e7\u00f5es no fornecimento de energia el\u00e9trica causadas por inc\u00eandios, auxiliar na preserva\u00e7\u00e3o de \u00e1reas de prote\u00e7\u00e3o ambiental e diminuir a polui\u00e7\u00e3o ambiental nos grandes centros urbanos s\u00e3o as principais vantagens da utiliza\u00e7\u00e3o de sistemas para o monitoramento de \u00e1reas com risco de inc\u00eandio.<\/p>\n<p>Uma tecnologia est\u00e1 sendo implementada pela Companhia Energ\u00e9tica de Minas Gerais (Cemig), em parceria com a Universidade Federal de Minas Gerais (UFMG), Axxiom, Enacom e DspArt. O projeto tem financiamento da Ag\u00eancia Nacional de Energia El\u00e9trica (Aneel) por meio do Programa de Pesquisa e Desenvolvimento e vai permitir a detec\u00e7\u00e3o de focos de fuma\u00e7a e de fogo por meio de uma nova t\u00e9cnica de processamento em tempo real de imagens digitais disponibilizadas via web.<\/p>\n<p>Uma \u00e1rea piloto para os testes de campo j\u00e1 foi montada na \u00e1rea de preserva\u00e7\u00e3o do BH-Tec, no campus da UFMG, localizado na regi\u00e3o da Pampulha, em Belo Horizonte.<\/p>\n<p>Com o aumento expressivo nos registros de inc\u00eandio no Pa\u00eds e, em especial, na Regi\u00e3o Metropolitana de Belo Horizonte, a aplica\u00e7\u00e3o desta tecnologia pode representar um importante aliado no combate e preven\u00e7\u00e3o dos futuros inc\u00eandios em \u00e1reas previamente monitoradas, conforme explica o engenheiro de tecnologia e normaliza\u00e7\u00e3o Carlos Alexandre Meireles do Nascimento, da Cemig, que atua como gerente do projeto.<\/p>\n<p>Por outro lado, o sistema disponibilizar\u00e1, em tempo real, as imagens e o processamento digital de forma aut\u00f4noma por meio de algoritmos de intelig\u00eancia computacional para os internautas, que, por sua vez, poder\u00e3o auxiliar na identifica\u00e7\u00e3o precoce e precisa dos focos de fuma\u00e7a, assim como na determina\u00e7\u00e3o da evolu\u00e7\u00e3o dos focos de fogo. Dessa forma, ser\u00e1 poss\u00edvel, por exemplo, acionar alarmes para as autoridades respons\u00e1veis, via web.<\/p>\n<p>Assim, em um futuro pr\u00f3ximo, \u00e1reas de preserva\u00e7\u00e3o ambiental poder\u00e3o ser supervisionadas em tempo real com uma ampla colabora\u00e7\u00e3o dos internautas. O objetivo \u00e9 reduzir os registros de inc\u00eandio nos grandes centros urbanos e, para a Cemig, melhorar a qualidade dos servi\u00e7os, por meio da redu\u00e7\u00e3o das interrup\u00e7\u00f5es no fornecimento de energia el\u00e9trica causadas por inc\u00eandios pr\u00f3ximos \u00e0s redes.<\/p>\n<h4>Dicas<\/h4>\n<p>Segundo dados do Instituto Nacional de Pesquisas Espaciais (INPE), Minas Gerais j\u00e1 registrou 9.348 focos de inc\u00eandio de janeiro at\u00e9 a segunda quinzena de outubro. Somente em outubro, por exemplo, o estado registrou 2.225 focos contra 1.221 do mesmo per\u00edodo do ano passado, um aumento de 119%.<\/p>\n<p>De acordo com a Cemig, as principais causas de inc\u00eandios florestais em Minas s\u00e3o a queima preparat\u00f3ria de pastos e de terrenos para plantio, especialmente em per\u00edodos de altas temperaturas e baixa umidade do ar, al\u00e9m da queima de lixos e de tocos de cigarros jogados em beiras de estradas e descargas atmosf\u00e9ricas. Para ajudar a diminuir os focos, a Empresa recomenda:<\/p>\n<p>&#8211; Fazer queimadas somente com autoriza\u00e7\u00e3o do Instituto Estadual de Florestas (IEF), Ibama ou \u00f3rg\u00e3os competentes e de forma controlada, com a constru\u00e7\u00e3o de aceiros e barreiras que impe\u00e7am a propaga\u00e7\u00e3o das chamas. O aceiro pode ser feito por meio de valas ou da limpeza do terreno, de modo a obstruir a passagem do fogo.<\/p>\n<p>&#8211; N\u00e3o jogar pontas de cigarro pr\u00f3ximo a qualquer tipo de vegeta\u00e7\u00e3o.<\/p>\n<p>&#8211; Apagar com \u00e1gua o resto do fogo em acampamentos para evitar que o vento leve as brasas para a mata.<\/p>\n<p>&#8211; N\u00e3o realizar queimadas a menos de 15 metros de rodovias, de ferrovias e do limite das faixas de seguran\u00e7a das linhas de transmiss\u00e3o e distribui\u00e7\u00e3o de energia el\u00e9trica.<\/p>\n<p>A Cemig lembra que \u00e9 proibido o uso de fogo em \u00e1reas de reservas ecol\u00f3gicas, preserva\u00e7\u00e3o permanente e parques florestais. De acordo com a legisla\u00e7\u00e3o, o indiv\u00edduo que cometer o crime ambiental ter\u00e1 que responder a processo, com possibilidade de pris\u00e3o, e dever\u00e1 pagar multa pelo dano ambiental causado.<\/p>\n<p>Em caso de inc\u00eandios, o Corpo de Bombeiros ou as Brigadas Volunt\u00e1rias de Combate a Inc\u00eandios Florestais devem ser avisados o mais depressa poss\u00edvel.<\/p>\n","protected":false},"excerpt":{"rendered":"<p>Cemig e UFMG trabalham em parceria para detectar focos de fuma\u00e7a e fogo via web Reduzir as interrup\u00e7\u00f5es no fornecimento de energia el\u00e9trica causadas por inc\u00eandios, auxiliar na preserva\u00e7\u00e3o de \u00e1reas de prote\u00e7\u00e3o ambiental e diminuir a polui\u00e7\u00e3o ambiental nos grandes centros urbanos s\u00e3o as principais vantagens da utiliza\u00e7\u00e3o de sistemas para o monitoramento de [&hellip;]<\/p>\n","protected":false},"author":1,"featured_media":42520,"comment_status":"open","ping_status":"closed","sticky":false,"template":"","format":"standard","meta":{"amp_status":"","footnotes":""},"categories":[123],"tags":[19369,347,19367,19371,19370,19368,19366,874],"class_list":["post-42519","post","type-post","status-publish","format-standard","has-post-thumbnail","hentry","category-gerais","tag-auxiliar-na-preservacao-de-areas-de-protecao-ambiental-e-diminuir-a-poluicao-ambiental-nos-grandes-centros-urbanos-sao-as-principais-vantagens-da-utilizacao-de-sistemas-para-o-monitoramento-de-areas-c","tag-cemig","tag-detector-de-incendios-cemig","tag-focos-de-incendio-em-minas-gerais","tag-programa-de-pesquisa-e-desenvolvimento-e-vai-permitir-a-deteccao-de-focos-de-fumaca-e-de-fogo-por-meio-de-uma-nova-tecnica-de-processamento-em-tempo-real-de-imagens-digitais-disponibilizadas-via-web","tag-reduzir-as-interrupcoes-no-fornecimento-de-energia-eletrica-causadas-por-incendios","tag-tecnologia-pode-identificar-queimadas-em-tempo-real","tag-ufmg"],"_links":{"self":[{"href":"https:\/\/aconteceunovale.com.br\/portal\/index.php?rest_route=\/wp\/v2\/posts\/42519","targetHints":{"allow":["GET"]}}],"collection":[{"href":"https:\/\/aconteceunovale.com.br\/portal\/index.php?rest_route=\/wp\/v2\/posts"}],"about":[{"href":"https:\/\/aconteceunovale.com.br\/portal\/index.php?rest_route=\/wp\/v2\/types\/post"}],"author":[{"embeddable":true,"href":"https:\/\/aconteceunovale.com.br\/portal\/index.php?rest_route=\/wp\/v2\/users\/1"}],"replies":[{"embeddable":true,"href":"https:\/\/aconteceunovale.com.br\/portal\/index.php?rest_route=%2Fwp%2Fv2%2Fcomments&post=42519"}],"version-history":[{"count":0,"href":"https:\/\/aconteceunovale.com.br\/portal\/index.php?rest_route=\/wp\/v2\/posts\/42519\/revisions"}],"wp:featuredmedia":[{"embeddable":true,"href":"https:\/\/aconteceunovale.com.br\/portal\/index.php?rest_route=\/wp\/v2\/media\/42520"}],"wp:attachment":[{"href":"https:\/\/aconteceunovale.com.br\/portal\/index.php?rest_route=%2Fwp%2Fv2%2Fmedia&parent=42519"}],"wp:term":[{"taxonomy":"category","embeddable":true,"href":"https:\/\/aconteceunovale.com.br\/portal\/index.php?rest_route=%2Fwp%2Fv2%2Fcategories&post=42519"},{"taxonomy":"post_tag","embeddable":true,"href":"https:\/\/aconteceunovale.com.br\/portal\/index.php?rest_route=%2Fwp%2Fv2%2Ftags&post=42519"}],"curies":[{"name":"wp","href":"https:\/\/api.w.org\/{rel}","templated":true}]}}