{"id":42516,"date":"2014-10-18T09:11:57","date_gmt":"2014-10-18T12:11:57","guid":{"rendered":"http:\/\/aconteceunovale.com.br\/portal\/?p=42516"},"modified":"2014-10-18T11:22:48","modified_gmt":"2014-10-18T14:22:48","slug":"dois-jovens-morrem-em-acidente-na-avenida-olindo-de-miranda-em-almenara","status":"publish","type":"post","link":"https:\/\/aconteceunovale.com.br\/portal\/?p=42516","title":{"rendered":"Dois jovens morrem em acidente na Avenida Olindo de Miranda em Almenara"},"content":{"rendered":"<h4><em><strong>Acidente aconteceu na principal avenida da cidade. Testemunhas relataram que a motocicleta estaria em alta velocidade.<\/strong><\/em><\/h4>\n<p>Dois jovens de 22 e 26 anos morreram em um grave acidente na noite de sexta-feira, 17 de setembro, na Avenida Olindo de Miranda, na cidade de Almenara, no Vale do Jequitinhonha.<\/p>\n<p>As v\u00edtimas estavam em uma motocicleta, quando por volta das 22 horas, o condutor perdeu o controle direcional e colidiu violentamente na lateral de um micro-\u00f4nibus da Secretaria Municipal de Sa\u00fade da cidade, que estava estacionado em frente \u00e0 Oficina CDN. Com o impacto da batida, J\u00e2nio Ferreira Oliveira e Rafael Francisco de Ara\u00fajo n\u00e3o resistiram aos graves ferimentos e morreram no local.<\/p>\n<p>A per\u00edcia t\u00e9cnica da Pol\u00edcia Civil foi acionada e ap\u00f3s os procedimentos de praxe, os corpos foram levados para o Instituto M\u00e9dico Legal. A motocicleta foi recolhida para o p\u00e1tio do Auto Socorro Almenara.<\/p>\n<p><img decoding=\"async\" src=\"http:\/\/aconteceunovale.com.br\/portal\/wp-content\/uploads\/2014\/10\/acidente_olindo_de_miranda_almenara.jpg\" alt=\"\" \/><em>Rafael Francisco de Ara\u00fajo e J\u00e2nio Ferreira Oliveira morreram no acidente &#8211; Foto: Internauta\/WhatsApp<\/em><\/p>\n","protected":false},"excerpt":{"rendered":"<p>Acidente aconteceu na principal avenida da cidade. Testemunhas relataram que a motocicleta estaria em alta velocidade. Dois jovens de 22 e 26 anos morreram em um grave acidente na noite de sexta-feira, 17 de setembro, na Avenida Olindo de Miranda, na cidade de Almenara, no Vale do Jequitinhonha. As v\u00edtimas estavam em uma motocicleta, quando [&hellip;]<\/p>\n","protected":false},"author":1,"featured_media":42517,"comment_status":"open","ping_status":"closed","sticky":false,"template":"","format":"standard","meta":{"amp_status":"","footnotes":""},"categories":[120],"tags":[19361,19363,19358,19357,142,1018,19356,19365,19364,19359,19360,19362],"class_list":["post-42516","post","type-post","status-publish","format-standard","has-post-thumbnail","hentry","category-jequi","tag-acidente-com-janio-ferreira-oliveira","tag-acidente-com-rafael-francisco-de-araujo","tag-acidente-em-almenara","tag-acidente-na-avenida-olindo-de-miranda-em-almenara","tag-almenara","tag-destaque","tag-dois-jovens-morrem-em-acidente-na-avenida-olindo-de-miranda-em-almenara","tag-fotos-do-acidente-com-janio-ferreira-oliveira","tag-fotos-do-acidente-com-rafael-francisco-de-araujo","tag-fotos-do-acidente-em-almenara","tag-janio-ferreira-oliveira","tag-rafael-francisco-de-araujo"],"_links":{"self":[{"href":"https:\/\/aconteceunovale.com.br\/portal\/index.php?rest_route=\/wp\/v2\/posts\/42516","targetHints":{"allow":["GET"]}}],"collection":[{"href":"https:\/\/aconteceunovale.com.br\/portal\/index.php?rest_route=\/wp\/v2\/posts"}],"about":[{"href":"https:\/\/aconteceunovale.com.br\/portal\/index.php?rest_route=\/wp\/v2\/types\/post"}],"author":[{"embeddable":true,"href":"https:\/\/aconteceunovale.com.br\/portal\/index.php?rest_route=\/wp\/v2\/users\/1"}],"replies":[{"embeddable":true,"href":"https:\/\/aconteceunovale.com.br\/portal\/index.php?rest_route=%2Fwp%2Fv2%2Fcomments&post=42516"}],"version-history":[{"count":0,"href":"https:\/\/aconteceunovale.com.br\/portal\/index.php?rest_route=\/wp\/v2\/posts\/42516\/revisions"}],"wp:featuredmedia":[{"embeddable":true,"href":"https:\/\/aconteceunovale.com.br\/portal\/index.php?rest_route=\/wp\/v2\/media\/42517"}],"wp:attachment":[{"href":"https:\/\/aconteceunovale.com.br\/portal\/index.php?rest_route=%2Fwp%2Fv2%2Fmedia&parent=42516"}],"wp:term":[{"taxonomy":"category","embeddable":true,"href":"https:\/\/aconteceunovale.com.br\/portal\/index.php?rest_route=%2Fwp%2Fv2%2Fcategories&post=42516"},{"taxonomy":"post_tag","embeddable":true,"href":"https:\/\/aconteceunovale.com.br\/portal\/index.php?rest_route=%2Fwp%2Fv2%2Ftags&post=42516"}],"curies":[{"name":"wp","href":"https:\/\/api.w.org\/{rel}","templated":true}]}}