{"id":42503,"date":"2014-10-17T19:28:36","date_gmt":"2014-10-17T22:28:36","guid":{"rendered":"http:\/\/aconteceunovale.com.br\/portal\/?p=42503"},"modified":"2014-10-17T19:28:36","modified_gmt":"2014-10-17T22:28:36","slug":"seca-deixa-160-municipios-de-minas-gerais-em-situacao-de-emergencia","status":"publish","type":"post","link":"https:\/\/aconteceunovale.com.br\/portal\/?p=42503","title":{"rendered":"Seca deixa 160 munic\u00edpios de Minas Gerais em situa\u00e7\u00e3o de emerg\u00eancia"},"content":{"rendered":"<p>Cento e sessenta munic\u00edpios de Minas Gerais est\u00e3o em situa\u00e7\u00e3o de emerg\u00eancia por causa da seca. De acordo com boletim divulgado pela Defesa Civil do estado, o quadro de seca vem desde o come\u00e7o do ano. Em fun\u00e7\u00e3o do fen\u00f4meno clim\u00e1tico, aumentou os focos de inc\u00eandio na regi\u00e3o. Segundo dados do Instituto Nacional de Pesquisas Espaciais (Inpe), s\u00f3 em outubro foram registrados, at\u00e9 a metade do m\u00eas, 3.553 focos. Em 2014, esse n\u00famero j\u00e1 chega a 10.646.<\/p>\n<p>Al\u00e9m dos focos de inc\u00eandio, a seca em Minas Gerais prejudica a qualidade do ar e compromete o abastecimento de \u00e1gua. \u00c9 o caso de Formiga, o munic\u00edpio est\u00e1 sob estado de calamidade p\u00fablica desde ter\u00e7a-feira (14). Hoje (17), a prefeitura decidiu suspender as aulas nas escolas municipais a partir de segunda feira (20) por causa do prec\u00e1rio abastecimento de \u00e1gua na cidade.<\/p>\n<p>Para amenizar o problema de falta de \u00e1gua no munic\u00edpio, a prefeitura de Formiga restaurou o po\u00e7o artesiano localizado na antiga ind\u00fastria Santa Rita, que fica as margens da Rodovia MG-050. O po\u00e7o tem uma vaz\u00e3o de 30 mil litros de \u00e1gua por hora e abastecer\u00e1 os caminh\u00f5es-pipa a fim de atender parte da cidade.<\/p>\n<p>O prefeito Moacir Ribeiro disse, por meio de nota, que o momento \u00e9 de calamidade e pede o apoio da popula\u00e7\u00e3o. \u201cEstamos enfrentando uma seca hist\u00f3rica em Formiga. O n\u00edvel da vaz\u00e3o de \u00e1gua nunca esteve t\u00e3o baixo no Saae [Servi\u00e7o Aut\u00f4nomo de \u00c1gua e Esgoto]. O momento \u00e9 realmente de calamidade. \u00c9 hora de unirmos for\u00e7as para enfrentarmos esta situa\u00e7\u00e3o. A administra\u00e7\u00e3o municipal est\u00e1 fazendo todo o poss\u00edvel para minimizar os impactos da seca sobre a popula\u00e7\u00e3o de Formiga. Contamos com o apoio, a uni\u00e3o, a compreens\u00e3o, a solidariedade e a paci\u00eancia de todos os formiguenses\u201d.<\/p>\n<p><em>(Ag\u00eancia Brasil)<\/em><\/p>\n","protected":false},"excerpt":{"rendered":"<p>Cento e sessenta munic\u00edpios de Minas Gerais est\u00e3o em situa\u00e7\u00e3o de emerg\u00eancia por causa da seca. De acordo com boletim divulgado pela Defesa Civil do estado, o quadro de seca vem desde o come\u00e7o do ano. Em fun\u00e7\u00e3o do fen\u00f4meno clim\u00e1tico, aumentou os focos de inc\u00eandio na regi\u00e3o. Segundo dados do Instituto Nacional de Pesquisas [&hellip;]<\/p>\n","protected":false},"author":1,"featured_media":25284,"comment_status":"open","ping_status":"closed","sticky":false,"template":"","format":"standard","meta":{"amp_status":"","footnotes":""},"categories":[123],"tags":[1513,695,131,144,19348],"class_list":["post-42503","post","type-post","status-publish","format-standard","has-post-thumbnail","hentry","category-gerais","tag-formiga","tag-incendio","tag-minas-gerais","tag-seca","tag-seca-deixa-160-municipios-de-minas-gerais-em-situacao-de-emergencia"],"_links":{"self":[{"href":"https:\/\/aconteceunovale.com.br\/portal\/index.php?rest_route=\/wp\/v2\/posts\/42503","targetHints":{"allow":["GET"]}}],"collection":[{"href":"https:\/\/aconteceunovale.com.br\/portal\/index.php?rest_route=\/wp\/v2\/posts"}],"about":[{"href":"https:\/\/aconteceunovale.com.br\/portal\/index.php?rest_route=\/wp\/v2\/types\/post"}],"author":[{"embeddable":true,"href":"https:\/\/aconteceunovale.com.br\/portal\/index.php?rest_route=\/wp\/v2\/users\/1"}],"replies":[{"embeddable":true,"href":"https:\/\/aconteceunovale.com.br\/portal\/index.php?rest_route=%2Fwp%2Fv2%2Fcomments&post=42503"}],"version-history":[{"count":0,"href":"https:\/\/aconteceunovale.com.br\/portal\/index.php?rest_route=\/wp\/v2\/posts\/42503\/revisions"}],"wp:featuredmedia":[{"embeddable":true,"href":"https:\/\/aconteceunovale.com.br\/portal\/index.php?rest_route=\/wp\/v2\/media\/25284"}],"wp:attachment":[{"href":"https:\/\/aconteceunovale.com.br\/portal\/index.php?rest_route=%2Fwp%2Fv2%2Fmedia&parent=42503"}],"wp:term":[{"taxonomy":"category","embeddable":true,"href":"https:\/\/aconteceunovale.com.br\/portal\/index.php?rest_route=%2Fwp%2Fv2%2Fcategories&post=42503"},{"taxonomy":"post_tag","embeddable":true,"href":"https:\/\/aconteceunovale.com.br\/portal\/index.php?rest_route=%2Fwp%2Fv2%2Ftags&post=42503"}],"curies":[{"name":"wp","href":"https:\/\/api.w.org\/{rel}","templated":true}]}}