{"id":42473,"date":"2014-10-17T11:42:42","date_gmt":"2014-10-17T14:42:42","guid":{"rendered":"http:\/\/aconteceunovale.com.br\/portal\/?p=42473"},"modified":"2014-10-17T11:59:03","modified_gmt":"2014-10-17T14:59:03","slug":"cantora-de-ipatinga-surpreende-jurados-do-the-voice-brasil","status":"publish","type":"post","link":"https:\/\/aconteceunovale.com.br\/portal\/?p=42473","title":{"rendered":"Cantora de Ipatinga surpreende jurados do The Voice Brasil"},"content":{"rendered":"<p><em><\/p>\n<h4><strong>Candidata apresenta a can\u00e7\u00e3o \u2018Feeling Good\u2019, gravada na d\u00e9cada de 1960<\/strong><\/h4>\n<p><\/em><\/p>\n<p>O talento da ipatinguense Luana Fernandes, de 19 anos, surpreendeu os jurados do The Voice Brasil, que foi ao ar na noite de quinta-feira, 16 de setembro. A jovem cantora foi selecionada no pen\u00faltimo dia de audi\u00e7\u00f5es \u00e0s cegas do programa da TV Globo, ao interpretar a m\u00fasica &#8220;Feeling Good&#8221;, conhecida na voz de Nina Simone nos anos 1960.<\/p>\n<p><img decoding=\"async\" src=\"http:\/\/aconteceunovale.com.br\/portal\/wp-content\/uploads\/2014\/10\/luana_fernandes_ipatinga_3.jpg\" alt=\"\" \/><em>A candidata agrada Claudia Leitte e Daniel (Foto: Isabella Pinheiro\/Gshow)<\/em><br \/>\n<\/br><\/p>\n<p>Daniel e Cl\u00e1udia Leite viraram quase ao mesmo tempo para a cantora de Ipatinga, que foi fortemente aplaudida pela plateia. <\/p>\n<p>Daniel elogia: \u201cParab\u00e9ns pela sua voz, voc\u00ea canta muito f\u00e1cil e tem afina\u00e7\u00e3o\u201d. Escolhida por Luana para ser sua t\u00e9cnica, Claudia quer saber como \u00e9 cantar em um estilo que vai contra ao que o brasileiro est\u00e1 acostumado. Ela responde que a can\u00e7\u00e3o escolhida faz parte de sua vida, mas que tamb\u00e9m costuma cantar blues e cl\u00e1ssicos nacionais de Tom Jobim e Cazuza.<\/p>\n<p>Luana Fernandes contou que come\u00e7ou a cantar aos sete anos, quando entrou para um coral de Ipatinga. A mineira j\u00e1 teve doze bandas, onze de garagem. Apaixonada por jazz e blues, quer expandir seus projetos pessoais.<\/p>\n<p><img decoding=\"async\" src=\"http:\/\/aconteceunovale.com.br\/portal\/wp-content\/uploads\/2014\/10\/luana_fernandes_ipatinga_4.jpg\" alt=\"\" \/><em>Luana Fernandes escolhe Claudia Leitte como t\u00e9cnica (Foto: Isabella Pinheiro\/Gshow)<\/em><br \/>\n<\/br><\/p>\n<p><img decoding=\"async\" src=\"http:\/\/aconteceunovale.com.br\/portal\/wp-content\/uploads\/2014\/10\/luana_fernandes_ipatinga_1.jpg\" alt=\"\" \/><em>Cantora de Ipatinga tem apenas 19 anos (Foto: Reprodu\u00e7\u00e3o\/Facebook)<\/em><\/p>\n","protected":false},"excerpt":{"rendered":"<p>Candidata apresenta a can\u00e7\u00e3o \u2018Feeling Good\u2019, gravada na d\u00e9cada de 1960 O talento da ipatinguense Luana Fernandes, de 19 anos, surpreendeu os jurados do The Voice Brasil, que foi ao ar na noite de quinta-feira, 16 de setembro. A jovem cantora foi selecionada no pen\u00faltimo dia de audi\u00e7\u00f5es \u00e0s cegas do programa da TV Globo, [&hellip;]<\/p>\n","protected":false},"author":1,"featured_media":42479,"comment_status":"open","ping_status":"closed","sticky":false,"template":"","format":"standard","meta":{"amp_status":"","footnotes":""},"categories":[121],"tags":[19317,19320,1018,19315,19319,19316,19321,19318],"class_list":["post-42473","post","type-post","status-publish","format-standard","has-post-thumbnail","hentry","category-leste","tag-cantora-de-ipatinga-no-the-voice-brasil","tag-cantora-de-ipatinga-surpreende-jurados-do-the-voice-brasil","tag-destaque","tag-ipatinguense-luana-fernandes","tag-ipatinguense-no-the-voice-brasil","tag-luana-fernandes","tag-luana-fernandes-no-the-voice-brasil","tag-the-voice-brasil"],"_links":{"self":[{"href":"https:\/\/aconteceunovale.com.br\/portal\/index.php?rest_route=\/wp\/v2\/posts\/42473","targetHints":{"allow":["GET"]}}],"collection":[{"href":"https:\/\/aconteceunovale.com.br\/portal\/index.php?rest_route=\/wp\/v2\/posts"}],"about":[{"href":"https:\/\/aconteceunovale.com.br\/portal\/index.php?rest_route=\/wp\/v2\/types\/post"}],"author":[{"embeddable":true,"href":"https:\/\/aconteceunovale.com.br\/portal\/index.php?rest_route=\/wp\/v2\/users\/1"}],"replies":[{"embeddable":true,"href":"https:\/\/aconteceunovale.com.br\/portal\/index.php?rest_route=%2Fwp%2Fv2%2Fcomments&post=42473"}],"version-history":[{"count":0,"href":"https:\/\/aconteceunovale.com.br\/portal\/index.php?rest_route=\/wp\/v2\/posts\/42473\/revisions"}],"wp:featuredmedia":[{"embeddable":true,"href":"https:\/\/aconteceunovale.com.br\/portal\/index.php?rest_route=\/wp\/v2\/media\/42479"}],"wp:attachment":[{"href":"https:\/\/aconteceunovale.com.br\/portal\/index.php?rest_route=%2Fwp%2Fv2%2Fmedia&parent=42473"}],"wp:term":[{"taxonomy":"category","embeddable":true,"href":"https:\/\/aconteceunovale.com.br\/portal\/index.php?rest_route=%2Fwp%2Fv2%2Fcategories&post=42473"},{"taxonomy":"post_tag","embeddable":true,"href":"https:\/\/aconteceunovale.com.br\/portal\/index.php?rest_route=%2Fwp%2Fv2%2Ftags&post=42473"}],"curies":[{"name":"wp","href":"https:\/\/api.w.org\/{rel}","templated":true}]}}