{"id":42462,"date":"2014-10-17T11:02:34","date_gmt":"2014-10-17T14:02:34","guid":{"rendered":"http:\/\/aconteceunovale.com.br\/portal\/?p=42462"},"modified":"2014-10-17T11:02:34","modified_gmt":"2014-10-17T14:02:34","slug":"fogo-consome-mil-hectares-de-floresta-por-dia-em-minas-gerais","status":"publish","type":"post","link":"https:\/\/aconteceunovale.com.br\/portal\/?p=42462","title":{"rendered":"Fogo consome mil hectares de floresta por dia em Minas Gerais"},"content":{"rendered":"<p>Em torno de mil hectares de reservas nacionais t\u00eam sido queimados, diariamente, em Minas. Nas \u00faltimas quatro semanas, per\u00edodo em que os inc\u00eandios florestais se intensificaram no Estado, 26,2 mil hectares acabaram consumidos pelas chamas.<\/p>\n<p>\u00c9 como se todos os dias quase 900 campos de futebol de \u00e1rea verde virassem cinzas. O quadro, agravado pelo calor intenso e o clima seco, deixa Corpo de Bombeiros e brigadistas volunt\u00e1rios sobrecarregados. Em sete dias, a corpora\u00e7\u00e3o combateu 700 focos (inclusive em \u00e1reas urbanas).<\/p>\n<p>O Parque Nacional da Serra da Canastra, onde est\u00e1 localizada a principal nascente do rio S\u00e3o Francisco (na regi\u00e3o Centro-Oeste), foi o mais afetado, perdendo 44% de \u00e1rea para o fogo, ou 87,5 mil hectares. O da Serra do Cip\u00f3 (regi\u00e3o Central) teve 2.400 hectares devastados apenas nesta semana.<\/p>\n<p>Neste ano, foram queimados mais de 100 mil hectares de \u00e1reas de conserva\u00e7\u00e3o em Minas, considerando tamb\u00e9m as 311 reservas estaduais. O n\u00famero \u00e9 380% superior ao registrado em todo o ano passado.<\/p>\n<p>Segundo o capit\u00e3o Thiago Miranda, do Corpo de Bombeiros, este est\u00e1 sendo um dos anos mais cr\u00edticos, com a corpora\u00e7\u00e3o chegando a combater tr\u00eas vezes mais inc\u00eandios do que o habitual. Em outubro de 2013, foram registradas 283 chamadas para combate ao fogo em vegeta\u00e7\u00e3o. Com apenas 16 dias deste m\u00eas, s\u00e3o mais de 500 registros em \u00e1reas verdes.<\/p>\n<p>\u201cEsse n\u00famero pode ser maior porque ainda h\u00e1 aqueles casos em que a gente n\u00e3o consegue chegar ou atender. Estamos priorizando as situa\u00e7\u00f5es mais cr\u00edticas, como os inc\u00eandios que amea\u00e7am \u00e1reas urbanas\u201d, afirmou.<\/p>\n<h4>Estrutura<\/h4>\n<p>O efetivo do Corpo de Bombeiros conta com 6.300 homens em todo o Estado, sendo que 2 mil atuam na regi\u00e3o metropolitana. Al\u00e9m de combater o fogo, eles atendem outras demandas, como resgates. A devasta\u00e7\u00e3o de \u00e1reas verdes n\u00e3o \u00e9 um problema de efetivo, de acordo com Miranda. \u201cN\u00e3o \u00e9 o n\u00famero de bombeiros que ir\u00e1 impedir o fogo nessas \u00e1reas. A quest\u00e3o \u00e9 que estamos com muitos focos\u201d.<\/p>\n<p>Para a superintendente da Associa\u00e7\u00e3o Brasileira de Defesa do Meio Ambiente (Amda), Maria Dalce Ricas, falta uma pol\u00edtica p\u00fablica efetiva de preven\u00e7\u00e3o. \u201cN\u00e3o \u00e9 somente a quest\u00e3o do efetivo, pois o Corpo de Bombeiros \u00e9 apenas um dos instrumento\u201d. Ela destaca a necessidade de intensificar a fiscaliza\u00e7\u00e3o e de criar um batalh\u00e3o especializado.<\/p>\n<p>O governo alega manter estruturas de combate em cada parque e possuir bases do programa Previnc\u00eandio, que podem ser deslocadas para todo o Estado, inclusive com o uso de avi\u00f5es. <\/p>\n<p><em><strong>(Hoje em Dia)<\/strong><\/em><\/p>\n","protected":false},"excerpt":{"rendered":"<p>Em torno de mil hectares de reservas nacionais t\u00eam sido queimados, diariamente, em Minas. Nas \u00faltimas quatro semanas, per\u00edodo em que os inc\u00eandios florestais se intensificaram no Estado, 26,2 mil hectares acabaram consumidos pelas chamas. \u00c9 como se todos os dias quase 900 campos de futebol de \u00e1rea verde virassem cinzas. O quadro, agravado pelo [&hellip;]<\/p>\n","protected":false},"author":1,"featured_media":42401,"comment_status":"open","ping_status":"closed","sticky":false,"template":"","format":"standard","meta":{"amp_status":"","footnotes":""},"categories":[123],"tags":[1018,19301,19305,19303,16644,144,19302,19304],"class_list":["post-42462","post","type-post","status-publish","format-standard","has-post-thumbnail","hentry","category-gerais","tag-destaque","tag-estiagem-prolongada","tag-fogo-consome-mil-hectares-de-floresta-por-dia-em-minas-gerais","tag-incendios-em-minas","tag-parque-nacional-da-serra-da-canastra","tag-seca","tag-seca-em-minas","tag-serra-do-cipo"],"_links":{"self":[{"href":"https:\/\/aconteceunovale.com.br\/portal\/index.php?rest_route=\/wp\/v2\/posts\/42462","targetHints":{"allow":["GET"]}}],"collection":[{"href":"https:\/\/aconteceunovale.com.br\/portal\/index.php?rest_route=\/wp\/v2\/posts"}],"about":[{"href":"https:\/\/aconteceunovale.com.br\/portal\/index.php?rest_route=\/wp\/v2\/types\/post"}],"author":[{"embeddable":true,"href":"https:\/\/aconteceunovale.com.br\/portal\/index.php?rest_route=\/wp\/v2\/users\/1"}],"replies":[{"embeddable":true,"href":"https:\/\/aconteceunovale.com.br\/portal\/index.php?rest_route=%2Fwp%2Fv2%2Fcomments&post=42462"}],"version-history":[{"count":0,"href":"https:\/\/aconteceunovale.com.br\/portal\/index.php?rest_route=\/wp\/v2\/posts\/42462\/revisions"}],"wp:featuredmedia":[{"embeddable":true,"href":"https:\/\/aconteceunovale.com.br\/portal\/index.php?rest_route=\/wp\/v2\/media\/42401"}],"wp:attachment":[{"href":"https:\/\/aconteceunovale.com.br\/portal\/index.php?rest_route=%2Fwp%2Fv2%2Fmedia&parent=42462"}],"wp:term":[{"taxonomy":"category","embeddable":true,"href":"https:\/\/aconteceunovale.com.br\/portal\/index.php?rest_route=%2Fwp%2Fv2%2Fcategories&post=42462"},{"taxonomy":"post_tag","embeddable":true,"href":"https:\/\/aconteceunovale.com.br\/portal\/index.php?rest_route=%2Fwp%2Fv2%2Ftags&post=42462"}],"curies":[{"name":"wp","href":"https:\/\/api.w.org\/{rel}","templated":true}]}}