{"id":42454,"date":"2014-10-17T10:19:32","date_gmt":"2014-10-17T13:19:32","guid":{"rendered":"http:\/\/aconteceunovale.com.br\/portal\/?p=42454"},"modified":"2014-10-17T10:19:32","modified_gmt":"2014-10-17T13:19:32","slug":"plantao-do-samu-no-norte-de-minas-gerais-16-de-outubro-de-2014","status":"publish","type":"post","link":"https:\/\/aconteceunovale.com.br\/portal\/?p=42454","title":{"rendered":"Plant\u00e3o do Samu no Norte de Minas Gerais &#8211; 16 de outubro de 2014"},"content":{"rendered":"<p><em><\/p>\n<h4><strong>Quinta-feira, 16 de outubro de 2014<\/strong><\/h4>\n<p><\/em><\/p>\n<p>A unidade do SAMU de Montes Claros realizou nesta quinta-feira, 16 de outubro, 54 atendimentos, sendo 40 casos cl\u00ednicos, 12 atendimentos em decorr\u00eancia de acidente de tr\u00e2nsito e 02 em decorr\u00eancia de acidente de trabalho.<\/p>\n<p>\u00c0s 23h43, a unidade do SAMU foi acionada para atendimento a um homem de 22 anos, v\u00edtima de queda de moto na comunidade de Nova Esperan\u00e7a, regi\u00e3o rural d Montes Claros. Ele apresentava sinais de embriagu\u00eas e nenhum ferimento aparente, sendo liberado no local ap\u00f3s avalia\u00e7\u00e3o dos socorristas. <\/p>\n<p>\u00c0s 21h30, um homem de 21 anos caiu de moto na Avenida Coronel Spyer, regi\u00e3o central de Montes Claros e apresentava escoria\u00e7\u00f5es na perna esquerda, sem sinais de fratura.<\/p>\n<p>Duas pessoas ficaram feridas em um acidente envolvendo uma motocicleta ocorrido \u00e0s 21h58, na Avenida Tr\u00eas, bairro Vera Cruz. Um adolescente de 16 anos, que conduzia a moto, sofreu escoria\u00e7\u00f5es nos bra\u00e7os e pernas, com prov\u00e1vel fratura no tornozelo esquerdo. A outra adolescente de 15 anos, que estava na garupa da moto, apresentava escoria\u00e7\u00f5es no joelho e p\u00e9 esquerdos.<\/p>\n<p>\u00c0s 19h42, um homem de 26 anos, que transitava de moto na Avenida Deputado Pl\u00ednio Ribeiro, bairro Santo Ant\u00f4nio, ficou ferido ap\u00f3s colidir contra um carro, apresentando escoria\u00e7\u00f5es nos bra\u00e7os e pernas, com prov\u00e1vel fratura no p\u00e9 esquerdo.<\/p>\n<p>\u00c0s 17h40, a unidade do SAMU foi acionada para atendimento a um rapaz de 19 anos que sofreu um acidente de trabalho na Rua Santa Terezinha, bairro Cidade Nova. Ele relata ter sofrido trauma no t\u00f3rax ap\u00f3s um objeto de cerca de 300 kg ter ca\u00eddo sobre ele.  <\/p>\n<p>\u00c0s 17h30, um homem de 21 anos ficou ferido ap\u00f3s cair de moto na Avenida 100, bairro Clarice Athayde. Ele apresentava poss\u00edvel fratura fechada de clav\u00edcula.<\/p>\n<p>\u00c0s 15h59, um homem de 33 anos que transitava de moto na Rua Padre Magalh\u00e3es, bairro Santa L\u00facia, ficou ferido ap\u00f3s colidir contra um carro, apresentando ferimento no t\u00f3rax e se queixando de dor ao respirar, e escoria\u00e7\u00f5es nos bra\u00e7os e pernas.<\/p>\n<p>\u00c0s 10h30, um homem de 27 anos que transitava de moto na Avenida Dulce Sarmento, bairro Vera Cruz, ficou ferido ap\u00f3s colidir contra um carro, apresentando escoria\u00e7\u00f5es nos bra\u00e7os e pernas.<\/p>\n<p>\u00c0s 7h05, uma mulher de 36 anos ficou ferida ap\u00f3s colidir de moto contra um carro na Avenida Arthur Bernardes, regi\u00e3o central de Montes Claros.  Ela apresentava escoria\u00e7\u00f5es no joelho direito, se queixando de dor.<\/p>\n<p>\u00c0s 6h50, um homem de 60 anos ficou ferido em uma colis\u00e3o entre moto e \u00f4nibus ocorrida na Rua Camilo Prates, regi\u00e3o central de Montes Claros.  Ele estava no carro e foi encontra pelos socorristas deambulando no local, apresentando edema na testa e se queixando de dor de cabe\u00e7a. <\/p>\n<p>\u00c0 4h05, um homem de 36 anos sofreu ferimentos no t\u00f3rax na Rua 27, bairro Alto da Boa Vista. Ele relata ter ficado prensado numa pilha de vidros que caiu sobre ele, causando corte contuso na regi\u00e3o dorsal, de aproximadamente 12 cm de extens\u00e3o, com sangramento ativo e abundante. <\/p>\n<p>\u00c0 1h24, um homem de 30 anos caiu de moto na Rua do Flamengo, bairro Maracan\u00e3, e apresentava escoria\u00e7\u00f5es nos bra\u00e7os e pernas, se queixando de dor importante na regi\u00e3o p\u00e9lvica.<br \/>\nEm todas as ocorr\u00eancias os feridos receberam os primeiros atendimentos no local e foram encaminhados ao hospital para avalia\u00e7\u00e3o.<\/p>\n","protected":false},"excerpt":{"rendered":"<p>Quinta-feira, 16 de outubro de 2014 A unidade do SAMU de Montes Claros realizou nesta quinta-feira, 16 de outubro, 54 atendimentos, sendo 40 casos cl\u00ednicos, 12 atendimentos em decorr\u00eancia de acidente de tr\u00e2nsito e 02 em decorr\u00eancia de acidente de trabalho. \u00c0s 23h43, a unidade do SAMU foi acionada para atendimento a um homem de [&hellip;]<\/p>\n","protected":false},"author":1,"featured_media":37592,"comment_status":"open","ping_status":"closed","sticky":false,"template":"","format":"standard","meta":{"amp_status":"","footnotes":""},"categories":[1236],"tags":[18516,210,18898,19291],"class_list":["post-42454","post","type-post","status-publish","format-standard","has-post-thumbnail","hentry","category-norte_de_minas","tag-atendimentos-do-samu-no-norte-de-minas","tag-montes-claros","tag-plantao-do-samu-macro-norte","tag-plantao-do-samu-no-norte-de-minas-gerais-16-de-outubro-de-2014"],"_links":{"self":[{"href":"https:\/\/aconteceunovale.com.br\/portal\/index.php?rest_route=\/wp\/v2\/posts\/42454","targetHints":{"allow":["GET"]}}],"collection":[{"href":"https:\/\/aconteceunovale.com.br\/portal\/index.php?rest_route=\/wp\/v2\/posts"}],"about":[{"href":"https:\/\/aconteceunovale.com.br\/portal\/index.php?rest_route=\/wp\/v2\/types\/post"}],"author":[{"embeddable":true,"href":"https:\/\/aconteceunovale.com.br\/portal\/index.php?rest_route=\/wp\/v2\/users\/1"}],"replies":[{"embeddable":true,"href":"https:\/\/aconteceunovale.com.br\/portal\/index.php?rest_route=%2Fwp%2Fv2%2Fcomments&post=42454"}],"version-history":[{"count":0,"href":"https:\/\/aconteceunovale.com.br\/portal\/index.php?rest_route=\/wp\/v2\/posts\/42454\/revisions"}],"wp:featuredmedia":[{"embeddable":true,"href":"https:\/\/aconteceunovale.com.br\/portal\/index.php?rest_route=\/wp\/v2\/media\/37592"}],"wp:attachment":[{"href":"https:\/\/aconteceunovale.com.br\/portal\/index.php?rest_route=%2Fwp%2Fv2%2Fmedia&parent=42454"}],"wp:term":[{"taxonomy":"category","embeddable":true,"href":"https:\/\/aconteceunovale.com.br\/portal\/index.php?rest_route=%2Fwp%2Fv2%2Fcategories&post=42454"},{"taxonomy":"post_tag","embeddable":true,"href":"https:\/\/aconteceunovale.com.br\/portal\/index.php?rest_route=%2Fwp%2Fv2%2Ftags&post=42454"}],"curies":[{"name":"wp","href":"https:\/\/api.w.org\/{rel}","templated":true}]}}