{"id":42439,"date":"2014-10-16T23:36:39","date_gmt":"2014-10-17T02:36:39","guid":{"rendered":"http:\/\/aconteceunovale.com.br\/portal\/?p=42439"},"modified":"2014-10-16T23:36:39","modified_gmt":"2014-10-17T02:36:39","slug":"empresa-do-setor-atacadista-abre-285-vagas-em-governador-valadares","status":"publish","type":"post","link":"https:\/\/aconteceunovale.com.br\/portal\/?p=42439","title":{"rendered":"Empresa do setor atacadista abre 285 vagas em Governador Valadares"},"content":{"rendered":"<p>O Atacad\u00e3o anuncia a abertura de 285 vagas efetivas para sua futura opera\u00e7\u00e3o em Governador Valadares, no Leste de Minas. Prevista para o segundo semestre deste ano, a inaugura\u00e7\u00e3o faz parte do plano de expans\u00e3o do grupo e fortalece a posi\u00e7\u00e3o da companhia como maior atacadista de alimentos do Brasil.<\/p>\n<p>S\u00e3o diversas oportunidades para mais de 20 cargos: operador de caixa, repositor de loja, empacotador, auxiliar de apoio \u00e0 frente de caixa, conferente, operador de empilhadeira, fiscal e atendente de preven\u00e7\u00e3o e perdas, auxiliar de inform\u00e1tica, auxiliar de almoxarifado, auxiliar de recebimento de mercadoria, assistente administrativo, estoquista, l\u00edder de setor, cozinheiro, auxiliar de cozinha, nutricionista, cartazista, t\u00e9cnico de manuten\u00e7\u00e3o, auxiliar de manuten\u00e7\u00e3o, auxiliar de apoio \u00e0 ger\u00eancia, auxiliar de cadastro, entre outros. Para todas as posi\u00e7\u00f5es, admite-se pessoas com defici\u00eancia.<\/p>\n<p><img decoding=\"async\" src=\"http:\/\/aconteceunovale.com.br\/portal\/wp-content\/uploads\/2014\/10\/atacadao_2.jpg\" alt=\"\" \/><em>A previs\u00e3o \u00e9 que o Atacad\u00e3o seja inaugurado ainda neste semestre &#8211; Foto: Divulga\u00e7\u00e3o<\/em><br \/>\n<\/br><\/p>\n<p>Os interessados podem comparecer \u00e0 Casa de Sele\u00e7\u00e3o do Atacad\u00e3o, na avenida Brasil, n\u00ba 2.959, Centro, de segunda a sexta-feira, \u00e0s 8 horas, munidos de curr\u00edculo e documentos pessoais. <\/p>\n<p>Como benef\u00edcios, o Atacad\u00e3o oferece aos funcion\u00e1rios assist\u00eancia m\u00e9dico-hospitalar, seguro de vida, cooperativa de cr\u00e9dito, participa\u00e7\u00e3o nos lucros, programa de reembolso universit\u00e1rio, aux\u00edlio-creche, restaurante no local e vale-transporte, al\u00e9m de plano de carreira estruturado, com possibilidades de r\u00e1pido crescimento profissional e programa interno de treinamento cont\u00ednuo, te\u00f3rico e pr\u00e1tico.<\/p>\n<p>Maior atacadista do Brasil, o Atacad\u00e3o atua em todas as regi\u00f5es do pa\u00eds, com presen\u00e7a em 24 estados, al\u00e9m do Distrito Federal. S\u00e3o 105 unidades de autosservi\u00e7o e 20 centrais de atacado, que garantem o abastecimento, seja para comerciantes ou consumidores finais. Empresa do grupo Carrefour, o Atacad\u00e3o integra o portf\u00f3lio de bandeiras da rede e conta com mais de 27 mil colaboradores.<\/p>\n<h4>Vagas e condi\u00e7\u00f5es<\/h4>\n<p><strong>Assistente administrativo<\/strong><br \/>\nEnsino superior (conclu\u00eddo ou cursando), experi\u00eancia em rotinas administrativas, fiscais ou cont\u00e1beis.<\/p>\n<p><strong>Cartazista<\/strong><br \/>\nEnsino m\u00e9dio conclu\u00eddo, conhecimentos b\u00e1sicos de inform\u00e1tica, experi\u00eancia na fun\u00e7\u00e3o.<\/p>\n<p><strong>Cozinheiro\/Auxiliar de cozinha<\/strong><br \/>\nEnsino fundamental conclu\u00eddo, experi\u00eancia em cozinha industrial.<\/p>\n<p><strong>Empacotador<\/strong><br \/>\nEnsino m\u00e9dio (cursando).<\/p>\n<p><strong>Fiscal de preven\u00e7\u00e3o de perdas<\/strong><br \/>\nEnsino m\u00e9dio conclu\u00eddo. Curso de vigil\u00e2ncia.<\/p>\n<p><strong>L\u00edder de setor<\/strong><br \/>\nEnsino superior (conclu\u00eddo ou cursando), experi\u00eancia como l\u00edder, gestor ou encarregado de setor das \u00e1reas: preven\u00e7\u00e3o de perdas, frente de caixa, cafeteria, frios, loja, hortifr\u00fati ou dep\u00f3sito.<\/p>\n<p><strong>Nutricionista<\/strong><br \/>\nEnsino superior (conclu\u00eddo ou cursando), experi\u00eancia em cozinha industrial, CRN ativo.<\/p>\n<p><strong>Operador de caixa<\/strong><br \/>\nEnsino m\u00e9dio conclu\u00eddo, curso de operador de caixa.<\/p>\n<p><strong>Operador de empilhadeira <\/strong><br \/>\nEnsino m\u00e9dio (conclu\u00eddo ou cursando), habilita\u00e7\u00e3o (CNH) B\/C ou D, curso de operador de empilhadeira, experi\u00eancia no cargo.<\/p>\n<p><strong>Repositor<\/strong><br \/>\nEnsino m\u00e9dio conclu\u00eddo.<\/p>\n<p><strong>T\u00e9cnico de manuten\u00e7\u00e3o\/Auxiliar de manuten\u00e7\u00e3o<\/strong><br \/>\nEnsino m\u00e9dio conclu\u00eddo, curso em eletrot\u00e9cnico, eletromec\u00e2nica ou eletr\u00f4nica, curso de NR-10, experi\u00eancia em manuten\u00e7\u00e3o el\u00e9trica, refrigera\u00e7\u00e3o e mec\u00e2nica.<\/p>\n<p><strong><em>(Di\u00e1rio do Rio Doce)<\/em><\/strong><\/p>\n","protected":false},"excerpt":{"rendered":"<p>O Atacad\u00e3o anuncia a abertura de 285 vagas efetivas para sua futura opera\u00e7\u00e3o em Governador Valadares, no Leste de Minas. Prevista para o segundo semestre deste ano, a inaugura\u00e7\u00e3o faz parte do plano de expans\u00e3o do grupo e fortalece a posi\u00e7\u00e3o da companhia como maior atacadista de alimentos do Brasil. S\u00e3o diversas oportunidades para mais [&hellip;]<\/p>\n","protected":false},"author":1,"featured_media":42440,"comment_status":"open","ping_status":"closed","sticky":false,"template":"","format":"standard","meta":{"amp_status":"","footnotes":""},"categories":[121],"tags":[19272,1018,19270,19268,247,19273,19271,19269],"class_list":["post-42439","post","type-post","status-publish","format-standard","has-post-thumbnail","hentry","category-leste","tag-atacadao","tag-destaque","tag-emprego-em-governador-valadares","tag-empresa-do-setor-atacadista-abre-285-vagas-em-governador-valadares","tag-governador-valadares","tag-grupo-carrefour","tag-oportunidade-em-governador-valadares","tag-vagas-de-emprego-em-governador-valadares"],"_links":{"self":[{"href":"https:\/\/aconteceunovale.com.br\/portal\/index.php?rest_route=\/wp\/v2\/posts\/42439","targetHints":{"allow":["GET"]}}],"collection":[{"href":"https:\/\/aconteceunovale.com.br\/portal\/index.php?rest_route=\/wp\/v2\/posts"}],"about":[{"href":"https:\/\/aconteceunovale.com.br\/portal\/index.php?rest_route=\/wp\/v2\/types\/post"}],"author":[{"embeddable":true,"href":"https:\/\/aconteceunovale.com.br\/portal\/index.php?rest_route=\/wp\/v2\/users\/1"}],"replies":[{"embeddable":true,"href":"https:\/\/aconteceunovale.com.br\/portal\/index.php?rest_route=%2Fwp%2Fv2%2Fcomments&post=42439"}],"version-history":[{"count":0,"href":"https:\/\/aconteceunovale.com.br\/portal\/index.php?rest_route=\/wp\/v2\/posts\/42439\/revisions"}],"wp:featuredmedia":[{"embeddable":true,"href":"https:\/\/aconteceunovale.com.br\/portal\/index.php?rest_route=\/wp\/v2\/media\/42440"}],"wp:attachment":[{"href":"https:\/\/aconteceunovale.com.br\/portal\/index.php?rest_route=%2Fwp%2Fv2%2Fmedia&parent=42439"}],"wp:term":[{"taxonomy":"category","embeddable":true,"href":"https:\/\/aconteceunovale.com.br\/portal\/index.php?rest_route=%2Fwp%2Fv2%2Fcategories&post=42439"},{"taxonomy":"post_tag","embeddable":true,"href":"https:\/\/aconteceunovale.com.br\/portal\/index.php?rest_route=%2Fwp%2Fv2%2Ftags&post=42439"}],"curies":[{"name":"wp","href":"https:\/\/api.w.org\/{rel}","templated":true}]}}