{"id":42436,"date":"2014-10-16T23:19:11","date_gmt":"2014-10-17T02:19:11","guid":{"rendered":"http:\/\/aconteceunovale.com.br\/portal\/?p=42436"},"modified":"2014-10-16T23:19:11","modified_gmt":"2014-10-17T02:19:11","slug":"incendio-destroi-parte-de-residencia-apos-crianca-colocar-fogo-em-papeis","status":"publish","type":"post","link":"https:\/\/aconteceunovale.com.br\/portal\/?p=42436","title":{"rendered":"Inc\u00eandio destr\u00f3i parte de resid\u00eancia ap\u00f3s crian\u00e7a colocar fogo em pap\u00e9is"},"content":{"rendered":"<h4><strong><em>Menino de quatro anos estava sozinho na casa em Montes Claros. Pai disse que tinha ido consertar moto e foi detido por abandono de incapaz.<\/em><\/strong><\/h4>\n<p>Um inc\u00eandio destruiu parte de uma casa na tarde desta quinta-feira (16) em Montes Claros, Norte de Minas Gerais. De acordo com a Pol\u00edcia Militar, as chamas come\u00e7aram quando uma crian\u00e7a de quatro anos colocou fogo em pap\u00e9is dentro da resid\u00eancia, no bairro Sumar\u00e9.<\/p>\n<p>\u201cQuando chegamos ao local, fomos informados pelos bombeiros que a crian\u00e7a brincava com o fogo e ela mesma havia tentado apagar as chamas, mas como n\u00e3o conseguiu come\u00e7ou a gritar por ajuda\u201d, afirma o soldado Jos\u00e9 M\u00e1rcio Rodrigues.<\/p>\n<p>Vizinhos ouviram os gritos do garoto e conseguiram controlar as chamas. A crian\u00e7a estava sozinha na casa quando o fogo come\u00e7ou. \u201cLevei minha moto para consertar. Ele ficou em torno de 25 minutos sozinho\u201d, afirma o pai da crian\u00e7a, que n\u00e3o quis se identificar.<\/p>\n<p>O pais disse ainda que as chamas destru\u00edram m\u00f3veis e eletrodom\u00e9sticos que estavam dentro do quarto. Ele foi detido por abandono de incapaz e ser\u00e1 encaminhado \u00e0 delegacia da cidade. O Conselho Tutelar esteve no local e solicitou que a crian\u00e7a fosse entregue a uma tia paterna.<\/p>\n<p><em><strong>(Inter TV Grande Minas)<\/strong><\/em><\/p>\n","protected":false},"excerpt":{"rendered":"<p>Menino de quatro anos estava sozinho na casa em Montes Claros. Pai disse que tinha ido consertar moto e foi detido por abandono de incapaz. Um inc\u00eandio destruiu parte de uma casa na tarde desta quinta-feira (16) em Montes Claros, Norte de Minas Gerais. De acordo com a Pol\u00edcia Militar, as chamas come\u00e7aram quando uma [&hellip;]<\/p>\n","protected":false},"author":1,"featured_media":42437,"comment_status":"open","ping_status":"closed","sticky":false,"template":"","format":"standard","meta":{"amp_status":"","footnotes":""},"categories":[1236],"tags":[19267,210],"class_list":["post-42436","post","type-post","status-publish","format-standard","has-post-thumbnail","hentry","category-norte_de_minas","tag-incendio-destroi-parte-de-residencia-apos-crianca-colocar-fogo-em-papeis","tag-montes-claros"],"_links":{"self":[{"href":"https:\/\/aconteceunovale.com.br\/portal\/index.php?rest_route=\/wp\/v2\/posts\/42436","targetHints":{"allow":["GET"]}}],"collection":[{"href":"https:\/\/aconteceunovale.com.br\/portal\/index.php?rest_route=\/wp\/v2\/posts"}],"about":[{"href":"https:\/\/aconteceunovale.com.br\/portal\/index.php?rest_route=\/wp\/v2\/types\/post"}],"author":[{"embeddable":true,"href":"https:\/\/aconteceunovale.com.br\/portal\/index.php?rest_route=\/wp\/v2\/users\/1"}],"replies":[{"embeddable":true,"href":"https:\/\/aconteceunovale.com.br\/portal\/index.php?rest_route=%2Fwp%2Fv2%2Fcomments&post=42436"}],"version-history":[{"count":0,"href":"https:\/\/aconteceunovale.com.br\/portal\/index.php?rest_route=\/wp\/v2\/posts\/42436\/revisions"}],"wp:featuredmedia":[{"embeddable":true,"href":"https:\/\/aconteceunovale.com.br\/portal\/index.php?rest_route=\/wp\/v2\/media\/42437"}],"wp:attachment":[{"href":"https:\/\/aconteceunovale.com.br\/portal\/index.php?rest_route=%2Fwp%2Fv2%2Fmedia&parent=42436"}],"wp:term":[{"taxonomy":"category","embeddable":true,"href":"https:\/\/aconteceunovale.com.br\/portal\/index.php?rest_route=%2Fwp%2Fv2%2Fcategories&post=42436"},{"taxonomy":"post_tag","embeddable":true,"href":"https:\/\/aconteceunovale.com.br\/portal\/index.php?rest_route=%2Fwp%2Fv2%2Ftags&post=42436"}],"curies":[{"name":"wp","href":"https:\/\/api.w.org\/{rel}","templated":true}]}}