{"id":42428,"date":"2014-10-16T22:55:16","date_gmt":"2014-10-17T01:55:16","guid":{"rendered":"http:\/\/aconteceunovale.com.br\/portal\/?p=42428"},"modified":"2014-10-16T22:55:16","modified_gmt":"2014-10-17T01:55:16","slug":"incendio-atinge-plantacoes-de-eucalipto-no-vale-do-jequitinhonha","status":"publish","type":"post","link":"https:\/\/aconteceunovale.com.br\/portal\/?p=42428","title":{"rendered":"Inc\u00eandio atinge planta\u00e7\u00f5es de eucalipto no Vale do Jequitinhonha"},"content":{"rendered":"<h4><em><strong>Corpo de Bombeiros, Ex\u00e9rcito e caminh\u00f5es-pipa da prefeitura de Berilo foram utilizados no controle dos inc\u00eandios<\/strong><\/em><\/h4>\n<p>O tempo seco que assola Minas Gerais nas \u00faltimas semanas continua a propagar inc\u00eandios e causar transtornos em diversas cidades. De acordo com a Coordenadoria Estadual de Defesa Civil (Cedec), 155 munic\u00edpios j\u00e1 decretaram situa\u00e7\u00e3o de emerg\u00eancia devido a estiagem.<\/p>\n<p>A \u00faltima cidade inclu\u00edda na lista, onde a situa\u00e7\u00e3o se agravou, foi Angel\u00e2ndia, na regi\u00e3o do Vale do Jequitinhonha. A estiagem prolongada afeta diversos cursos d&#8217;\u00e1gua e rios como o S\u00e3o Francisco, em Pirapora, o rio Verde Grande, no Norte de Minas.<\/p>\n<p><img decoding=\"async\" src=\"http:\/\/aconteceunovale.com.br\/portal\/wp-content\/uploads\/2014\/10\/incendio_eucalipto.jpg\" alt=\"\" \/><em>Inc\u00eandio atinge planta\u00e7\u00f5es de eucalipto no Vale do Jequitinhonha &#8211; Foto: Divulga\u00e7\u00e3o<\/em><br \/>\n<\/br><\/p>\n<p>Na noite desta quarta-feira (15) uma guarni\u00e7\u00e3o do Corpo de Bombeiros de Diamantina conseguiu controlar um inc\u00eandio que teve inicio no dia 3 de outubro, na regi\u00e3o de Leliv\u00e9ldia, distrito de Berilo, no Vale do Jequitinhonha. O fogo chegou a ser controlado mas voltou a queimar a vegeta\u00e7\u00e3o na \u00faltima sexta-feira (10).<\/p>\n<p>Caminh\u00f5es-pipa da prefeitura e de uma Corpora\u00e7\u00e3o do Ex\u00e9rcito sediada em Virgem da Lapa ajudaram a combater as chamas com auxilio de moradores do lugar.<\/p>\n<p>O Corpo de Bombeiros n\u00e3o soube precisar a \u00e1rea atingida. De acordo com uma moradora de Leliv\u00e9ldia, o inc\u00eandio atingiu nascentes da Comunidade de Matinada e uma planta\u00e7\u00e3o de eucalipto \u00e0s margens da rodovia LMG-677 e chegou pr\u00f3ximo ao \u00fanico posto de gasolina da localidade. Na tarde de ter\u00e7a-feira (14) o fogo se alastrou com mais viol\u00eancia nas proximidades do distrito.<\/p>\n<p>Segundo o Comando do Corpo de Bombeiros de Diamantina, a guarni\u00e7\u00e3o permanece na regi\u00e3o. H\u00e1 suspeitas que o inc\u00eandio pode ter sido provocado, j\u00e1 que existem grupos contr\u00e1rios ao plantio de eucalipto na regi\u00e3o. A informa\u00e7\u00e3o n\u00e3o foi confirmada por nenhuma autoridade.<\/p>\n<p>Um levantamento do Corpo de Bombeiros, mostra que Minas Gerais teve mais de 700 focos de inc\u00eandio nas \u00faltimas 48 horas, a maior incid\u00eancia em todo o pa\u00eds. Minas tamb\u00e9m \u00e9 o estado com o maior n\u00famero de ocorr\u00eancias em unidades de conserva\u00e7\u00e3o.<\/p>\n<p><em>(Gazeta de Ara\u00e7ua\u00ed)<\/em><\/p>\n","protected":false},"excerpt":{"rendered":"<p>Corpo de Bombeiros, Ex\u00e9rcito e caminh\u00f5es-pipa da prefeitura de Berilo foram utilizados no controle dos inc\u00eandios O tempo seco que assola Minas Gerais nas \u00faltimas semanas continua a propagar inc\u00eandios e causar transtornos em diversas cidades. De acordo com a Coordenadoria Estadual de Defesa Civil (Cedec), 155 munic\u00edpios j\u00e1 decretaram situa\u00e7\u00e3o de emerg\u00eancia devido a [&hellip;]<\/p>\n","protected":false},"author":1,"featured_media":42429,"comment_status":"open","ping_status":"closed","sticky":false,"template":"","format":"standard","meta":{"amp_status":"","footnotes":""},"categories":[120],"tags":[841,198,16349,19256,19255,13364,144,482],"class_list":["post-42428","post","type-post","status-publish","format-standard","has-post-thumbnail","hentry","category-jequi","tag-berilo","tag-diamantina","tag-estiagem","tag-incendio-atinge-plantacoes-de-eucalipto-no-vale-do-jequitinhonha","tag-incendios","tag-leliveldia","tag-seca","tag-virgem-da-lapa"],"_links":{"self":[{"href":"https:\/\/aconteceunovale.com.br\/portal\/index.php?rest_route=\/wp\/v2\/posts\/42428","targetHints":{"allow":["GET"]}}],"collection":[{"href":"https:\/\/aconteceunovale.com.br\/portal\/index.php?rest_route=\/wp\/v2\/posts"}],"about":[{"href":"https:\/\/aconteceunovale.com.br\/portal\/index.php?rest_route=\/wp\/v2\/types\/post"}],"author":[{"embeddable":true,"href":"https:\/\/aconteceunovale.com.br\/portal\/index.php?rest_route=\/wp\/v2\/users\/1"}],"replies":[{"embeddable":true,"href":"https:\/\/aconteceunovale.com.br\/portal\/index.php?rest_route=%2Fwp%2Fv2%2Fcomments&post=42428"}],"version-history":[{"count":0,"href":"https:\/\/aconteceunovale.com.br\/portal\/index.php?rest_route=\/wp\/v2\/posts\/42428\/revisions"}],"wp:featuredmedia":[{"embeddable":true,"href":"https:\/\/aconteceunovale.com.br\/portal\/index.php?rest_route=\/wp\/v2\/media\/42429"}],"wp:attachment":[{"href":"https:\/\/aconteceunovale.com.br\/portal\/index.php?rest_route=%2Fwp%2Fv2%2Fmedia&parent=42428"}],"wp:term":[{"taxonomy":"category","embeddable":true,"href":"https:\/\/aconteceunovale.com.br\/portal\/index.php?rest_route=%2Fwp%2Fv2%2Fcategories&post=42428"},{"taxonomy":"post_tag","embeddable":true,"href":"https:\/\/aconteceunovale.com.br\/portal\/index.php?rest_route=%2Fwp%2Fv2%2Ftags&post=42428"}],"curies":[{"name":"wp","href":"https:\/\/api.w.org\/{rel}","templated":true}]}}