{"id":42426,"date":"2014-10-16T22:31:38","date_gmt":"2014-10-17T01:31:38","guid":{"rendered":"http:\/\/aconteceunovale.com.br\/portal\/?p=42426"},"modified":"2014-10-16T22:31:38","modified_gmt":"2014-10-17T01:31:38","slug":"incra-convoca-pre-selecionados-para-assentamento-em-jaiba","status":"publish","type":"post","link":"https:\/\/aconteceunovale.com.br\/portal\/?p=42426","title":{"rendered":"Incra convoca pr\u00e9-selecionados para assentamento em Ja\u00edba"},"content":{"rendered":"<p>Os 191 pr\u00e9-selecionados para serem assentados na fazenda Canad\u00e1, em Ja\u00edba, regi\u00e3o Norte de Minas Gerais, devem manifestar interesse, entre os dias 21 e 23 de outubro. A informa\u00e7\u00e3o foi divulgada, nesta quinta-feira 16, pelo Instituto Nacional de Coloniza\u00e7\u00e3o e Reforma Agr\u00e1ria de Minas Gerais (Incra-MG). O assentamento Canad\u00e1, criado no final do m\u00eas de setembro, tem 5.744 hectares e vai abrigar 82 fam\u00edlias de trabalhadores rurais.<\/p>\n<p>A declara\u00e7\u00e3o de interesse deve ser apresentada \u00e0 equipe de sele\u00e7\u00e3o do Incra no centro de eventos Jos\u00e9 Arnaldo, na avenida Valdomiro Cardoso de S\u00e1, s\/n, Centro, Ja\u00edba, das 8h \u00e0s 12h e das 14h \u00e0s 17h.<\/p>\n<p>A declara\u00e7\u00e3o deve ser acompanhada dos documentos relacionados: Cadastro Nacional de Informa\u00e7\u00f5es Sociais (CNIS); folha resumo do Cad\u00danico; e atestado de antecedentes criminais.<\/p>\n<p>Quem n\u00e3o se manifestar nas datas acima, tem at\u00e9 3 de novembro para encaminhar a declara\u00e7\u00e3o para a Divis\u00e3o de Obten\u00e7\u00e3o de Terras do Incra-MG, na avenida Afonso Pena, 3.500, bairro Cruzeiro,  Belo Horizonte, Minas Gerias, CEP 30.130-009. Trinta e um candidatos que tinham sido eliminados, poder\u00e3o apresentar recurso administrativamente no mesmo prazo.<\/p>\n<p>Outro edital, notifica ainda 35 benefici\u00e1rios de 21 assentamentos para se defenderem em processos administrativos que apuram abandono de lotes. A medida \u00e9 resultado de trabalho cont\u00ednuo das equipes da autarquia que identificam e tomam as provid\u00eancias para retomar lotes utilizados indevidamente por benefici\u00e1rios. O prazo para defesa neste caso \u00e9 de 30 trinta dias da publica\u00e7\u00e3o, ou seja, at\u00e9 o dia 11 de novembro.<\/p>\n<p>Para mais informa\u00e7\u00f5es, <a href=\"http:\/\/www.incra.gov.br\/noticias\/incramg-convoca-selecionados-para-assentamento-criado-no-norte-do-estado\" target=\"_blank\">clique aqui<\/a>.<\/p>\n","protected":false},"excerpt":{"rendered":"<p>Os 191 pr\u00e9-selecionados para serem assentados na fazenda Canad\u00e1, em Ja\u00edba, regi\u00e3o Norte de Minas Gerais, devem manifestar interesse, entre os dias 21 e 23 de outubro. A informa\u00e7\u00e3o foi divulgada, nesta quinta-feira 16, pelo Instituto Nacional de Coloniza\u00e7\u00e3o e Reforma Agr\u00e1ria de Minas Gerais (Incra-MG). O assentamento Canad\u00e1, criado no final do m\u00eas de [&hellip;]<\/p>\n","protected":false},"author":1,"featured_media":14322,"comment_status":"open","ping_status":"closed","sticky":false,"template":"","format":"standard","meta":{"amp_status":"","footnotes":""},"categories":[1236],"tags":[19254,19253,1058],"class_list":["post-42426","post","type-post","status-publish","format-standard","has-post-thumbnail","hentry","category-norte_de_minas","tag-fazenda-canada","tag-incra-convoca-pre-selecionados-para-assentamento-em-jaiba","tag-jaiba"],"_links":{"self":[{"href":"https:\/\/aconteceunovale.com.br\/portal\/index.php?rest_route=\/wp\/v2\/posts\/42426","targetHints":{"allow":["GET"]}}],"collection":[{"href":"https:\/\/aconteceunovale.com.br\/portal\/index.php?rest_route=\/wp\/v2\/posts"}],"about":[{"href":"https:\/\/aconteceunovale.com.br\/portal\/index.php?rest_route=\/wp\/v2\/types\/post"}],"author":[{"embeddable":true,"href":"https:\/\/aconteceunovale.com.br\/portal\/index.php?rest_route=\/wp\/v2\/users\/1"}],"replies":[{"embeddable":true,"href":"https:\/\/aconteceunovale.com.br\/portal\/index.php?rest_route=%2Fwp%2Fv2%2Fcomments&post=42426"}],"version-history":[{"count":0,"href":"https:\/\/aconteceunovale.com.br\/portal\/index.php?rest_route=\/wp\/v2\/posts\/42426\/revisions"}],"wp:featuredmedia":[{"embeddable":true,"href":"https:\/\/aconteceunovale.com.br\/portal\/index.php?rest_route=\/wp\/v2\/media\/14322"}],"wp:attachment":[{"href":"https:\/\/aconteceunovale.com.br\/portal\/index.php?rest_route=%2Fwp%2Fv2%2Fmedia&parent=42426"}],"wp:term":[{"taxonomy":"category","embeddable":true,"href":"https:\/\/aconteceunovale.com.br\/portal\/index.php?rest_route=%2Fwp%2Fv2%2Fcategories&post=42426"},{"taxonomy":"post_tag","embeddable":true,"href":"https:\/\/aconteceunovale.com.br\/portal\/index.php?rest_route=%2Fwp%2Fv2%2Ftags&post=42426"}],"curies":[{"name":"wp","href":"https:\/\/api.w.org\/{rel}","templated":true}]}}