{"id":42419,"date":"2014-10-16T20:15:11","date_gmt":"2014-10-16T23:15:11","guid":{"rendered":"http:\/\/aconteceunovale.com.br\/portal\/?p=42419"},"modified":"2014-10-16T20:23:07","modified_gmt":"2014-10-16T23:23:07","slug":"dilma-tem-queda-de-pressao-e-passa-mal-apos-debate-no-sbt","status":"publish","type":"post","link":"https:\/\/aconteceunovale.com.br\/portal\/?p=42419","title":{"rendered":"Dilma tem queda de press\u00e3o e passa mal ap\u00f3s debate no SBT"},"content":{"rendered":"<p>A candidata do PT \u00e0 reelei\u00e7\u00e3o, Dilma Rousseff, passou mal ao vivo ap\u00f3s a realiza\u00e7\u00e3o do segundo debate entre os candidatos, na noite desta quinta-feira. Ao dar entrevista para o SBT ao final do debate, a candidata se enrolou e n\u00e3o conseguiu completar a declara\u00e7\u00e3o: \u201cminha press\u00e3o caiu\u201d, disse Dilma.<\/p>\n<p>Imediatamente, a rep\u00f3rter conduziu Dilma \u00e0 cadeira para receber atendimento e \u00e1gua. Alguns minutos depois, Dilma voltou a conversar com a jornalista. \u201cTive uma queda de press\u00e3o. Pe\u00e7o desculpas, mas \u00e9 assim que n\u00f3s somos\u201d.<\/p>\n<p>Dilma queria refazer a entrevista, mas a rep\u00f3rter alegou que n\u00e3o poderia pelo tempo da lei eleitoral. A presidente emendou um \u201cse \u00e9 assim que voc\u00ea quer, assim ser\u00e1\u201d.<\/p>\n<div id=\"fb-root\"><\/div>\n<p> <script>(function(d, s, id) { var js, fjs = d.getElementsByTagName(s)[0]; if (d.getElementById(id)) return; js = d.createElement(s); js.id = id; js.src = \"\/\/connect.facebook.net\/pt_BR\/all.js#xfbml=1\"; fjs.parentNode.insertBefore(js, fjs); }(document, 'script', 'facebook-jssdk'));<\/script><\/p>\n<div class=\"fb-post\" data-href=\"https:\/\/www.facebook.com\/video.php?v=313335232179265\" data-width=\"610\">\n<div class=\"fb-xfbml-parse-ignore\"><a href=\"https:\/\/www.facebook.com\/video.php?v=313335232179265\">Publica\u00e7\u00e3o<\/a> by <a href=\"https:\/\/www.facebook.com\/aconteceunovale\">Aconteceu no VALE<\/a>.<\/div>\n<\/div>\n<p><\/br><\/p>\n<p><iframe loading=\"lazy\" width=\"640\" height=\"480\" src=\"\/\/www.youtube.com\/embed\/E-gU2Np-w78\" frameborder=\"0\" allowfullscreen><\/iframe><\/p>\n","protected":false},"excerpt":{"rendered":"<p>A candidata do PT \u00e0 reelei\u00e7\u00e3o, Dilma Rousseff, passou mal ao vivo ap\u00f3s a realiza\u00e7\u00e3o do segundo debate entre os candidatos, na noite desta quinta-feira. Ao dar entrevista para o SBT ao final do debate, a candidata se enrolou e n\u00e3o conseguiu completar a declara\u00e7\u00e3o: \u201cminha press\u00e3o caiu\u201d, disse Dilma. Imediatamente, a rep\u00f3rter conduziu Dilma [&hellip;]<\/p>\n","protected":false},"author":1,"featured_media":42420,"comment_status":"open","ping_status":"closed","sticky":false,"template":"","format":"standard","meta":{"amp_status":"","footnotes":""},"categories":[6],"tags":[19248,19247,19251,19250,19241,19249,19244,19252,19243,19240,19239,19238,19237,19242,19246,19245],"class_list":["post-42419","post","type-post","status-publish","format-standard","has-post-thumbnail","hentry","category-br","tag-aecio-faz-dilma-passar-mal","tag-aecio-faz-presidente-passar-mal","tag-dilma-nao-aguenta-a-pressao-de-aecio","tag-dilma-nao-aguenta-a-pressao-e-passa-mal-apos-debate","tag-dilma-passa-mal","tag-dilma-passa-mal-ao-vivo-no-sbt","tag-dilma-passa-mal-apos-debate-no-sbt","tag-dilma-passa-mal-apos-pressao-de-aecio","tag-dilma-tem-queda-de-pressao-e-passa-mal-apos-debate-no-sbt","tag-estado-de-saude-da-presidente","tag-estado-de-saude-da-presidente-dilma","tag-presidente-dilma-rousseff","tag-presidente-dilma-rousseff-passa-mal","tag-presidente-passa-mal-apos-debate","tag-pressao-da-presidente-cai-apos-debate","tag-pressao-de-dilma-cai-apos-debate"],"_links":{"self":[{"href":"https:\/\/aconteceunovale.com.br\/portal\/index.php?rest_route=\/wp\/v2\/posts\/42419","targetHints":{"allow":["GET"]}}],"collection":[{"href":"https:\/\/aconteceunovale.com.br\/portal\/index.php?rest_route=\/wp\/v2\/posts"}],"about":[{"href":"https:\/\/aconteceunovale.com.br\/portal\/index.php?rest_route=\/wp\/v2\/types\/post"}],"author":[{"embeddable":true,"href":"https:\/\/aconteceunovale.com.br\/portal\/index.php?rest_route=\/wp\/v2\/users\/1"}],"replies":[{"embeddable":true,"href":"https:\/\/aconteceunovale.com.br\/portal\/index.php?rest_route=%2Fwp%2Fv2%2Fcomments&post=42419"}],"version-history":[{"count":0,"href":"https:\/\/aconteceunovale.com.br\/portal\/index.php?rest_route=\/wp\/v2\/posts\/42419\/revisions"}],"wp:featuredmedia":[{"embeddable":true,"href":"https:\/\/aconteceunovale.com.br\/portal\/index.php?rest_route=\/wp\/v2\/media\/42420"}],"wp:attachment":[{"href":"https:\/\/aconteceunovale.com.br\/portal\/index.php?rest_route=%2Fwp%2Fv2%2Fmedia&parent=42419"}],"wp:term":[{"taxonomy":"category","embeddable":true,"href":"https:\/\/aconteceunovale.com.br\/portal\/index.php?rest_route=%2Fwp%2Fv2%2Fcategories&post=42419"},{"taxonomy":"post_tag","embeddable":true,"href":"https:\/\/aconteceunovale.com.br\/portal\/index.php?rest_route=%2Fwp%2Fv2%2Ftags&post=42419"}],"curies":[{"name":"wp","href":"https:\/\/api.w.org\/{rel}","templated":true}]}}