{"id":42403,"date":"2014-10-16T18:20:45","date_gmt":"2014-10-16T21:20:45","guid":{"rendered":"http:\/\/aconteceunovale.com.br\/portal\/?p=42403"},"modified":"2014-10-16T18:21:30","modified_gmt":"2014-10-16T21:21:30","slug":"42403","status":"publish","type":"post","link":"https:\/\/aconteceunovale.com.br\/portal\/?p=42403","title":{"rendered":"Ocorr\u00eancias em destaque no Norte de Minas Gerais \u2013 16 de outubro de 2014"},"content":{"rendered":"<h4><strong>Tora de madeira cai de caminh\u00e3o e mata ciclista em Ja\u00edba<\/strong><\/h4>\n<p>Uma mulher morreu ap\u00f3s ser atingida por uma tora de madeira, na LMG-633, em Ja\u00edba, Norte de Minas Gerais, nesta quarta-feira (15).<\/p>\n<p>Segundo as informa\u00e7\u00f5es da Pol\u00edcia Militar, a madeira estava sendo transportada em um caminh\u00e3o. O motorista disse para a PM que ele e a mulher, que andava pela rodovia de bicicleta, seguiam no mesmo sentido. Ao tentar ultrapass\u00e1-la, uma das toras de madeira acabou atingindo-a. Uma equipe do Samu esteve no local e confirmou o \u00f3bito. O caminhoneiro foi levado para a Pol\u00edcia Civil em Jana\u00faba (MG).<br \/>\n<\/br><\/p>\n<h4><strong>Ag\u00eancia dos Correios de Japonvar \u00e9 assaltada por dois homens<\/strong><\/h4>\n<p>Uma ag\u00eancia dos Correios na Avenida Jo\u00e3o Pessoa, no Bairro Pequizeiro, em Japonvar (MG), foi assaltada nesta quarta-feira (15).<\/p>\n<p>Segundo as informa\u00e7\u00f5es da Pol\u00edcia Militar, um funcion\u00e1rio estava trabalhando no caixa, quando um homem armado e de capacete entrou no local. Ap\u00f3s anunciar o assalto, o criminoso ordenou para que os clientes sa\u00edssem da ag\u00eancia.<\/p>\n<p>O assaltante fugiu levando dinheiro, junto com um comparsa que o aguardava do lado de fora do local. Eles ainda n\u00e3o foram presos.<br \/>\n<\/br><\/p>\n<h4><strong>Rapaz acerta vaso na cabe\u00e7a de ladr\u00e3o e impede assalto em Jana\u00faba<\/strong><\/h4>\n<p>A Pol\u00edcia Militar de Jana\u00faba, norte de Minas Gerais, procura por um homem suspeito de tentar assaltar uma casa nesta quinta-feira (16).<\/p>\n<p>De acordo com as primeiras informa\u00e7\u00f5es da PM, o suspeito armado invadiu uma casa no bairro Cer\u00e2mica e colocou os moradores dentro de um banheiro. Mas, um rapaz, que n\u00e3o foi visto pelo assaltante, percebeu a movimenta\u00e7\u00e3o na casa e acertou um vaso de cer\u00e2mica na cabe\u00e7a do bandido, que reagiu com um tiro contra o morador.<\/p>\n<p>O tiro acertou a cabe\u00e7a da v\u00edtima de rasp\u00e3o. Ela foi socorrida por vizinhos e encaminhada consciente a um hospital da cidade. O criminoso fugiu e ainda n\u00e3o foi encontrado pela pol\u00edcia.<br \/>\n<\/br><\/p>\n<h4><strong>Homem de 31 anos \u00e9 atingido por dois tiros em Una\u00ed<\/strong><\/h4>\n<p>Um homem de 31 anos foi atingido por dois tiros, no bra\u00e7o e clav\u00edcula, no Bairro Primavera, em Una\u00ed, nessa quarta-feira (15).<\/p>\n<p>A v\u00edtima disse para a Pol\u00edcia Militar que andava de moto pela Rua An\u00edsio Gon\u00e7alves, quando um motoqueiro que seguia em frente fez uma manobra de retorno. Nesse momento, o passageiro sacou um rev\u00f3lver e atirou tr\u00eas vezes. Mesmo ferido, o homem conseguiu ir at\u00e9 a Rua Taquaril, onde pediu socorro.<\/p>\n<p>A esposa da v\u00edtima disse para a PM que o autor dos disparos seria um adolescente de 17 anos, e que o crime aconteceu por causa de uma briga entre os dois. Os policiais fizeram buscas para tentar localizar os suspeitos, mas ningu\u00e9m foi detido. O homem foi socorrido pelo Corpo de Bombeiros e levado at\u00e9 um hospital.<br \/>\n<\/br><\/p>\n<h4><strong>Menor de 16 anos \u00e9 detido com droga e arma em Montes Claros<\/strong><\/h4>\n<p>Um adolescente de 16 anos foi apreendido com drogas e uma arma na Rua Juramento, no Bairro Cintra, em Montes Claros (MG), nesta quarta-feira (15).<\/p>\n<p>De acordo com a Pol\u00edcia Militar, ele foi abordado na rua, com duas por\u00e7\u00f5es de maconha. Os militares foram at\u00e9 a casa dele, onde uma arma, com numera\u00e7\u00e3o raspada e com muni\u00e7\u00e3o, foi encontrada no quarto do menor. O jovem foi levado para a delegacia junto com a droga e o rev\u00f3lver.<br \/>\n<\/br><\/p>\n<h4><strong>Exame residuogr\u00e1fico de suspeito de atirar em crian\u00e7a em Montes Claros d\u00e1 negativo<\/strong><\/h4>\n<p>Um dos suspeitos de dar os tiros que atingiram uma crian\u00e7a de seis anos, nesta quarta-feira (15), em Montes Claros (MG), teve o resultado da per\u00edcia residuogr\u00e1fica negativo. O exame permite identificar a presen\u00e7a de vest\u00edgios de p\u00f3lvora. Ele se apresentou voluntariamente \u00e0 pol\u00edcia. O outro suspeito, um menor de 16 anos, ainda n\u00e3o foi localizado. A arma utilizada no crime tamb\u00e9m n\u00e3o foi encontrada. <\/p>\n<p>O menino de seis anos foi atingido por um tiro na cabe\u00e7a enquanto brincava na porta de casa, no beco Beija-Flor, na Vila S\u00e3o Francisco de Assis. De acordo com a Pol\u00edcia Militar, a crian\u00e7a foi socorrida por moradores do bairro. \u201cConversamos com o menino, ele disse que estava brincando e n\u00e3o sabia o que tinha acontecido\u201d, afirma o sargento Romildo Teixeira.<\/p>\n<p>O menino foi levado para a Santa Casa de Montes Claros. Na noite desta quarta-feira, ele foi atendido por um neurologista e um pediatra. Ele passar\u00e1 por uma cirurgia nesta sexta (17). O quadro de sa\u00fade \u00e9 considerado est\u00e1vel.<br \/>\n<\/br><\/p>\n<h4><strong>Motocicleta roubada \u00e9 localizada em Taiobeiras<\/strong><\/h4>\n<p>Uma guarni\u00e7\u00e3o da Pol\u00edcia Militar foi acionada na tarde de quinta-feira, 15 de outubro, pela solicitante G.S.J que relatou \u00e0 pol\u00edcia que sua motocicleta  Yamaha\/YS Fazer 150 preta, placa OWY-3276 foi roubada de seu esposo R.G.S em data anterior no centro de Taiobeiras por dois adolescentes menores de idade. <\/p>\n<p>A senhora relatou ainda que na data de 15\/10\/2014, teria recebido uma liga\u00e7\u00e3o por volta das 16h30min, de pessoa n\u00e3o identificada, que indicou onde estaria o ve\u00edculo e lhe pediu para n\u00e3o ligar imediatamente para a pol\u00edcia. <\/p>\n<p>Diante do fato seu esposo R.G.S se deslocou at\u00e9 o local, encontrou a motocicleta e a levou para a resid\u00eancia da solicitante. O reboque foi acionado, e a motocicleta removida at\u00e9 o p\u00e1tio. A solicitante foi orientada a comparecer posteriormente \u00e0 Depol para retirada do ve\u00edculo e baixa do sistema da sinaliza\u00e7\u00e3o de furto\/roubo.<br \/>\n<\/br><\/p>\n<h4><strong>Objetos furtados no bairro planalto em Taiobeiras s\u00e3o localizados<\/strong><\/h4>\n<p>Na tarde de quarta-feira, 15 de outubro, uma guarni\u00e7\u00e3o da pol\u00edcia militar foi acionada por C.M.O, que informou \u00e0 pol\u00edcia que sua fam\u00edlia possui uma resid\u00eancia desocupada para ser alugada na rua Piau\u00ed, no bairro planalto e que ao chegar na resid\u00eancia encontrou v\u00e1rios aparelhos em cima da laje do port\u00e3o. <\/p>\n<p>Um aparelho DVD, um controle de TV e uma prancha de cabelo, foram furtados em uma resid\u00eancia na rua Uberaba no mesmo bairro no dia 14\/10\/2014. A v\u00edtima do furto C.S.G, 32 anos, foi orientada sobre a restitui\u00e7\u00e3o dos objetos.<\/p>\n<p><strong><em>(Fonte: Pol\u00edcia Militar \/ Inter TV Grande Minas)<\/em><\/strong><\/p>\n","protected":false},"excerpt":{"rendered":"<p>Tora de madeira cai de caminh\u00e3o e mata ciclista em Ja\u00edba Uma mulher morreu ap\u00f3s ser atingida por uma tora de madeira, na LMG-633, em Ja\u00edba, Norte de Minas Gerais, nesta quarta-feira (15). Segundo as informa\u00e7\u00f5es da Pol\u00edcia Militar, a madeira estava sendo transportada em um caminh\u00e3o. O motorista disse para a PM que ele [&hellip;]<\/p>\n","protected":false},"author":1,"featured_media":42404,"comment_status":"open","ping_status":"closed","sticky":false,"template":"","format":"standard","meta":{"amp_status":"","footnotes":""},"categories":[1236],"tags":[19188,19189,19190,19186,1058,204,3058,19187,210,19183,19184,19192,19185,419,19191,222],"class_list":["post-42403","post","type-post","status-publish","format-standard","has-post-thumbnail","hentry","category-norte_de_minas","tag-agencia-dos-correios-de-japonvar-e-assaltada-por-dois-homens","tag-correios-de-japonvar","tag-exame-residuografico-de-suspeito-de-atirar-em-crianca-em-montes-claros-da-negativo","tag-homem-de-31-anos-e-atingido-por-dois-tiros-em-unai","tag-jaiba","tag-janauba","tag-japonvar","tag-menor-de-16-anos-e-detido-com-droga-e-arma-em-montes-claros","tag-montes-claros","tag-motocicleta-roubada-e-localizada-em-taiobeiras","tag-objetos-furtados-no-bairro-planalto-em-taiobeiras-sao-localizados","tag-ocorrencias-em-destaque-no-norte-de-minas-gerais-16-de-outubro-de-2014","tag-rapaz-acerta-vaso-na-cabeca-de-ladrao-e-impede-assalto-em-janauba","tag-taiobeiras","tag-tora-de-madeira-cai-de-caminhao-e-mata-ciclista-em-jaiba","tag-unai"],"_links":{"self":[{"href":"https:\/\/aconteceunovale.com.br\/portal\/index.php?rest_route=\/wp\/v2\/posts\/42403","targetHints":{"allow":["GET"]}}],"collection":[{"href":"https:\/\/aconteceunovale.com.br\/portal\/index.php?rest_route=\/wp\/v2\/posts"}],"about":[{"href":"https:\/\/aconteceunovale.com.br\/portal\/index.php?rest_route=\/wp\/v2\/types\/post"}],"author":[{"embeddable":true,"href":"https:\/\/aconteceunovale.com.br\/portal\/index.php?rest_route=\/wp\/v2\/users\/1"}],"replies":[{"embeddable":true,"href":"https:\/\/aconteceunovale.com.br\/portal\/index.php?rest_route=%2Fwp%2Fv2%2Fcomments&post=42403"}],"version-history":[{"count":0,"href":"https:\/\/aconteceunovale.com.br\/portal\/index.php?rest_route=\/wp\/v2\/posts\/42403\/revisions"}],"wp:featuredmedia":[{"embeddable":true,"href":"https:\/\/aconteceunovale.com.br\/portal\/index.php?rest_route=\/wp\/v2\/media\/42404"}],"wp:attachment":[{"href":"https:\/\/aconteceunovale.com.br\/portal\/index.php?rest_route=%2Fwp%2Fv2%2Fmedia&parent=42403"}],"wp:term":[{"taxonomy":"category","embeddable":true,"href":"https:\/\/aconteceunovale.com.br\/portal\/index.php?rest_route=%2Fwp%2Fv2%2Fcategories&post=42403"},{"taxonomy":"post_tag","embeddable":true,"href":"https:\/\/aconteceunovale.com.br\/portal\/index.php?rest_route=%2Fwp%2Fv2%2Ftags&post=42403"}],"curies":[{"name":"wp","href":"https:\/\/api.w.org\/{rel}","templated":true}]}}