{"id":42393,"date":"2014-10-16T17:44:49","date_gmt":"2014-10-16T20:44:49","guid":{"rendered":"http:\/\/aconteceunovale.com.br\/portal\/?p=42393"},"modified":"2014-10-16T17:46:47","modified_gmt":"2014-10-16T20:46:47","slug":"ocorrencias-em-destaque-nos-vales-do-jequitinhonha-rio-doce-e-mucuri-16-de-outubro-de-2014","status":"publish","type":"post","link":"https:\/\/aconteceunovale.com.br\/portal\/?p=42393","title":{"rendered":"Ocorr\u00eancias em destaque nos Vales do Jequitinhonha, Rio Doce e Mucuri \u2013 16 de outubro de 2014"},"content":{"rendered":"<h4><strong>Pol\u00edcia prende quadrilha acusada de tr\u00e1fico de drogas em Almenara<\/strong><\/h4>\n<p>Uma a\u00e7\u00e3o da Pol\u00edcia Militar resultou na pris\u00e3o de quatro adultos e na apreens\u00e3o de tr\u00eas adolescentes na tarde de quarta-feira, 15 de outubro, em Almenara, no Vale do Jequitinhonha. O grupo \u00e9 suspeito de tr\u00e1fico de drogas, posse ilegal de arma e corrup\u00e7\u00e3o de menores.<\/p>\n<p>A opera\u00e7\u00e3o da Pol\u00edcia Militar foi desencadeada a partir de den\u00fancias an\u00f4nimas relatando sobre tr\u00e1fico de drogas em uma resid\u00eancia no Bairro Planalto (Vila Serrana).<\/p>\n<p><img decoding=\"async\" src=\"http:\/\/aconteceunovale.com.br\/portal\/wp-content\/uploads\/2014\/10\/trafico_almenara.jpg\" alt=\"\" \/><em>Sete suspeitos de tr\u00e1fico foram detidos em Almenara &#8211; Foto: Pol\u00edcia Militar\/Divulga\u00e7\u00e3o<\/em><br \/>\n<\/br><\/p>\n<p>Foram presos um homem de 28 anos, uma mulher de 32, dois rapazes da Bahia de 19 e 22 anos e apreendido tr\u00eas menores de 15 e 17 anos de idade. Um dos baianos \u00e9 suspeito de ser o fornecedor das drogas e poss\u00edvel chefe da quadrilha que estava tentando formar no munic\u00edpio.<\/p>\n<p>Na casa denunciada estavam o casal e o menor com um foguete na m\u00e3o que acionou o artefato ao perceber a presen\u00e7a dos policiais militares. No interior do im\u00f3vel foram encontradas 109 pedras de crack e cinco buchas de maconha. Os rapazes baianos foram presos em um hotel da cidade <\/p>\n<p>A partir da pris\u00e3o dos dois a PM efetuou a apreens\u00e3o do outro menor de 15 anos suspeito de tamb\u00e9m ser empregado na venda de drogas da quadrilha. O outro menor foi apreendido tentando esconder em sua casa 25 gramas de coca\u00edna, um rev\u00f3lver calibre 38 e 13 muni\u00e7\u00f5es.<\/p>\n<p>Todos os envolvidos e o material apreendido foram conduzidos \u00e0 delegacia de Almenara para demais provid\u00eancias.<br \/>\n<\/br><\/p>\n<h4><strong>Dois postos de combust\u00edveis s\u00e3o assaltos na cidade de Nanuque<\/strong><\/h4>\n<p>Dois postos de combust\u00edveis foram assaltados na madrugada desta quinta-feira (16), em um intervalo de 20 minutos, por dois homens em Nanuque (MG). De acordo com a Pol\u00edcia Militar, os criminosos armados, renderam um frentista do primeiro posto, roubaram R$ 77 e fugiram em uma motocicleta.<\/p>\n<p>Ainda segundo informa\u00e7\u00f5es da PM, enquanto os militares realizavam o Boletim de Ocorr\u00eancia, outro posto de combust\u00edveis, que fica a dois quil\u00f4metros de dist\u00e2ncia do primeiro posto, foi assaltado por dois criminosos em uma motocicleta. Os assaltantes tinham as mesmas descri\u00e7\u00f5es do primeiro assalto. Eles roubaram R$ 76 e fugiram.<\/p>\n<p>A pol\u00edcia suspeita que os assaltantes sejam os mesmos que cometeram os dois assaltos. Foram realizadas buscas na regi\u00e3o, mas at\u00e9 a manh\u00e3 desta quinta-feira (16) ningu\u00e9m foi preso.<br \/>\n<\/br><\/p>\n<h4><strong>Homem \u00e9 baleado quatro vezes em bar de Governador Valadares<\/strong><\/h4>\n<p>Um homem foi v\u00edtima de uma tentativa de homic\u00eddio na noite dessa quarta-feira (15), em Governador Valadares, no Vale do Rio Doce. A v\u00edtima foi baleada quatro vezes. Segundo a Pol\u00edcia Militar, L.R.L, de 38 anos, estava em um bar no bairro Santa Paula quando uma motocicleta parou perto dele e o condutor efetuou os disparos.<\/p>\n<p>A v\u00edtima foi atingida no ombro e nas costas e levada para o Hospital Municipal. O autor fugiu pela BR-116, no sentido do bairro Altin\u00f3polis.<\/p>\n<p>Os militares foram at\u00e9 o hospital, onde a v\u00edtima disse que o autor dos disparos seria um rapaz de 20 anos. Foi acionado o plano de cerco\/bloqueio e iniciado o rastreamento, mas at\u00e9 o momento, o autor n\u00e3o foi localizado.<br \/>\n<\/br><\/p>\n<h4><strong>Adolescente \u00e9 assassinado a tiros no bairro Vista Alegre em Valadares<\/strong><\/h4>\n<p>Um adolescente de 14 anos foi morto a tiros na madrugada desta quinta-feira, 16 de outubro, no bairro Vista Alegre, em Governador Valadares, no Leste de Minas. De acordo com a Pol\u00edcia Militar, uma pessoa ligou para via 190 e relatou que dois indiv\u00edduos haviam entrado em uma constru\u00e7\u00e3o abandonada e que aproximadamente um minuto depois ouviu o barulho de disparos de arma de fogo e que um dos indiv\u00edduos que havia entrado na constru\u00e7\u00e3o, saiu correndo.<\/p>\n<p>A guarni\u00e7\u00e3o chegou ao local e deparou com a v\u00edtima Paulo J\u00fanior Dias dos Santos, de 14 anos ca\u00edda de barriga para baixo, sem vida. O perito compareceu ao local, e ap\u00f3s os trabalhos periciais informou que havia duas perfura\u00e7\u00f5es no cr\u00e2nio da v\u00edtima, e que provavelmente ela havia sido assassinada por volta de 22h50.<\/p>\n<p>Moradores que n\u00e3o quiseram se identificar disseram que no hor\u00e1rio citado pelo perito, ouviram barulho de tr\u00eas a quatro disparos de arma de fogo. A equipe do GIIE compareceu ao local. Foi feito rastreamento, mas n\u00e3o foi poss\u00edvel identificar o autor. A v\u00edtima tinha passagens por tr\u00e1fico de drogas.<br \/>\n<\/br><\/p>\n<h4><strong>Pol\u00edcia Militar apreende duas armas de fogo em Comercinho<\/strong><\/h4>\n<p>Na quarta-feira, 15 de outubro, por volta das 10 horas da manh\u00e3, militares que realizavam patrulhamento na zona rural de Comercinho avistaram dois indiv\u00edduos n\u00e3o identificados, caminhando \u00e0s margens da estrada que liga a cidade \u00e0 comunidade do Alegre, carregando espingardas de fabrica\u00e7\u00e3o artesanal, sendo que ao perceberem a presen\u00e7a da viatura policial, os indiv\u00edduos jogaram as armas no mato, saindo em desabalada carreira e embrenhando-se em meio a uma mata fechada, n\u00e3o sendo mais localizados\/identificados. Ap\u00f3s buscas na mata, 02 (duas) armas de fogo e 01 (uma) sacola pl\u00e1stica contendo um frasco com p\u00f3lvora e outro chumbo foram localizadas, apreendidas e encaminhadas at\u00e9 a Delegacia da cidade de Medina.<br \/>\n<\/br><\/p>\n<h4><strong>Pol\u00edcia Militar apreende arma de fogo na zona rural de Almenara<\/strong><\/h4>\n<p>Na quinta-feira, 15 de outubro, por volta das 21h20, durante deslocamento para atendimento de ocorr\u00eancia, na Comunidade Capim Branco, foi localizado pr\u00f3ximo a uma cancela, um saco branco contendo em seu interior uma espingarda tipo polveira. Ningu\u00e9m foi encontrado pr\u00f3ximo do local. Sendo assim, o artefato foi apreendido e encaminhado para esta delegacia de pol\u00edcia.<br \/>\n<\/br><\/p>\n<h4><strong>Homem \u00e9 encontrado morto na zona rural de Jequitinhonha<\/strong><\/h4>\n<p>O corpo de um homem de 56 anos foi encontrado na manh\u00e3 de quarta-feira, 15 de outubro, \u00e0s margens de uma estrada vicinal pr\u00f3ximo ao acampamento Campo Novo. A Pol\u00edcia Militar foi acionada pelo irm\u00e3o da v\u00edtima. O solicitante relatou que o irm\u00e3o Paulinho Rodrigues Pereira fazia uso de medicamentos controlados e que ultimamente n\u00e3o estava usando regularmente tais medicamentos e que ele acredita que seu irm\u00e3o passou mal por n\u00e3o usar os rem\u00e9dios e faleceu. A per\u00edcia t\u00e9cnica da Pol\u00edcia Civil compareceu ao local e ap\u00f3s os trabalhos de praxe, constatou morte natural e liberou o corpo para a fam\u00edlia.<br \/>\n<\/br><\/p>\n<h4><strong>PM apreende 1 quilo de maconha com adolescente em Ipatinga<\/strong><\/h4>\n<p>Um quilo de maconha foi apreendido no fim da tarde de segunda-feira (13) na rua Tucanu\u00e7u, no bairro Vila Celeste. O local da apreens\u00e3o \u00e9 conhecido como campo do \u201cFlamenguinho\u201d, lugar tamb\u00e9m tido como um ponto de tr\u00e1fico. Um adolescente de 17 anos foi apreendido.<\/p>\n<p>Informa\u00e7\u00f5es an\u00f4nimas deram conta de que dois indiv\u00edduos estariam comercializando drogas e que parte do entorpecente estava escondida num matagal. Quando os policiais chegaram ao local, um dos indiv\u00edduos conseguiu fugir por um matagal. <\/p>\n<p>Com o menor de idade, a pol\u00edcia encontrou no bolso da bermuda uma bucha de maconha e ao seu lado uma sacola contendo resqu\u00edcios da mesma subst\u00e2ncia, uma faca, provavelmente utilizada para cortar a droga, uma enxada sem cabo e uma balan\u00e7a de precis\u00e3o. <\/p>\n<p>Pr\u00f3ximo \u00e0 uma cerca, os militares localizaram outra sacola coberta por folhas. Dentro dela, havia v\u00e1rias por\u00e7\u00f5es em barra de maconha pesando cerca de um quilo. Durante dilig\u00eancia \u00e0 resid\u00eancia do menor, a pol\u00edcia achou em seu guarda roupa um objeto utilizado para separar entorpecentes. O jovem suspeito foi conduzido para a delegacia com os materiais apreendidos.<br \/>\n<\/br><\/p>\n<h4><strong>Jovens agridem militar e saem rindo em Ipatinga<\/strong><\/h4>\n<p>Um sargento da PM foi agredido ao tentar conter uma algazarra na avenida Das Flores, no bairro Bom Jardim. O epis\u00f3dio ocorreu na tarde de segunda-feira (13) por volta de 18h. <\/p>\n<p>Conforme o boletim de ocorr\u00eancia, dois jovens estavam em frente a uma loja fazendo bagun\u00e7a e chutando cones no meio da rua. O militar que estava a paisana tentou intervir chamando aten\u00e7\u00e3o dos autores.<\/p>\n<p>Os rapazes come\u00e7aram a xinga-lo, mesmo ele tendo se identificado como PM. Um dos rapazes ainda arremessou pedras nas costas do policial. O outro jovem ainda teria tentado intimidar o militar, dizendo que iria buscar um revolver calibre 32 para acabar com o problema. Depois disso, os rapazes sa\u00edram rindo e zombando do militar. <\/p>\n<p>A v\u00edtima dispensou atendimento m\u00e9dico e foi orientada a representar contra os autores. Os autores da agress\u00e3o n\u00e3o foram localizados.<br \/>\n<\/br><\/p>\n<h4><strong>Crian\u00e7as procuram ajuda ap\u00f3s estupro e agress\u00e3o em Ipatinga<\/strong><\/h4>\n<p>Um caso de estupro de vulner\u00e1vel e agress\u00e3o a duas crian\u00e7as foi registrado em Ipatinga na tarde de segunda-feira (13) no bairro Igua\u00e7u. De acordo com o relato policial, uma das v\u00edtimas, uma menina de 8 anos h\u00e1 muito tempo vinha sofrendo abusos sexuais por parte do padrasto, de 40 anos. O filho do acusado tamb\u00e9m fora agredido na segunda-feira (13). <\/p>\n<p>Naquela tarde, a menina e seu o irm\u00e3o procuraram por uma parente, alegando que a m\u00e3e estava sendo agredida pelo companheiro. A menina contou que as agress\u00f5es come\u00e7aram depois que a m\u00e3e dela flagrou o padrasto lhe beijando e passando as m\u00e3os em suas partes \u00edntimas. <\/p>\n<p>Ainda conforme a menor de idade, o homem teria lhe dito que caso ela n\u00e3o deixasse ele lhe acariciar, mataria a m\u00e3e. A menina relatou que desde os seis anos de idade vinha sofrendo abusos por parte do padrasto. O irm\u00e3o da v\u00edtima, tamb\u00e9m menor, disse que o homem \u2013 seu pr\u00f3prio pai \u2013 lhe jogou um cadeado nas costas. <\/p>\n<p>Uma testemunha relatou \u00e0 pol\u00edcia que j\u00e1 presenciou cenas de agress\u00e3o entre o acusado e a m\u00e3e das crian\u00e7as, e que inclusive j\u00e1 encontrou a menina somente com as roupas \u00edntimas sujas de secre\u00e7\u00f5es. As crian\u00e7as foram encaminhadas \u00e0 UPA, onde foi feito contato com o Conselho Tutelar. <\/p>\n<p>Por causa da gravidade do caso, os representantes do \u00f3rg\u00e3o levaram os menores \u2013 acompanhados de uma tia \u2013 ao HMC, para que fosse realizado atendimento adequado para as crian\u00e7as. O autor e a m\u00e3e das crian\u00e7as n\u00e3o foram localizados.<\/p>\n<p><strong><em>(Fonte: Pol\u00edcia Militar \/ G1 \/ Jornal Vale do A\u00e7o \/ R\u00e1dio Te\u00f3filo Otoni)<\/em><\/strong><\/p>\n","protected":false},"excerpt":{"rendered":"<p>Pol\u00edcia prende quadrilha acusada de tr\u00e1fico de drogas em Almenara Uma a\u00e7\u00e3o da Pol\u00edcia Militar resultou na pris\u00e3o de quatro adultos e na apreens\u00e3o de tr\u00eas adolescentes na tarde de quarta-feira, 15 de outubro, em Almenara, no Vale do Jequitinhonha. O grupo \u00e9 suspeito de tr\u00e1fico de drogas, posse ilegal de arma e corrup\u00e7\u00e3o de [&hellip;]<\/p>\n","protected":false},"author":1,"featured_media":42394,"comment_status":"open","ping_status":"closed","sticky":false,"template":"","format":"standard","meta":{"amp_status":"","footnotes":""},"categories":[120],"tags":[19171,142,426,19177,19172,247,19170,19174,201,19176,389,252,19178,19175,19173,206030],"class_list":["post-42393","post","type-post","status-publish","format-standard","has-post-thumbnail","hentry","category-jequi","tag-adolescente-e-assassinado-a-tiros-no-bairro-vista-alegre-em-governador-valadares","tag-almenara","tag-comercinho","tag-criancas-procuram-ajuda-apos-estupro-e-agressao-em-ipatinga","tag-dois-postos-de-combustiveis-sao-assaltos-na-cidade-de-nanuque","tag-governador-valadares","tag-homem-e-baleado-quatro-vezes-em-bar-de-governador-valadares","tag-homem-e-encontrado-morto-na-zona-rural-de-jequitinhonha","tag-ipatinga","tag-jovens-agridem-militar-e-saem-rindo-em-ipatinga","tag-medina","tag-nanuque","tag-ocorrencias-em-destaque-nos-vales-do-jequitinhonha-rio-doce-e-mucuri-16-de-outubro-de-2014","tag-pm-apreende-1-quilo-de-maconha-com-adolescente-em-ipatinga","tag-policia-militar-apreende-duas-armas-de-fogo-em-comercinho","tag-jequi"],"_links":{"self":[{"href":"https:\/\/aconteceunovale.com.br\/portal\/index.php?rest_route=\/wp\/v2\/posts\/42393","targetHints":{"allow":["GET"]}}],"collection":[{"href":"https:\/\/aconteceunovale.com.br\/portal\/index.php?rest_route=\/wp\/v2\/posts"}],"about":[{"href":"https:\/\/aconteceunovale.com.br\/portal\/index.php?rest_route=\/wp\/v2\/types\/post"}],"author":[{"embeddable":true,"href":"https:\/\/aconteceunovale.com.br\/portal\/index.php?rest_route=\/wp\/v2\/users\/1"}],"replies":[{"embeddable":true,"href":"https:\/\/aconteceunovale.com.br\/portal\/index.php?rest_route=%2Fwp%2Fv2%2Fcomments&post=42393"}],"version-history":[{"count":0,"href":"https:\/\/aconteceunovale.com.br\/portal\/index.php?rest_route=\/wp\/v2\/posts\/42393\/revisions"}],"wp:featuredmedia":[{"embeddable":true,"href":"https:\/\/aconteceunovale.com.br\/portal\/index.php?rest_route=\/wp\/v2\/media\/42394"}],"wp:attachment":[{"href":"https:\/\/aconteceunovale.com.br\/portal\/index.php?rest_route=%2Fwp%2Fv2%2Fmedia&parent=42393"}],"wp:term":[{"taxonomy":"category","embeddable":true,"href":"https:\/\/aconteceunovale.com.br\/portal\/index.php?rest_route=%2Fwp%2Fv2%2Fcategories&post=42393"},{"taxonomy":"post_tag","embeddable":true,"href":"https:\/\/aconteceunovale.com.br\/portal\/index.php?rest_route=%2Fwp%2Fv2%2Ftags&post=42393"}],"curies":[{"name":"wp","href":"https:\/\/api.w.org\/{rel}","templated":true}]}}