{"id":42388,"date":"2014-10-16T17:06:18","date_gmt":"2014-10-16T20:06:18","guid":{"rendered":"http:\/\/aconteceunovale.com.br\/portal\/?p=42388"},"modified":"2014-10-16T17:07:26","modified_gmt":"2014-10-16T20:07:26","slug":"bebe-nasceu-saudavel-apos-mae-sofrer-acidente-no-anel-rodoviario-de-governador-valadares","status":"publish","type":"post","link":"https:\/\/aconteceunovale.com.br\/portal\/?p=42388","title":{"rendered":"Beb\u00ea nasceu saud\u00e1vel ap\u00f3s m\u00e3e sofrer acidente no Anel Rodovi\u00e1rio de Governador Valadares"},"content":{"rendered":"<h4><strong><em>Acidente aconteceu na BR-259, no anel rodovi\u00e1rio de Governador Valadares. Carro que levava gr\u00e1vida bateu em dois cavalos.<\/em><\/strong><\/h4>\n<p>O estado cl\u00ednico do beb\u00ea que nasceu ap\u00f3s a m\u00e3e sofrer um acidente de carro \u00e9 considerado normal, informou o Hospital Municipal de Governador Valadares, no Leste de Minas Gerais, no final da tarde desta quinta-feira (16). M\u00e3e e filha t\u00eam alta m\u00e9dica prevista para esta sexta-feira (17). A crian\u00e7a nasceu na manh\u00e3 de quarta-feira (15) e passou o dia internada na Unidade de Terapia Intensiva (UTI) da unidade hospitalar.<\/p>\n<p><img decoding=\"async\" src=\"http:\/\/aconteceunovale.com.br\/portal\/wp-content\/uploads\/2014\/10\/bebe_saudavel.jpg\" alt=\"\" \/><em>Laurisv\u00e2nia de Souza e a filha Maria Clara passam bem ap\u00f3s acidente (Foto: Diego Souza\/G1)<\/em><br \/>\n<\/br><\/p>\n<p>O acidente aconteceu na madrugada de ter\u00e7a-feira (14), por volta das 5 horas, na BR-259, pr\u00f3ximo ao anel rodovi\u00e1rio de Valadares. No ve\u00edculo estavam o cunhado e a irm\u00e3 de Laurisv\u00e2nia de Souza, de 29 anos, que estava gr\u00e1vida de nove meses. Segundo Laurisv\u00e2nia, ela estava no banco de tr\u00e1s quando o acidente aconteceu.<\/p>\n<p>\u201cEu estive no hospital na tarde de ter\u00e7a-feira e o m\u00e9dico marcou a minha cesariana para as 7h da manh\u00e3 do dia seguinte. Como eu moro no Bairro Capim, sa\u00edmos mais cedo para chegarmos a tempo. Meu cunhado dirigia o carro quando dois cavalos sa\u00edram do meio mato e invadiram a pista, n\u00e3o deu nem tempo dele desviar dos animais\u201d, contou.<\/p>\n<p>Com o impacto da batida nos animais, o carro ficou bastante danificado. Apavorada com a possibilidade de ter alguma complica\u00e7\u00e3o, Laurisv\u00e2nia s\u00f3 se lembra de ter pedido que o cunhado acionasse o Corpo de Bombeiros. \u201cQuando eu sa\u00ed de casa j\u00e1 estava sentindo algumas dores e depois do acidente elas aumentaram muito. N\u00e3o vi nada do que aconteceu, quando dei por mim j\u00e1 estava fora do carro, me lembro de ter pedido ao meu cunhado para chamar o Corpo de Bombeiros\u201d, disse Laurisv\u00e2nia.<\/p>\n<p>Ao contr\u00e1rio do que estava previsto, Maria Clara de Souza Moura nasceu de parto normal, com 40cm e 2,8kg, as 9h05. \u201cGra\u00e7as \u00e0 Deus, dos males o menor e foi s\u00f3 um susto mesmo, um grande susto. Minha filha nasceu saud\u00e1vel, de parto normal e por precau\u00e7\u00e3o dos m\u00e9dicos passou o dia na UTI, mas felizmente j\u00e1 saiu e s\u00f3 n\u00e3o tivemos alta nessa quinta por que ela est\u00e1 com a glicose um pouquinho baixa\u201d, explicou Laurisv\u00e2nia.<\/p>\n<p><em><strong>(Inter TV dos Vales)<\/strong><\/em><\/p>\n","protected":false},"excerpt":{"rendered":"<p>Acidente aconteceu na BR-259, no anel rodovi\u00e1rio de Governador Valadares. Carro que levava gr\u00e1vida bateu em dois cavalos. O estado cl\u00ednico do beb\u00ea que nasceu ap\u00f3s a m\u00e3e sofrer um acidente de carro \u00e9 considerado normal, informou o Hospital Municipal de Governador Valadares, no Leste de Minas Gerais, no final da tarde desta quinta-feira (16). [&hellip;]<\/p>\n","protected":false},"author":1,"featured_media":42389,"comment_status":"open","ping_status":"closed","sticky":false,"template":"","format":"standard","meta":{"amp_status":"","footnotes":""},"categories":[121],"tags":[19169,19167,1018,247,19168],"class_list":["post-42388","post","type-post","status-publish","format-standard","has-post-thumbnail","hentry","category-leste","tag-bebe-nasceu-saudavel-apos-mae-sofrer-acidente-no-anel-rodoviario-de-governador-valadares","tag-bebe-que-nasceu-apos-mae-sofrer-acidente-em-valadares-esta-bem-de-saude","tag-destaque","tag-governador-valadares","tag-laurisvania-de-souza"],"_links":{"self":[{"href":"https:\/\/aconteceunovale.com.br\/portal\/index.php?rest_route=\/wp\/v2\/posts\/42388","targetHints":{"allow":["GET"]}}],"collection":[{"href":"https:\/\/aconteceunovale.com.br\/portal\/index.php?rest_route=\/wp\/v2\/posts"}],"about":[{"href":"https:\/\/aconteceunovale.com.br\/portal\/index.php?rest_route=\/wp\/v2\/types\/post"}],"author":[{"embeddable":true,"href":"https:\/\/aconteceunovale.com.br\/portal\/index.php?rest_route=\/wp\/v2\/users\/1"}],"replies":[{"embeddable":true,"href":"https:\/\/aconteceunovale.com.br\/portal\/index.php?rest_route=%2Fwp%2Fv2%2Fcomments&post=42388"}],"version-history":[{"count":0,"href":"https:\/\/aconteceunovale.com.br\/portal\/index.php?rest_route=\/wp\/v2\/posts\/42388\/revisions"}],"wp:featuredmedia":[{"embeddable":true,"href":"https:\/\/aconteceunovale.com.br\/portal\/index.php?rest_route=\/wp\/v2\/media\/42389"}],"wp:attachment":[{"href":"https:\/\/aconteceunovale.com.br\/portal\/index.php?rest_route=%2Fwp%2Fv2%2Fmedia&parent=42388"}],"wp:term":[{"taxonomy":"category","embeddable":true,"href":"https:\/\/aconteceunovale.com.br\/portal\/index.php?rest_route=%2Fwp%2Fv2%2Fcategories&post=42388"},{"taxonomy":"post_tag","embeddable":true,"href":"https:\/\/aconteceunovale.com.br\/portal\/index.php?rest_route=%2Fwp%2Fv2%2Ftags&post=42388"}],"curies":[{"name":"wp","href":"https:\/\/api.w.org\/{rel}","templated":true}]}}