{"id":42385,"date":"2014-10-16T17:00:17","date_gmt":"2014-10-16T20:00:17","guid":{"rendered":"http:\/\/aconteceunovale.com.br\/portal\/?p=42385"},"modified":"2014-10-16T17:00:17","modified_gmt":"2014-10-16T20:00:17","slug":"jovem-de-25-anos-e-encontrada-morta-dentro-casa-em-governador-valadares","status":"publish","type":"post","link":"https:\/\/aconteceunovale.com.br\/portal\/?p=42385","title":{"rendered":"Jovem de 25 anos \u00e9 encontrada morta dentro casa em Governador Valadares"},"content":{"rendered":"<h4><em><strong>Corpo foi encontrado pelo companheiro que n\u00e3o teria dormido em casa. V\u00edtima teria envolvimento com tr\u00e1fico.<\/strong><\/em><\/h4>\n<p>O corpo de uma mulher de 25 anos foi encontrado na manh\u00e3 desta quinta-feira (16), no Bairro Conquista, em Governador Valadares, no Leste de Minas Gerais. Segundo a Pol\u00edcia Militar, a v\u00edtima estava desaparecida a cerca de tr\u00eas dias e foi encontrada em estado de decomposi\u00e7\u00e3o.<\/p>\n<p>O companheiro da v\u00edtima contou \u00e0 PM que n\u00e3o dormiu em casa nessa noite e encontrou o corpo nesta manh\u00e3 dentro da resid\u00eancia. Os militares ainda n\u00e3o tem suspeitos e n\u00e3o confirmou se o caso trata-se de um homic\u00eddio.<\/p>\n<p>A pol\u00edcia suspeita que a v\u00edtima tenha envolvimento com tr\u00e1fico de drogas. O companheiro da mulher foi encaminhado para a delegacia, onde vai prestar depoimentos. O corpo da v\u00edtima foi encaminhado para o Instituto M\u00e9dico Legal de Governador Valadares.<\/p>\n<p><img decoding=\"async\" src=\"http:\/\/aconteceunovale.com.br\/portal\/wp-content\/uploads\/2014\/10\/mulher_morta_conquista-gv.jpg\" alt=\"\" \/><em>Corpo foi encontrado de casa no bairro Conquista (Foto: Davidson Fortunato\/G1)<\/em><br \/>\n<\/br><\/p>\n<p><em><strong>(Inter TV dos Vales)<\/strong><\/em><\/p>\n","protected":false},"excerpt":{"rendered":"<p>Corpo foi encontrado pelo companheiro que n\u00e3o teria dormido em casa. V\u00edtima teria envolvimento com tr\u00e1fico. O corpo de uma mulher de 25 anos foi encontrado na manh\u00e3 desta quinta-feira (16), no Bairro Conquista, em Governador Valadares, no Leste de Minas Gerais. Segundo a Pol\u00edcia Militar, a v\u00edtima estava desaparecida a cerca de tr\u00eas dias [&hellip;]<\/p>\n","protected":false},"author":1,"featured_media":42386,"comment_status":"open","ping_status":"closed","sticky":false,"template":"","format":"standard","meta":{"amp_status":"","footnotes":""},"categories":[121],"tags":[19165,19164,247,19166],"class_list":["post-42385","post","type-post","status-publish","format-standard","has-post-thumbnail","hentry","category-leste","tag-corpo-encontrado-no-bairro-conquista-em-governador-valadares","tag-corpo-foi-encontrado-de-casa-no-bairro-conquista","tag-governador-valadares","tag-jovem-de-25-anos-e-encontrada-morta-dentro-casa-em-governador-valadares"],"_links":{"self":[{"href":"https:\/\/aconteceunovale.com.br\/portal\/index.php?rest_route=\/wp\/v2\/posts\/42385","targetHints":{"allow":["GET"]}}],"collection":[{"href":"https:\/\/aconteceunovale.com.br\/portal\/index.php?rest_route=\/wp\/v2\/posts"}],"about":[{"href":"https:\/\/aconteceunovale.com.br\/portal\/index.php?rest_route=\/wp\/v2\/types\/post"}],"author":[{"embeddable":true,"href":"https:\/\/aconteceunovale.com.br\/portal\/index.php?rest_route=\/wp\/v2\/users\/1"}],"replies":[{"embeddable":true,"href":"https:\/\/aconteceunovale.com.br\/portal\/index.php?rest_route=%2Fwp%2Fv2%2Fcomments&post=42385"}],"version-history":[{"count":0,"href":"https:\/\/aconteceunovale.com.br\/portal\/index.php?rest_route=\/wp\/v2\/posts\/42385\/revisions"}],"wp:featuredmedia":[{"embeddable":true,"href":"https:\/\/aconteceunovale.com.br\/portal\/index.php?rest_route=\/wp\/v2\/media\/42386"}],"wp:attachment":[{"href":"https:\/\/aconteceunovale.com.br\/portal\/index.php?rest_route=%2Fwp%2Fv2%2Fmedia&parent=42385"}],"wp:term":[{"taxonomy":"category","embeddable":true,"href":"https:\/\/aconteceunovale.com.br\/portal\/index.php?rest_route=%2Fwp%2Fv2%2Fcategories&post=42385"},{"taxonomy":"post_tag","embeddable":true,"href":"https:\/\/aconteceunovale.com.br\/portal\/index.php?rest_route=%2Fwp%2Fv2%2Ftags&post=42385"}],"curies":[{"name":"wp","href":"https:\/\/api.w.org\/{rel}","templated":true}]}}