{"id":42380,"date":"2014-10-16T16:27:40","date_gmt":"2014-10-16T19:27:40","guid":{"rendered":"http:\/\/aconteceunovale.com.br\/portal\/?p=42380"},"modified":"2014-10-16T16:27:40","modified_gmt":"2014-10-16T19:27:40","slug":"radares-meteorologicos-de-almenara-e-sao-francisco-ajudarao-a-mapear-chuvas-no-estado","status":"publish","type":"post","link":"https:\/\/aconteceunovale.com.br\/portal\/?p=42380","title":{"rendered":"Radares meteorol\u00f3gicos de Almenara e S\u00e3o Francisco ajudar\u00e3o a mapear chuvas no estado"},"content":{"rendered":"<p>Minas Gerais ter\u00e1, ainda no per\u00edodo chuvoso 2014\/2015, mais dois radares meteorol\u00f3gicos que ir\u00e3o mapear as chuvas no Estado. Com a instala\u00e7\u00e3o dos equipamentos em S\u00e3o Francisco, no Norte de Minas, e em Almenara, no Vale do Jequitinhonha, ser\u00e1 poss\u00edvel ter informa\u00e7\u00f5es sobre as precipita\u00e7\u00f5es nessas regi\u00f5es a cada oito minutos.<\/p>\n<p>Hoje, Minas conta apenas com um radar em funcionamento, em Mateus Leme, na Grande BH, com raio de alcance de 200 quil\u00f4metros. \u201cN\u00e3o se tem o controle da chuva em todo o Estado. Os novos equipamentos propiciar\u00e3o informa\u00e7\u00f5es com mais agilidade em grande parte do territ\u00f3rio, dando condi\u00e7\u00f5es de avisar as prefeituras em caso de temporais que possam causar problemas\u201d, frisou o meteorologista do Instituto Mineiro de Gest\u00e3o de \u00c1guas (Igam), Adelmo Correia.<\/p>\n<p>Apesar de estar operando, o equipamento em S\u00e3o Francisco ainda n\u00e3o transmite dados para a central de monitoramento. A previs\u00e3o \u00e9 a de que o sistema esteja em pleno funcionamento at\u00e9 o fim do ano. J\u00e1 o de Almenara est\u00e1 sendo montado e dever\u00e1 come\u00e7ar a operar no in\u00edcio de 2015.<\/p>\n<h4>Dep\u00f3sitos em v\u00e1rias \u00e1reas do estado<\/h4>\n<p>Nessa quarta-feira (15), durante a apresenta\u00e7\u00e3o do plano pluviom\u00e9trico para este per\u00edodo chuvoso, que vai de outubro a abril, a Defesa Civil estadual anunciou que os nove dep\u00f3sitos do \u00f3rg\u00e3o instalados em v\u00e1rias regi\u00f5es de Minas est\u00e3o estruturados com carros, computadores e servidores. \u201cEles j\u00e1 funcionavam, mas n\u00e3o tinham a estrutura completa. Dessa forma, podemos atender com mais agilidade \u00e0s v\u00edtimas das chuvas\u201d, disse o coordenador Estadual da Defesa Civil, coronel Alex de Melo.<\/p>\n<p>Para este ano, a verba para comprar materiais de socorro, como cestas b\u00e1sicas, colch\u00f5es e telhas de amianto, podem chegar a R$ 3 milh\u00f5es.<\/p>\n<h4>Chuvas vir\u00e3o em pancadas r\u00e1pidas<\/h4>\n<p>Sem previs\u00e3o de chuvas significativas para outubro e novembro, o volume de \u00e1gua ficar\u00e1 abaixo do esperado para os tr\u00eas \u00faltimos meses deste ano no Estado. Em Belo Horizonte e nas regi\u00f5es Sul e Zona da Mata deve chover 40% abaixo da m\u00e9dia hist\u00f3rica prevista para o per\u00edodo.<\/p>\n<p>Segundo o meteorologista Ruibran dos Reis, at\u00e9 o fim de novembro as precipita\u00e7\u00f5es vir\u00e3o em forma de pancadas r\u00e1pidas. \u201cSomente em meados de dezembro \u00e9 que haver\u00e1 chuva significativa suficiente para recuperar as nascentes dos rios e at\u00e9 mesmo causar estragos. O cen\u00e1rio ser\u00e1 semelhante ao de 2013, com chuvas concentradas em dezembro nas regi\u00f5es Sul, Leste e Zona da Mata\u201d.<\/p>\n<p>Em Governador Valadares, por exemplo, as chuvas no \u00faltimo m\u00eas do ano passado causaram muitos estragos. \u201cChoveu cerca de 600 mil\u00edmetros na regi\u00e3o, o que motivou a decreta\u00e7\u00e3o de situa\u00e7\u00e3o de calamidade p\u00fablica\u201d, relembrou o coordenador Estadual de Defesa Civil, coronel Alex Melo.<\/p>\n<p>Em 2013, 23 pessoas morreram em decorr\u00eancia das chuvas no Estado. Cerca de 33 mil mineiros ficaram desabrigados e 104 cidades decretaram situa\u00e7\u00e3o de emerg\u00eancia.<\/p>\n<h4>DER mobiliza equipe para atendimento nas estradas<\/h4>\n<p>O Departamento de Estradas de Rodagem (DER) mobilizou as 40 coordenadorias regionais do \u00f3rg\u00e3o para envio de t\u00e9cnicos em at\u00e9 tr\u00eas horas nas ocorr\u00eancias nas estradas por causa das chuvas, como, por exemplo, a queda de barreiras. A equipe far\u00e1 a sinaliza\u00e7\u00e3o e o desvio de tr\u00e1fego. No prazo de 24 horas dever\u00e1 ser feita a desobstru\u00e7\u00e3o da via.<\/p>\n<p><em>(Hoje em Dia)<\/em><\/p>\n","protected":false},"excerpt":{"rendered":"<p>Minas Gerais ter\u00e1, ainda no per\u00edodo chuvoso 2014\/2015, mais dois radares meteorol\u00f3gicos que ir\u00e3o mapear as chuvas no Estado. Com a instala\u00e7\u00e3o dos equipamentos em S\u00e3o Francisco, no Norte de Minas, e em Almenara, no Vale do Jequitinhonha, ser\u00e1 poss\u00edvel ter informa\u00e7\u00f5es sobre as precipita\u00e7\u00f5es nessas regi\u00f5es a cada oito minutos. Hoje, Minas conta apenas [&hellip;]<\/p>\n","protected":false},"author":1,"featured_media":12051,"comment_status":"open","ping_status":"closed","sticky":false,"template":"","format":"standard","meta":{"amp_status":"","footnotes":""},"categories":[123],"tags":[142,194,247,19159,19160,12296,19161,19162,1522],"class_list":["post-42380","post","type-post","status-publish","format-standard","has-post-thumbnail","hentry","category-gerais","tag-almenara","tag-belo-horizonte","tag-governador-valadares","tag-grande-bh","tag-instituto-mineiro-de-gestao-de-aguas","tag-mateus-leme","tag-radares-meteorologicos-de-almenara-e-sao-francisco-ajudarao-a-mapear-chupas-no-estado","tag-radares-meteorologicos-de-almenara-e-sao-francisco-ajudarao-a-mapear-chuvas-no-estado","tag-sao-francisco"],"_links":{"self":[{"href":"https:\/\/aconteceunovale.com.br\/portal\/index.php?rest_route=\/wp\/v2\/posts\/42380","targetHints":{"allow":["GET"]}}],"collection":[{"href":"https:\/\/aconteceunovale.com.br\/portal\/index.php?rest_route=\/wp\/v2\/posts"}],"about":[{"href":"https:\/\/aconteceunovale.com.br\/portal\/index.php?rest_route=\/wp\/v2\/types\/post"}],"author":[{"embeddable":true,"href":"https:\/\/aconteceunovale.com.br\/portal\/index.php?rest_route=\/wp\/v2\/users\/1"}],"replies":[{"embeddable":true,"href":"https:\/\/aconteceunovale.com.br\/portal\/index.php?rest_route=%2Fwp%2Fv2%2Fcomments&post=42380"}],"version-history":[{"count":0,"href":"https:\/\/aconteceunovale.com.br\/portal\/index.php?rest_route=\/wp\/v2\/posts\/42380\/revisions"}],"wp:featuredmedia":[{"embeddable":true,"href":"https:\/\/aconteceunovale.com.br\/portal\/index.php?rest_route=\/wp\/v2\/media\/12051"}],"wp:attachment":[{"href":"https:\/\/aconteceunovale.com.br\/portal\/index.php?rest_route=%2Fwp%2Fv2%2Fmedia&parent=42380"}],"wp:term":[{"taxonomy":"category","embeddable":true,"href":"https:\/\/aconteceunovale.com.br\/portal\/index.php?rest_route=%2Fwp%2Fv2%2Fcategories&post=42380"},{"taxonomy":"post_tag","embeddable":true,"href":"https:\/\/aconteceunovale.com.br\/portal\/index.php?rest_route=%2Fwp%2Fv2%2Ftags&post=42380"}],"curies":[{"name":"wp","href":"https:\/\/api.w.org\/{rel}","templated":true}]}}