{"id":42375,"date":"2014-10-16T16:14:06","date_gmt":"2014-10-16T19:14:06","guid":{"rendered":"http:\/\/aconteceunovale.com.br\/portal\/?p=42375"},"modified":"2014-10-16T16:14:06","modified_gmt":"2014-10-16T19:14:06","slug":"anvisa-suspende-venda-e-uso-de-doze-lotes-da-vacina-contra-meningite","status":"publish","type":"post","link":"https:\/\/aconteceunovale.com.br\/portal\/?p=42375","title":{"rendered":"Anvisa suspende venda e uso de doze lotes da vacina contra meningite"},"content":{"rendered":"<p>A Ag\u00eancia Nacional de Vigil\u00e2ncia Sanit\u00e1ria (Anvisa) determinou hoje (16) a suspens\u00e3o, em todo o pa\u00eds, da distribui\u00e7\u00e3o, comercializa\u00e7\u00e3o e do uso de 12 lotes da vacina Meningitec (vacina meningoc\u00f3cica C conjugada), apresenta\u00e7\u00e3o de 10 microgramas (mcg), suspens\u00e3o injet\u00e1vel, cartucho com seringa de vidro preenchida com subst\u00e2ncia incolor, de 0,5 mililitro (ml).<\/p>\n<p>De acordo com a ag\u00eancia, a vacina \u00e9 indicada na imuniza\u00e7\u00e3o ativa de crian\u00e7as com mais de 3 meses, adolescentes e adultos para a preven\u00e7\u00e3o de doen\u00e7a invasiva causada por Neisseria meningitidis do grupo C.<\/p>\n<p>Segundo a Anvisa, a Wyeth Ind\u00fastria Farmac\u00eautica Ltda, empresa fabricante dos produtos, comunicou o recolhimento volunt\u00e1rio dos lotes ap\u00f3s a constata\u00e7\u00e3o de unidades com part\u00edculas vis\u00edveis laranja-marrom avermelhadas m\u00f3veis e im\u00f3veis de \u00f3xido de ferro no interior das seringas.<\/p>\n<p>\u201cDe acordo com as investiga\u00e7\u00f5es, o desvio \u00e9 resultado de desgaste no equipamento de envase, que liberou \u00f3xido no ferro no interior das unidades. A empresa tamb\u00e9m realizou uma avalia\u00e7\u00e3o de risco \u00e0 sa\u00fade que indicou que o potencial risco para os pacientes \u00e9 considerado baixo\u201d, informou a fabricante.<\/p>\n<p>A Anvisa acrescentou que, por se tratar de um grande n\u00famero de lotes, haver\u00e1 desabastecimento do produto no pa\u00eds, mas que h\u00e1 alternativas dispon\u00edveis no mercado brasileiro.<\/p>\n<p>O Minist\u00e9rio da Sa\u00fade informou que essa marca n\u00e3o \u00e9 a usada na rede p\u00fablica, ent\u00e3o n\u00e3o h\u00e1 risco de falta de vacinas nos postos de imuniza\u00e7\u00e3o.<\/p>\n<p>Confira abaixo o n\u00famero dos lotes e as datas de fabrica\u00e7\u00e3o e validade:<\/p>\n<p>&#8211; Lote: F98944 \/ Fabrica\u00e7\u00e3o: Jan\/12 \/ Validade: Dez\/14<br \/>\n&#8211; Lote: F64140 \/ Fabrica\u00e7\u00e3o: Jan\/12 \/ Validade: Dez\/14<br \/>\n&#8211; Lote: G71146 \/ Fabrica\u00e7\u00e3o: Ago\/12 \/ Validade: Jul\/15<br \/>\n&#8211; Lote: G55523 \/ Fabrica\u00e7\u00e3o: Mar\/13 \/ Validade: Fev\/15<br \/>\n&#8211; Lote: H55231 \/ Fabrica\u00e7\u00e3o: Mar\/13 \/ Validade: Fev\/16<br \/>\n&#8211; Lote: H99458 \/ Fabrica\u00e7\u00e3o: Mar\/13 \/ Validade: Fev\/16<br \/>\n&#8211; Lote: H84071 \/ Fabrica\u00e7\u00e3o: Mar\/13 \/ Validade: Fev\/16<br \/>\n&#8211; Lote: H01021 \/ Fabrica\u00e7\u00e3o: Mar\/13 \/ Validade: Fev\/16<br \/>\n&#8211; Lote: J37392 \/ Fabrica\u00e7\u00e3o: Out\/13 \/ Validade: Set\/16<br \/>\n&#8211; Lote: H01039 \/ Fabrica\u00e7\u00e3o: Jul\/13 \/ Validade: Jun\/16<br \/>\n&#8211; Lote: J58373 \/ Fabrica\u00e7\u00e3o: Out\/13 \/ Validade: Set\/16<br \/>\n&#8211; Lote: J58374 \/ Fabrica\u00e7\u00e3o: Out\/13 \/ Validade: Set\/16<\/p>\n<p><em>(Ag\u00eancia Brasil)<\/em><\/p>\n","protected":false},"excerpt":{"rendered":"<p>A Ag\u00eancia Nacional de Vigil\u00e2ncia Sanit\u00e1ria (Anvisa) determinou hoje (16) a suspens\u00e3o, em todo o pa\u00eds, da distribui\u00e7\u00e3o, comercializa\u00e7\u00e3o e do uso de 12 lotes da vacina Meningitec (vacina meningoc\u00f3cica C conjugada), apresenta\u00e7\u00e3o de 10 microgramas (mcg), suspens\u00e3o injet\u00e1vel, cartucho com seringa de vidro preenchida com subst\u00e2ncia incolor, de 0,5 mililitro (ml). De acordo com [&hellip;]<\/p>\n","protected":false},"author":1,"featured_media":36174,"comment_status":"open","ping_status":"closed","sticky":false,"template":"","format":"standard","meta":{"amp_status":"","footnotes":""},"categories":[6],"tags":[2278,19151,19153,19158,19152,19154,19155,19156,19157],"class_list":["post-42375","post","type-post","status-publish","format-standard","has-post-thumbnail","hentry","category-br","tag-anvisa","tag-anvisa-suspende-venda-e-uso-de-lotes-da-vacina-contra-meningite","tag-meningite","tag-neisseria-meningitidis","tag-saude","tag-vacina-contra-meningite","tag-vacina-meningitec","tag-vacina-meningococica-c-conjugada","tag-wyeth-industria-farmaceutica-ltda"],"_links":{"self":[{"href":"https:\/\/aconteceunovale.com.br\/portal\/index.php?rest_route=\/wp\/v2\/posts\/42375","targetHints":{"allow":["GET"]}}],"collection":[{"href":"https:\/\/aconteceunovale.com.br\/portal\/index.php?rest_route=\/wp\/v2\/posts"}],"about":[{"href":"https:\/\/aconteceunovale.com.br\/portal\/index.php?rest_route=\/wp\/v2\/types\/post"}],"author":[{"embeddable":true,"href":"https:\/\/aconteceunovale.com.br\/portal\/index.php?rest_route=\/wp\/v2\/users\/1"}],"replies":[{"embeddable":true,"href":"https:\/\/aconteceunovale.com.br\/portal\/index.php?rest_route=%2Fwp%2Fv2%2Fcomments&post=42375"}],"version-history":[{"count":0,"href":"https:\/\/aconteceunovale.com.br\/portal\/index.php?rest_route=\/wp\/v2\/posts\/42375\/revisions"}],"wp:featuredmedia":[{"embeddable":true,"href":"https:\/\/aconteceunovale.com.br\/portal\/index.php?rest_route=\/wp\/v2\/media\/36174"}],"wp:attachment":[{"href":"https:\/\/aconteceunovale.com.br\/portal\/index.php?rest_route=%2Fwp%2Fv2%2Fmedia&parent=42375"}],"wp:term":[{"taxonomy":"category","embeddable":true,"href":"https:\/\/aconteceunovale.com.br\/portal\/index.php?rest_route=%2Fwp%2Fv2%2Fcategories&post=42375"},{"taxonomy":"post_tag","embeddable":true,"href":"https:\/\/aconteceunovale.com.br\/portal\/index.php?rest_route=%2Fwp%2Fv2%2Ftags&post=42375"}],"curies":[{"name":"wp","href":"https:\/\/api.w.org\/{rel}","templated":true}]}}