{"id":42368,"date":"2014-10-16T15:28:59","date_gmt":"2014-10-16T18:28:59","guid":{"rendered":"http:\/\/aconteceunovale.com.br\/portal\/?p=42368"},"modified":"2014-10-16T15:28:59","modified_gmt":"2014-10-16T18:28:59","slug":"homem-e-preso-apos-colocar-fogo-em-viatura-e-na-delegacia-de-espinosa","status":"publish","type":"post","link":"https:\/\/aconteceunovale.com.br\/portal\/?p=42368","title":{"rendered":"Homem \u00e9 preso ap\u00f3s colocar fogo em viatura e na Delegacia de Espinosa"},"content":{"rendered":"<h4><em><strong>Suspeito foi encontrado com machucado em dedo e aparentava estar sob o efeito de drogas. Ele confessou e foi preso.<\/strong><\/em><\/h4>\n<p>Um homem, j\u00e1 conhecido pela Pol\u00edcia Militar (PM) de Espinosa, no Norte de Minas Gerais, foi preso ap\u00f3s colocar fogo na delegacia da cidade, durante a madrugada desta quinta-feira (16). O suspeito foi detido durante registro de uma segunda ocorr\u00eancia de perturba\u00e7\u00e3o do sossego.<\/p>\n<p>De acordo com a PM, uma den\u00fancia informava que um homem teria invadido a delegacia, na pra\u00e7a Bet\u00e2nia Silveira Tolentino, no centro. No local, por volta das 2h, os militares se depararam com parte do im\u00f3vel em chamas e uma viatura &#8211; um Fiat Uno -, que estava na garagem, tamb\u00e9m pegando fogo.<\/p>\n<p><img decoding=\"async\" src=\"http:\/\/aconteceunovale.com.br\/portal\/wp-content\/uploads\/2014\/10\/incendio_espinosa_2.jpg\" alt=\"\" \/><em>Autor foi preso e confessou o crime &#8211; Foto: Divulga\u00e7\u00e3o\/Pol\u00edcia Militar<\/em><br \/>\n<\/br><\/p>\n<p>Os militares, junto com um policial civil, conseguiram controlar o fogo. O inc\u00eandio atingiu uma geladeira, as divis\u00f3rias de madeira da cozinha, arm\u00e1rio, a porta os fundos, al\u00e9m do ve\u00edculo, que ficou parcialmente queimado e com o vidro do para-brisa quebrado. Ainda, uma bicicleta foi roubada do local e uma pia foi encontrada quebrada. <\/p>\n<p>Mais tarde, a PM recebeu uma nova den\u00fancia e acabou localizando J.N.S., de 28 anos. Ele aparentava estar drogado, tinha um corte no dedo e estava com cheiro de fuma\u00e7a. O homem foi atendido por uma equipe do Servi\u00e7o de Atendimento M\u00f3vel de Urg\u00eancia (Samu), que o levou para um hospital, onde o homem confessou o crime aos policiais civis.<\/p>\n<p>Por meio da assessoria de imprensa da Pol\u00edcia Civil, o delegado Herivelton Santana informou que a parte interna da delegacia foi pouco atingida, tendo o fogo se concentrado mais na regi\u00e3o da copa. Nenhum inqu\u00e9rito nem computadores foram queimados.<\/p>\n<p>Quanto ao suspeito, Santana disse que ele possui problemas mentais e estava detido em pris\u00e3o domiciliar ap\u00f3s cometer um roubo. Agora, ele foi encaminhado para Cadeia P\u00fablica de Espinosa.<\/p>\n<p>Ao delegado, o suspeito contou que procurou a Pol\u00edcia Militar e n\u00e3o foi atendido. Ent\u00e3o, foi \u00e0 delegacia e como n\u00e3o tinha ningu\u00e9m, colocou fogo. Sobre o dedo machucado, ele disse que discutiu com um homem e que este o feriu.<\/p>\n<p><img decoding=\"async\" src=\"http:\/\/aconteceunovale.com.br\/portal\/wp-content\/uploads\/2014\/10\/incendio_espinosa_1.jpg\" alt=\"\" \/><em>Viatura foi parcialmente queimada &#8211; Foto: Divulga\u00e7\u00e3o\/Pol\u00edcia Militar<\/em><br \/>\n<\/br><\/p>\n<p><em><strong>(O Tempo)<\/strong><\/em><\/p>\n","protected":false},"excerpt":{"rendered":"<p>Suspeito foi encontrado com machucado em dedo e aparentava estar sob o efeito de drogas. Ele confessou e foi preso. Um homem, j\u00e1 conhecido pela Pol\u00edcia Militar (PM) de Espinosa, no Norte de Minas Gerais, foi preso ap\u00f3s colocar fogo na delegacia da cidade, durante a madrugada desta quinta-feira (16). O suspeito foi detido durante [&hellip;]<\/p>\n","protected":false},"author":1,"featured_media":42370,"comment_status":"open","ping_status":"closed","sticky":false,"template":"","format":"standard","meta":{"amp_status":"","footnotes":""},"categories":[1236],"tags":[1278,19147,19146],"class_list":["post-42368","post","type-post","status-publish","format-standard","has-post-thumbnail","hentry","category-norte_de_minas","tag-espinosa","tag-fogo-na-delegacia-de-espinosa","tag-homem-e-preso-apos-colocar-fogo-em-viatura-e-na-delegacia-de-espinosa"],"_links":{"self":[{"href":"https:\/\/aconteceunovale.com.br\/portal\/index.php?rest_route=\/wp\/v2\/posts\/42368","targetHints":{"allow":["GET"]}}],"collection":[{"href":"https:\/\/aconteceunovale.com.br\/portal\/index.php?rest_route=\/wp\/v2\/posts"}],"about":[{"href":"https:\/\/aconteceunovale.com.br\/portal\/index.php?rest_route=\/wp\/v2\/types\/post"}],"author":[{"embeddable":true,"href":"https:\/\/aconteceunovale.com.br\/portal\/index.php?rest_route=\/wp\/v2\/users\/1"}],"replies":[{"embeddable":true,"href":"https:\/\/aconteceunovale.com.br\/portal\/index.php?rest_route=%2Fwp%2Fv2%2Fcomments&post=42368"}],"version-history":[{"count":0,"href":"https:\/\/aconteceunovale.com.br\/portal\/index.php?rest_route=\/wp\/v2\/posts\/42368\/revisions"}],"wp:featuredmedia":[{"embeddable":true,"href":"https:\/\/aconteceunovale.com.br\/portal\/index.php?rest_route=\/wp\/v2\/media\/42370"}],"wp:attachment":[{"href":"https:\/\/aconteceunovale.com.br\/portal\/index.php?rest_route=%2Fwp%2Fv2%2Fmedia&parent=42368"}],"wp:term":[{"taxonomy":"category","embeddable":true,"href":"https:\/\/aconteceunovale.com.br\/portal\/index.php?rest_route=%2Fwp%2Fv2%2Fcategories&post=42368"},{"taxonomy":"post_tag","embeddable":true,"href":"https:\/\/aconteceunovale.com.br\/portal\/index.php?rest_route=%2Fwp%2Fv2%2Ftags&post=42368"}],"curies":[{"name":"wp","href":"https:\/\/api.w.org\/{rel}","templated":true}]}}