{"id":42364,"date":"2014-10-16T15:14:51","date_gmt":"2014-10-16T18:14:51","guid":{"rendered":"http:\/\/aconteceunovale.com.br\/portal\/?p=42364"},"modified":"2014-10-16T15:15:41","modified_gmt":"2014-10-16T18:15:41","slug":"homem-que-mantou-a-sogra-com-17-facadas-e-preso-no-vale-do-aco","status":"publish","type":"post","link":"https:\/\/aconteceunovale.com.br\/portal\/?p=42364","title":{"rendered":"Suspeito de assassinar a sogra com 17 facadas \u00e9 preso no Vale do A\u00e7o"},"content":{"rendered":"<h4><em><strong>Homem disse ao delegado que matou dona de casa ap\u00f3s um desentendimento familiar. Companheira do suspeito tamb\u00e9m foi agredida<\/strong><\/em><\/h4>\n<p>A Pol\u00edcia Civil de Ipatinga, no Vale do A\u00e7o, conseguiu prender nessa quarta-feira, 15 de outubro, o homem suspeito de matar a sogra com 17 facadas na \u00faltima ter\u00e7a-feira (14).<\/p>\n<p>O suspeito Emerson S\u00e1 do Vale, o \u201cBaiano\u201d, de 22 anos, estava escondido na casa da m\u00e3e, no bairro Esperan\u00e7a. Quando percebeu o cerco da Pol\u00edcia Civil, tentou fugir e entrou em outra resid\u00eancia, mas acabou capturado pelos detetives. Ele foi encontrado com cortes nas m\u00e3os e a pol\u00edcia achou roupas sujas de sangue que foram encaminhadas para a per\u00edcia. <\/p>\n<p>\u201cLevantamos informa\u00e7\u00f5es concretas acerca dos fatos, conseguimos delinear todo o \u2018modus operandi\u2019 do suspeito e localiz\u00e1-lo. Foi um homic\u00eddio b\u00e1rbaro. Ele matou sua sogra com 17 facadas. Um rapaz extremamente violento\u201d, disse o delegado Eduardo Carvalho. <\/p>\n<p><img decoding=\"async\" src=\"http:\/\/aconteceunovale.com.br\/portal\/wp-content\/uploads\/2014\/10\/preso_ipatinga_matou_a_sogra.jpg\" alt=\"\" \/><em>Homem \u00e9 suspeito de matar a sogra com 17 facadas &#8211; Foto: Reprodu\u00e7\u00e3o\/TV Cultura do Vale do A\u00e7o<\/em><br \/>\n<\/br><\/p>\n<p>Marlene Aparecida dos Santos, 52 anos, foi morta a facadas durante uma discuss\u00e3o em fam\u00edlia na madrugada de ter\u00e7a. Quando a pol\u00edcia chegou ao local, encontrou Marlene j\u00e1 morta. Sua filha, Edna Aparecida dos Santos, estava com um corte no pesco\u00e7o e sobreviveu ao ferimento. Conforme as investiga\u00e7\u00f5es iniciais da Pol\u00edcia Civil, todo o crime ocorreu na presen\u00e7a da filha de Emerson, uma crian\u00e7a de apenas 4 anos de idade. <\/p>\n<h4>Hist\u00f3rico de agress\u00f5es<\/h4>\n<p>Segundo o delegado Eduardo Carvalho, Emerson possui um hist\u00f3rico agressivo. Em janeiro, ele foi preso ap\u00f3s agredir uma pessoa com golpe de faca. No entanto, em abril a Justi\u00e7a desqualificou o crime para les\u00e3o corporal lhe concedeu liberdade provis\u00f3ria. <\/p>\n<p>Ap\u00f3s ser solto, a pol\u00edcia suspeita que Emerson teria se envolvido em outro assassinato, quando teria matado uma pessoa com um golpe de faca no pesco\u00e7o. \u201cO \u2018modus operandi\u2019 dele \u00e9 este, o uso de faca. Ele j\u00e1 vem sendo investigado em pelo menos mais dois outros crimes contra a vida\u201d, relatou o delegado. Ainda segundo a pol\u00edcia, a motiva\u00e7\u00e3o para o assassinato da sogra de Emerson seria o pr\u00f3prio comportamento agressivo do suspeito contra seus desafetos e com a pr\u00f3pria fam\u00edlia. <\/p>\n<p>\u201cEu queria ressaltar que ele apresenta uma les\u00e3o na m\u00e3o direita, decorrente aos golpes de faca que ele efetuou na v\u00edtima. S\u00e3o les\u00f5es caracter\u00edsticas de quem efetua este tipo de crime e as roupas que ele trajava quando ele praticou o homic\u00eddio tamb\u00e9m foram encontradas. Elas ser\u00e3o periciadas e servir\u00e3o como prova. Testemunhas e a mulher dele tamb\u00e9m est\u00e3o prestando depoimento\u201d, detalhou o delegado. <\/p>\n<p>Emerson foi conduzido ao Ceresp na noite de ontem. \u201cAcho dif\u00edcil ele conseguir liberdade provis\u00f3ria dessa vez. Ele matou a sogra de forma cruel e b\u00e1rbara e ainda tentou matar a companheira, al\u00e9m de ser suspeito de outros crimes\u201d, finalizou o delegado Eduardo Carvalho. O suspeito negou todas as acusa\u00e7\u00f5es, por\u00e9m acabou entrando em contradi\u00e7\u00e3o quando questionado porque fugiu do local do crime. \u201cEu n\u00e3o fiz nada; queria sair do flagrante\u201d, defendeu.<\/p>\n<p><strong><em>(Fonte: Jornal Vale do A\u00e7o)<\/em><\/strong><\/p>\n","protected":false},"excerpt":{"rendered":"<p>Homem disse ao delegado que matou dona de casa ap\u00f3s um desentendimento familiar. Companheira do suspeito tamb\u00e9m foi agredida A Pol\u00edcia Civil de Ipatinga, no Vale do A\u00e7o, conseguiu prender nessa quarta-feira, 15 de outubro, o homem suspeito de matar a sogra com 17 facadas na \u00faltima ter\u00e7a-feira (14). O suspeito Emerson S\u00e1 do Vale, [&hellip;]<\/p>\n","protected":false},"author":1,"featured_media":42365,"comment_status":"open","ping_status":"closed","sticky":false,"template":"","format":"standard","meta":{"amp_status":"","footnotes":""},"categories":[121],"tags":[1018,19141,19144,19142,19145],"class_list":["post-42364","post","type-post","status-publish","format-standard","has-post-thumbnail","hentry","category-leste","tag-destaque","tag-emerson-sa-do-vale","tag-homem-que-mantou-a-sogra-com-17-facadas-e-preso-em-ipatinga","tag-marlene-aparecida-dos-santos","tag-suspeito-de-assassinar-a-sogra-com-17-facadas-e-preso-no-vale-do-aco"],"_links":{"self":[{"href":"https:\/\/aconteceunovale.com.br\/portal\/index.php?rest_route=\/wp\/v2\/posts\/42364","targetHints":{"allow":["GET"]}}],"collection":[{"href":"https:\/\/aconteceunovale.com.br\/portal\/index.php?rest_route=\/wp\/v2\/posts"}],"about":[{"href":"https:\/\/aconteceunovale.com.br\/portal\/index.php?rest_route=\/wp\/v2\/types\/post"}],"author":[{"embeddable":true,"href":"https:\/\/aconteceunovale.com.br\/portal\/index.php?rest_route=\/wp\/v2\/users\/1"}],"replies":[{"embeddable":true,"href":"https:\/\/aconteceunovale.com.br\/portal\/index.php?rest_route=%2Fwp%2Fv2%2Fcomments&post=42364"}],"version-history":[{"count":0,"href":"https:\/\/aconteceunovale.com.br\/portal\/index.php?rest_route=\/wp\/v2\/posts\/42364\/revisions"}],"wp:featuredmedia":[{"embeddable":true,"href":"https:\/\/aconteceunovale.com.br\/portal\/index.php?rest_route=\/wp\/v2\/media\/42365"}],"wp:attachment":[{"href":"https:\/\/aconteceunovale.com.br\/portal\/index.php?rest_route=%2Fwp%2Fv2%2Fmedia&parent=42364"}],"wp:term":[{"taxonomy":"category","embeddable":true,"href":"https:\/\/aconteceunovale.com.br\/portal\/index.php?rest_route=%2Fwp%2Fv2%2Fcategories&post=42364"},{"taxonomy":"post_tag","embeddable":true,"href":"https:\/\/aconteceunovale.com.br\/portal\/index.php?rest_route=%2Fwp%2Fv2%2Ftags&post=42364"}],"curies":[{"name":"wp","href":"https:\/\/api.w.org\/{rel}","templated":true}]}}