{"id":42358,"date":"2014-10-16T14:35:55","date_gmt":"2014-10-16T17:35:55","guid":{"rendered":"http:\/\/aconteceunovale.com.br\/portal\/?p=42358"},"modified":"2014-10-16T14:35:55","modified_gmt":"2014-10-16T17:35:55","slug":"incendio-destroi-igreja-centenaria-em-minas-gerais","status":"publish","type":"post","link":"https:\/\/aconteceunovale.com.br\/portal\/?p=42358","title":{"rendered":"Inc\u00eandio destr\u00f3i igreja centen\u00e1ria em Minas Gerais"},"content":{"rendered":"<h4><em><strong>H\u00e1 suspeita de o fogo ser criminoso. Capela de 161 anos corre o risco de desabar.<\/strong><\/em><\/h4>\n<p>Uma igreja centen\u00e1ria de Ita\u00fana, no Centro-Oeste de Minas, pegou fogo na madrugada desta quinta-feira (16). A capela do Senhor do Bonfim, de 161 anos, teve a estrutura abalada e corre o risco de desabamento total. A suspeita \u00e9 de o inc\u00eandio ser criminoso.<\/p>\n<p>O Corpo de Bombeiros foi acionado por moradores por volta de 0h30, mas quando chegou ao Morro do Bonfim, parte alta da cidade, o fogo j\u00e1 havia tomado conta da igreja e o teto desabado. O interior da capela e o assoalho de madeira tamb\u00e9m foram destru\u00eddos pelas chamas. Ainda segundo os militares, as paredes de alvenaria, formadas tamb\u00e9m por colunas de madeira, sofreram danos que colocam toda a estrutura em risco.<\/p>\n<p><img decoding=\"async\" src=\"http:\/\/aconteceunovale.com.br\/portal\/wp-content\/uploads\/2014\/10\/igreja_itauna_fogo.jpg\" alt=\"\" \/><em>Teto desabou e restante da estrutura tamb\u00e9m est\u00e1 amea\u00e7ado &#8211; Foto: Corpo de Bombeiros\/Divulga\u00e7\u00e3o<\/em><br \/>\n<\/br><\/p>\n<p>De acordo com a Pol\u00edcia Militar, nenhum vigilante ou funcion\u00e1rio respons\u00e1vel foi encontrado no local, no entanto a porta principal apresentava sinais de arrombamento. Os policiais permaneceram no local por cerca de duas horas, tempo gasto para que o inc\u00eandio fosse controlado, fora o trabalho de rescaldo. Ningu\u00e9m foi preso.<\/p>\n<p>Ainda n\u00e3o h\u00e1 um levantamento sobre furtos de imagens, pe\u00e7as sacras e outros objetos da capela. A per\u00edcia foi acionada para os procedimentos de praxe.<\/p>\n<p><strong><em>(O Tempo)<\/em><\/strong><\/p>\n","protected":false},"excerpt":{"rendered":"<p>H\u00e1 suspeita de o fogo ser criminoso. Capela de 161 anos corre o risco de desabar. Uma igreja centen\u00e1ria de Ita\u00fana, no Centro-Oeste de Minas, pegou fogo na madrugada desta quinta-feira (16). A capela do Senhor do Bonfim, de 161 anos, teve a estrutura abalada e corre o risco de desabamento total. A suspeita \u00e9 [&hellip;]<\/p>\n","protected":false},"author":1,"featured_media":42359,"comment_status":"open","ping_status":"closed","sticky":false,"template":"","format":"standard","meta":{"amp_status":"","footnotes":""},"categories":[123],"tags":[19134,19133,19135,19138,1512,19136,19137],"class_list":["post-42358","post","type-post","status-publish","format-standard","has-post-thumbnail","hentry","category-gerais","tag-fogo-destroi-igreja-centenaria-em-itauna","tag-fogo-destroi-igreja-centenaria-em-minas-gerais","tag-igreja-senhor-do-bonfim-de-itauna","tag-incendio-destroi-igreja-centenaria-em-minas-gerais","tag-itauna","tag-morro-do-bonfim","tag-morro-do-bonfim-em-itauna"],"_links":{"self":[{"href":"https:\/\/aconteceunovale.com.br\/portal\/index.php?rest_route=\/wp\/v2\/posts\/42358","targetHints":{"allow":["GET"]}}],"collection":[{"href":"https:\/\/aconteceunovale.com.br\/portal\/index.php?rest_route=\/wp\/v2\/posts"}],"about":[{"href":"https:\/\/aconteceunovale.com.br\/portal\/index.php?rest_route=\/wp\/v2\/types\/post"}],"author":[{"embeddable":true,"href":"https:\/\/aconteceunovale.com.br\/portal\/index.php?rest_route=\/wp\/v2\/users\/1"}],"replies":[{"embeddable":true,"href":"https:\/\/aconteceunovale.com.br\/portal\/index.php?rest_route=%2Fwp%2Fv2%2Fcomments&post=42358"}],"version-history":[{"count":0,"href":"https:\/\/aconteceunovale.com.br\/portal\/index.php?rest_route=\/wp\/v2\/posts\/42358\/revisions"}],"wp:featuredmedia":[{"embeddable":true,"href":"https:\/\/aconteceunovale.com.br\/portal\/index.php?rest_route=\/wp\/v2\/media\/42359"}],"wp:attachment":[{"href":"https:\/\/aconteceunovale.com.br\/portal\/index.php?rest_route=%2Fwp%2Fv2%2Fmedia&parent=42358"}],"wp:term":[{"taxonomy":"category","embeddable":true,"href":"https:\/\/aconteceunovale.com.br\/portal\/index.php?rest_route=%2Fwp%2Fv2%2Fcategories&post=42358"},{"taxonomy":"post_tag","embeddable":true,"href":"https:\/\/aconteceunovale.com.br\/portal\/index.php?rest_route=%2Fwp%2Fv2%2Ftags&post=42358"}],"curies":[{"name":"wp","href":"https:\/\/api.w.org\/{rel}","templated":true}]}}