{"id":42352,"date":"2014-10-16T14:21:24","date_gmt":"2014-10-16T17:21:24","guid":{"rendered":"http:\/\/aconteceunovale.com.br\/portal\/?p=42352"},"modified":"2014-10-16T14:21:24","modified_gmt":"2014-10-16T17:21:24","slug":"familiares-de-detentos-poderao-utilizar-uais-para-cadastro-de-visitas-em-minas-gerais","status":"publish","type":"post","link":"https:\/\/aconteceunovale.com.br\/portal\/?p=42352","title":{"rendered":"Familiares de detentos poder\u00e3o utilizar UAIs para cadastro de visitas em Minas Gerais"},"content":{"rendered":"<h4><strong><em>Fam\u00edlias n\u00e3o precisar\u00e3o ir at\u00e9 os pres\u00eddios para realizarem cadastro e tamb\u00e9m v\u00e3o receber atendimento de assistentes sociais. Objetivo \u00e9 humanizar o sistema prisional do estado<\/em><\/strong><\/h4>\n<p>Familiares dos cerca de 14 mil detentos de 19 pres\u00eddios de Minas Gerais poder\u00e3o comparecer \u00e0s Unidades de Atendimento Integrado (UAIs) para servi\u00e7os da Subsecretaria de Administra\u00e7\u00e3o Prisional (Suapi), como o cadastramento de visitas aos presos, atendimento social aos familiares e entrega de documentos dos presos. A primeira unidade a oferecer os servi\u00e7os ser\u00e1 a UAI de Montes Claros, onde o piloto do modelo ser\u00e1 apresentado ainda neste ano. <\/p>\n<p>De acordo com a Secretaria de Estado de Defesa Social (Seds), a iniciativa foi formalizada nesta quinta-feira pelos secret\u00e1rios de Estado de Planejamento e Gest\u00e3o, Renata Vilhena, e de Defesa Social, Marco Ant\u00f4nio Romanelli. Com a assinatura do conv\u00eanio, ser\u00e3o iniciadas as contrata\u00e7\u00f5es e os treinamentos para oferecer os servi\u00e7os nas UAIs. Com a iniciativa, as fam\u00edlias n\u00e3o precisar\u00e3o comparecer ao pres\u00eddio para o cadastramento de visitas &#8211; \u00edntima, social e assistida &#8211; ou para solicitar documentos referentes a algum detento. Al\u00e9m disso, as UAIs tamb\u00e9m v\u00e3o oferecer atendimento de assistente social, realizado por meio de agendamento.<\/p>\n<p>Para o secret\u00e1rio Marco Ant\u00f4nio Romanelli, esse \u00e9 um passo importante em dire\u00e7\u00e3o \u00e0 humaniza\u00e7\u00e3o do sistema prisional. Al\u00e9m de oferecer agilidade e conforto aos parentes dos detentos, o novo servi\u00e7o vai diminuir o fluxo de pessoas na porta das unidades prisionais, aumentando a seguran\u00e7a. Renata Vilhena destacou que as UAIs t\u00eam um grande alcance, e o objetivo \u00e9 atender a popula\u00e7\u00e3o oferecendo servi\u00e7os mais simples e melhores. <\/p>\n<p>O trabalho nas Unidades de Atendimento Integrado ter\u00e1 a orienta\u00e7\u00e3o do N\u00facleo de Atendimento \u00e0 Fam\u00edlia (NAF), ligado \u00e0 Secretaria, que presta servi\u00e7o de atendimento \u00e0 fam\u00edlia de presos desde 2011. O NAF funciona no Centro de Belo Horizonte e atende sete unidades prisionais da regi\u00e3o metropolitana. Os diretores-gerais e diretores de atendimento das 19 unidades prisionais, situadas nos 11 munic\u00edpios selecionados tamb\u00e9m ser\u00e3o refer\u00eancia para os profissionais que atender\u00e3o nas UAIs. <\/p>\n<p>Conforme a Seds, ainda n\u00e3o h\u00e1 uma data exata para o in\u00edcio da presta\u00e7\u00e3o de servi\u00e7o. A partir da aprova\u00e7\u00e3o do piloto pelas secretarias, a previs\u00e3o \u00e9 que os servi\u00e7os sejam expandidos para as UAIs de Betim, Governador Valadares, Juiz de Fora, Uberl\u00e2ndia e Varginha. <\/p>\n<h4>Veja a lista de unidades atendidas pelo conv\u00eanio<\/h4>\n<p>&#8211; Centro de Remanejamento do Sistema Prisional de Betim (Ceresp Betim)<br \/>\n&#8211; Pres\u00eddio de Ibirit\u00e9<br \/>\n&#8211; Centro de Remanejamento do Sistema Prisional de Contagem (Ceresp Contagem)<br \/>\n&#8211; Pres\u00eddio de Brumadinho<br \/>\n&#8211; Penitenci\u00e1ria Professor Jason Soares Albergaria, em S\u00e3o Joaquim de Bicas<br \/>\n&#8211; Pres\u00eddio de S\u00e3o Joaquim de Bicas I<br \/>\n&#8211; Pres\u00eddio de S\u00e3o Joaquim de Bicas II<br \/>\n&#8211; Pres\u00eddio de Juatuba<br \/>\n&#8211; Penitenci\u00e1ria Professor Jo\u00e3o Pimenta da Veiga, em Uberl\u00e2ndia<br \/>\n&#8211; Pres\u00eddio Professor Jacy de Assis, em Uberl\u00e2ndia<br \/>\n&#8211; Centro de Remanejamento do Sistema Prisional de Juiz de Fora (Ceresp Juiz de Fora)<br \/>\n&#8211; Hospital de Toxic\u00f4manos Padre Wilson Vale da Costa, em Juiz de Fora<br \/>\n&#8211; Penitenci\u00e1ria Jos\u00e9 Edson Cavalieri, em Juiz de Fora<br \/>\n&#8211; Penitenci\u00e1ria Professor Ariosvaldo de Campos Pires, em Juiz de Fora<br \/>\n&#8211; Penitenci\u00e1ria Francisco Floriano de Paula, em Governador Valadares<br \/>\n&#8211; Pres\u00eddio de Governador Valadares<br \/>\n&#8211; Pres\u00eddio de Varginha<br \/>\n&#8211; Pres\u00eddio Alvorada de Montes Claros<br \/>\n&#8211; Pres\u00eddio Regional de Montes Claros<\/p>\n<p><em>(Estado de Minas)<\/em><\/p>\n","protected":false},"excerpt":{"rendered":"<p>Fam\u00edlias n\u00e3o precisar\u00e3o ir at\u00e9 os pres\u00eddios para realizarem cadastro e tamb\u00e9m v\u00e3o receber atendimento de assistentes sociais. Objetivo \u00e9 humanizar o sistema prisional do estado Familiares dos cerca de 14 mil detentos de 19 pres\u00eddios de Minas Gerais poder\u00e3o comparecer \u00e0s Unidades de Atendimento Integrado (UAIs) para servi\u00e7os da Subsecretaria de Administra\u00e7\u00e3o Prisional (Suapi), [&hellip;]<\/p>\n","protected":false},"author":1,"featured_media":42353,"comment_status":"open","ping_status":"closed","sticky":false,"template":"","format":"standard","meta":{"amp_status":"","footnotes":""},"categories":[123],"tags":[19106,19109,19118,19107,19110,19119,19127,247,19120,206,19123,19121,19122,19112,19116,19126,19111,19124,19108,19115,19113,19114,19125,19117,9414,10113,19129,221,19128],"class_list":["post-42352","post","type-post","status-publish","format-standard","has-post-thumbnail","hentry","category-gerais","tag-centro-de-remanejamento-do-sistema-prisional-de-betim","tag-centro-de-remanejamento-do-sistema-prisional-de-contagem","tag-centro-de-remanejamento-do-sistema-prisional-de-juiz-de-fora","tag-ceresp-betim","tag-ceresp-contagem","tag-ceresp-juiz-de-fora","tag-familiares-de-detentos-poderao-utilizar-uais-para-cadastro-de-visitas-em-minas-gerais","tag-governador-valadares","tag-hospital-de-toxicomanos-padre-wilson-vale-da-costa","tag-juiz-de-fora","tag-penitenciaria-francisco-floriano-de-paula","tag-penitenciaria-jose-edson-cavalieri","tag-penitenciaria-professor-ariosvaldo-de-campos-pires","tag-penitenciaria-professor-jason-soares-albergaria","tag-penitenciaria-professor-joao-pimenta-da-veiga","tag-presidio-alvorada-de-montes-claros","tag-presidio-de-brumadinho","tag-presidio-de-governador-valadares","tag-presidio-de-ibirite","tag-presidio-de-juatuba","tag-presidio-de-sao-joaquim-de-bicas-i","tag-presidio-de-sao-joaquim-de-bicas-ii","tag-presidio-de-varginha","tag-presidio-professor-jacy-de-assis","tag-presidio-regional-de-montes-claros","tag-sao-joaquim-de-bicas","tag-uais","tag-uberlandia","tag-unidades-de-atendimento-integrado"],"_links":{"self":[{"href":"https:\/\/aconteceunovale.com.br\/portal\/index.php?rest_route=\/wp\/v2\/posts\/42352","targetHints":{"allow":["GET"]}}],"collection":[{"href":"https:\/\/aconteceunovale.com.br\/portal\/index.php?rest_route=\/wp\/v2\/posts"}],"about":[{"href":"https:\/\/aconteceunovale.com.br\/portal\/index.php?rest_route=\/wp\/v2\/types\/post"}],"author":[{"embeddable":true,"href":"https:\/\/aconteceunovale.com.br\/portal\/index.php?rest_route=\/wp\/v2\/users\/1"}],"replies":[{"embeddable":true,"href":"https:\/\/aconteceunovale.com.br\/portal\/index.php?rest_route=%2Fwp%2Fv2%2Fcomments&post=42352"}],"version-history":[{"count":0,"href":"https:\/\/aconteceunovale.com.br\/portal\/index.php?rest_route=\/wp\/v2\/posts\/42352\/revisions"}],"wp:featuredmedia":[{"embeddable":true,"href":"https:\/\/aconteceunovale.com.br\/portal\/index.php?rest_route=\/wp\/v2\/media\/42353"}],"wp:attachment":[{"href":"https:\/\/aconteceunovale.com.br\/portal\/index.php?rest_route=%2Fwp%2Fv2%2Fmedia&parent=42352"}],"wp:term":[{"taxonomy":"category","embeddable":true,"href":"https:\/\/aconteceunovale.com.br\/portal\/index.php?rest_route=%2Fwp%2Fv2%2Fcategories&post=42352"},{"taxonomy":"post_tag","embeddable":true,"href":"https:\/\/aconteceunovale.com.br\/portal\/index.php?rest_route=%2Fwp%2Fv2%2Ftags&post=42352"}],"curies":[{"name":"wp","href":"https:\/\/api.w.org\/{rel}","templated":true}]}}