{"id":42290,"date":"2014-10-15T16:45:49","date_gmt":"2014-10-15T19:45:49","guid":{"rendered":"http:\/\/aconteceunovale.com.br\/portal\/?p=42290"},"modified":"2014-10-15T16:45:49","modified_gmt":"2014-10-15T19:45:49","slug":"incendio-em-cidade-cenario-da-novela-imperio-deixa-dois-mortos-em-minas-gerais","status":"publish","type":"post","link":"https:\/\/aconteceunovale.com.br\/portal\/?p=42290","title":{"rendered":"Inc\u00eandio em cidade cen\u00e1rio da novela Imp\u00e9rio deixa dois mortos em Minas Gerais"},"content":{"rendered":"<h4><strong><em>Chamas consomem serras em Carrancas, no Sul de Minas, desde domingo. Brigadista teve 70% do corpo queimado e foi levado em estado grave para BH.<\/em><\/strong><\/h4>\n<p>Dois homens morreram e um brigadista ficou gravemente ferido na tentativa de apagar um inc\u00eandio em Carrancas, no Sul de Minas. As v\u00edtimas teriam entrado na mata na noite dessa ter\u00e7a (14), mas s\u00f3 foram localizadas na madrugada desta quarta-feira (15). A cidade de 4 mil habitantes \u00e9 conhecida por suas belezas naturais, tem o turismo como base da economia, mas n\u00e3o tem unidade do Corpo de Bombeiros. Um dos pontos, ainda em chama, serve de loca\u00e7\u00e3o para as grava\u00e7\u00f5es da novela &#8220;Imp\u00e9rio&#8221;, da TV Globo.<\/p>\n<p>De acordo com a prefeitura, a cidade sofre com as queimadas desde o \u00faltimo domingo (12), e a falta de estrutura para combater as chamas agrava o problema. O fogo come\u00e7ou na serra de Carrancas, avan\u00e7ou para a serra das Broas, serra do Abanador, principal loca\u00e7\u00e3o da novela, e atinge o Complexo da Zilda, local em que estavam as v\u00edtimas e est\u00e1 maior parte das 80 cachoeiras do munic\u00edpio.<\/p>\n<p><img decoding=\"async\" src=\"http:\/\/aconteceunovale.com.br\/portal\/wp-content\/uploads\/2014\/10\/incendio_carrancas_1.jpg\" alt=\"\" \/><em>A serra das Broas \u00e9 um dos locais que queimam desde o \u00faltimo domingo &#8211; Foto: Divulga\u00e7\u00e3o\/Prefeitura<\/em><br \/>\n<\/br><\/p>\n<p>Segundo a chefe de gabinete, Fl\u00e1via Cristina Andrade, desde o \u00faltimo domingo s\u00e3o feitas chamadas para os Bombeiros, que s\u00f3 chegaram \u00e0 cidade na manh\u00e3 desta quarta, vindos de Lavras, a 70 km de dist\u00e2ncia. &#8220;Os dois homens que morreram e o brigadista, que teve 70% do corpo queimados, juntaram-se \u00e0 popula\u00e7\u00e3o para tentar apagar o fogo, que estava amea\u00e7ando as casas e fazendas pr\u00f3ximas. N\u00e3o temos estrutura para combater tamanho inc\u00eandio. N\u00f3s precisamos \u00e9 da ajuda de um helic\u00f3ptero ou avi\u00e3o&#8221;, afirmou.<\/p>\n<p>A Prefeitura informou ainda que orienta a popula\u00e7\u00e3o, no boca a boca, a n\u00e3o tentar ajudar no combate \u00e0s chamas, &#8220;que est\u00e3o fora de controle&#8221;, ressaltou Fl\u00e1via.<\/p>\n<p>O aposentado Raimundo Ferreira e o oper\u00e1rio Paulo Carolino da Silva morreram no local, carbonizados. Jos\u00e9 Ronaldo Monteiro Ferreira, de 49 anos, da Brigada Lobo-Guar\u00e1 e presidente do Sindicato Rural de Carrancas, foi levado em estado grave para o Hospital S\u00e3o Vicente de Paula, na cidade, e depois transferido de helic\u00f3ptero para Belo Horizonte.<\/p>\n<p>A Pol\u00edcia Militar tamb\u00e9m est\u00e1 na \u00e1rea das cachoeiras e aguarda os trabalhos da per\u00edcia. Os corpos ser\u00e3o levados para o Instituto M\u00e9dico Legal de Lavras.<\/p>\n<p>A Prefeitura j\u00e1 notificou a Defesa Civil Estadual, o Instituto Estadual de Florestas (IEF) e aguarda o socorro.<\/p>\n<h4>Bombeiros<\/h4>\n<p>Conforme os Bombeiros, 14 militares e brigadistas trabalham no combate \u00e0s chamas. O pelot\u00e3o de de Lavras, tamb\u00e9m no Sul do Estado, informou que a Defesa Civil Municipal auxilia na opera\u00e7\u00e3o. Sobre a demora no atendimento, o militar disse desconhecer o chamado e a den\u00fancia.<\/p>\n<p>O Comando a\u00e9reo dos Bombeiros de Belo Horizonte informou que recebeu a chamada nesta quarta, e que seguiu para a cidade apenas para o resgate do brigadista. A v\u00edtima, conforme os bombeiros, apresenta queimaduras em mais de 50% do corpo, e foi deixada em estado grave no Hospital Jo\u00e3o XXIII, na capital.<\/p>\n<p><img decoding=\"async\" src=\"http:\/\/aconteceunovale.com.br\/portal\/wp-content\/uploads\/2014\/10\/incendio_carrancas_2.jpg\" alt=\"\" \/><em>Os corpos foram localizados no Complexo da Zilda e Serra dos Moleques &#8211; Foto: Divulga\u00e7\u00e3o\/Prefeitura<\/em><br \/>\n<\/br><\/p>\n<h4>Madrugada<\/h4>\n<p>O aposentado Antonio Ney de Abreu, 59, conhecia as v\u00edtimas. Segundo ele, todos eram moradores da cidade. &#8220;O Z\u00e9 Ronaldo (brigadista), que era dono de academia e \u00e9 do Sindicato Rural, pediu ajuda ao Raimundo e ao Paulinho pra apagar o fogo. Eles entraram na mata ontem de noite, e desapareceram. Quando foi hoje (quarta) de madrugada, l\u00e1 pelas 4h, dois rapazes ouviram os gritos de socorro do Z\u00e9 Ronaldo, que estava com o corpo bastante queimado&#8221;, contou.<\/p>\n<p>As pessoas que socorreram o brigadista disseram que as outras duas v\u00edtimas j\u00e1 estavam mortas. &#8220;O Z\u00e9 Ronaldo falou pros caras que socorreram ele que eles estavam apagando o fogo, quando as chamas aumentaram, de repente. A\u00ed eles correram e acabaram caindo numa grota (buraco), s\u00f3 que os outros n\u00e3o resistiram&#8221;, completou.<\/p>\n<p><img decoding=\"async\" src=\"http:\/\/aconteceunovale.com.br\/portal\/wp-content\/uploads\/2014\/10\/incendio_carrancas_3.jpg\" alt=\"\" \/><em>Na serra das Broas grande parte da vegeta\u00e7\u00e3o j\u00e1 foi queimada &#8211; Foto: Divulga\u00e7\u00e3o\/Prefeitura<\/em><br \/>\n<\/br><\/p>\n<p><img decoding=\"async\" src=\"http:\/\/aconteceunovale.com.br\/portal\/wp-content\/uploads\/2014\/10\/incendio_carrancas_4.jpg\" alt=\"\" \/><em>Cidade \u00e9 utilizada para grava\u00e7\u00f5es da novela Imp\u00e9rio da TV Globo &#8211; Foto: Divulga\u00e7\u00e3o\/Globo<\/em><br \/>\n<\/br><\/p>\n<p><img decoding=\"async\" src=\"http:\/\/aconteceunovale.com.br\/portal\/wp-content\/uploads\/2014\/10\/incendio_carrancas_5.jpg\" alt=\"\" \/><em>M\u00e1quinas da Prefeitura ajudam nos trabalhos &#8211; Foto: Divulga\u00e7\u00e3o\/Prefeitura<\/em><br \/>\n<\/br><\/p>\n<p><img decoding=\"async\" src=\"http:\/\/aconteceunovale.com.br\/portal\/wp-content\/uploads\/2014\/10\/incendio_carrancas_6.jpg\" alt=\"\" \/><em>Inc\u00eandio atinge serras da cidade desde o \u00faltimo domingo &#8211; Foto: Divulga\u00e7\u00e3o\/Globo<\/em><br \/>\n<\/br><\/p>\n<p><strong><em>(Fonte: O Tempo)<\/em><\/strong><\/p>\n","protected":false},"excerpt":{"rendered":"<p>Chamas consomem serras em Carrancas, no Sul de Minas, desde domingo. Brigadista teve 70% do corpo queimado e foi levado em estado grave para BH. Dois homens morreram e um brigadista ficou gravemente ferido na tentativa de apagar um inc\u00eandio em Carrancas, no Sul de Minas. As v\u00edtimas teriam entrado na mata na noite dessa [&hellip;]<\/p>\n","protected":false},"author":1,"featured_media":42292,"comment_status":"open","ping_status":"closed","sticky":false,"template":"","format":"standard","meta":{"amp_status":"","footnotes":""},"categories":[123],"tags":[1633,18993,18998,18997,1018,19003,19001,19000,19002,18992,18991,18987,18990,18989,19004,18988,18995,18996,18999,18994],"class_list":["post-42290","post","type-post","status-publish","format-standard","has-post-thumbnail","hentry","category-gerais","tag-carrancas","tag-chamas-consomem-serras-em-carrancas","tag-complexo-da-zilda","tag-complexo-da-zilda-e-serra-dos-moleques","tag-destaque","tag-dois-morrem-durante-combate-a-incendio-em-cidade-cenario-de-novela-da-globo-em-minas","tag-duas-pessoas-morrem-durante-combate-a-incendio-em-cidade-cenario-da-novela-imperio-da-tv-globo","tag-duas-pessoas-morrem-durante-combate-a-incendio-em-cidade-cenario-da-novela-imperio-em-minas","tag-duas-pessoas-morrem-durante-combate-a-incendio-em-cidade-cenario-da-novela-imperio-no-sul-de-minas","tag-duas-pessoas-morrem-em-cenario-da-novela-imperio-da-tv-globo","tag-duas-pessoas-morrem-no-cenario-da-novela-imperio","tag-gravacoes-da-novela-imperio","tag-imperio","tag-imperio-da-tv-globo","tag-incendio-em-cidade-cenario-da-novela-imperio-deixa-dois-mortos-em-minas-gerais","tag-novela-imperio","tag-serra-das-broas","tag-serra-das-broas-em-carrancas","tag-serra-dos-moleques","tag-serras-em-carrancas"],"_links":{"self":[{"href":"https:\/\/aconteceunovale.com.br\/portal\/index.php?rest_route=\/wp\/v2\/posts\/42290","targetHints":{"allow":["GET"]}}],"collection":[{"href":"https:\/\/aconteceunovale.com.br\/portal\/index.php?rest_route=\/wp\/v2\/posts"}],"about":[{"href":"https:\/\/aconteceunovale.com.br\/portal\/index.php?rest_route=\/wp\/v2\/types\/post"}],"author":[{"embeddable":true,"href":"https:\/\/aconteceunovale.com.br\/portal\/index.php?rest_route=\/wp\/v2\/users\/1"}],"replies":[{"embeddable":true,"href":"https:\/\/aconteceunovale.com.br\/portal\/index.php?rest_route=%2Fwp%2Fv2%2Fcomments&post=42290"}],"version-history":[{"count":0,"href":"https:\/\/aconteceunovale.com.br\/portal\/index.php?rest_route=\/wp\/v2\/posts\/42290\/revisions"}],"wp:featuredmedia":[{"embeddable":true,"href":"https:\/\/aconteceunovale.com.br\/portal\/index.php?rest_route=\/wp\/v2\/media\/42292"}],"wp:attachment":[{"href":"https:\/\/aconteceunovale.com.br\/portal\/index.php?rest_route=%2Fwp%2Fv2%2Fmedia&parent=42290"}],"wp:term":[{"taxonomy":"category","embeddable":true,"href":"https:\/\/aconteceunovale.com.br\/portal\/index.php?rest_route=%2Fwp%2Fv2%2Fcategories&post=42290"},{"taxonomy":"post_tag","embeddable":true,"href":"https:\/\/aconteceunovale.com.br\/portal\/index.php?rest_route=%2Fwp%2Fv2%2Ftags&post=42290"}],"curies":[{"name":"wp","href":"https:\/\/api.w.org\/{rel}","templated":true}]}}