{"id":42285,"date":"2014-10-15T16:00:22","date_gmt":"2014-10-15T19:00:22","guid":{"rendered":"http:\/\/aconteceunovale.com.br\/portal\/?p=42285"},"modified":"2014-10-15T16:00:22","modified_gmt":"2014-10-15T19:00:22","slug":"policia-militar-de-minas-gerais-abre-edital-com-69-vagas-para-nivel-medio","status":"publish","type":"post","link":"https:\/\/aconteceunovale.com.br\/portal\/?p=42285","title":{"rendered":"Pol\u00edcia Militar de Minas Gerais abre edital com 69 vagas para n\u00edvel m\u00e9dio"},"content":{"rendered":"<p>A Pol\u00edcia Militar de Minas Gerais abriu edital para concurso p\u00fablico com 69 vagas para n\u00edvel m\u00e9dio\/t\u00e9cnico. O sal\u00e1rio inicial \u00e9 de R$ 2.722,37. As inscri\u00e7\u00f5es v\u00e3o de 8 de dezembro a 8 de janeiro de 2015. <a href=\"https:\/\/www.policiamilitar.mg.gov.br\/conteudoportal\/sites\/concurso\/081020141253334010.pdf\" target=\"_blank\">Leia o edital.<\/a><\/p>\n<p>O processo vai selecionar candidatos para o Curso de Forma\u00e7\u00e3o de Soldados do Quadro de Pra\u00e7as Especialistas (QPE), com in\u00edcio em agosto de 2015. As vagas, para ambos o sexo, s\u00e3o destinadas para as categorias de m\u00fasicos e auxiliar de sa\u00fade (t\u00e9cnico de enfermagem, auxiliar de farm\u00e1cia e auxiliar em sa\u00fade bucal). O curso tem dura\u00e7\u00e3o de 11 meses, com dedica\u00e7\u00e3o exclusiva, incluindo atividades noturnas e no finais de semana. N\u00e3o haver\u00e1 reserva de vagas para portadores de necessidades especiais.<\/p>\n<p>A remunera\u00e7\u00e3o b\u00e1sica inicial para o Soldado de 2\u00ba Classe \u00e9 R$ 2.722,37. Para o cargo de Soldado de 1\u00ba Classe, a remunera\u00e7\u00e3o b\u00e1sica atual \u00e9 R$ 3.182,00. Os valores ser\u00e3o reajustados em dezembro de 2014 (12%) e abril de 2015 (15%).<\/p>\n<p>O valor da taxa de inscri\u00e7\u00e3o \u00e9 R$ 62,46. O processo seletivo \u00e9 divido em quatro partes e inclui provas de conhecimento e reda\u00e7\u00e3o no dia 1\u00ba de fevereiro de 2015, al\u00e9m de prova pr\u00e1tica da especialidade, exames psicol\u00f3gicos e de sa\u00fade, teste de capacita\u00e7\u00e3o f\u00edsica e exame toxol\u00f3gico. A divulga\u00e7\u00e3o do resultado final acontecer\u00e1 no dia 13 de julho de 2015. (G1)<\/p>\n","protected":false},"excerpt":{"rendered":"<p>A Pol\u00edcia Militar de Minas Gerais abriu edital para concurso p\u00fablico com 69 vagas para n\u00edvel m\u00e9dio\/t\u00e9cnico. O sal\u00e1rio inicial \u00e9 de R$ 2.722,37. As inscri\u00e7\u00f5es v\u00e3o de 8 de dezembro a 8 de janeiro de 2015. Leia o edital. O processo vai selecionar candidatos para o Curso de Forma\u00e7\u00e3o de Soldados do Quadro de [&hellip;]<\/p>\n","protected":false},"author":1,"featured_media":26880,"comment_status":"open","ping_status":"closed","sticky":false,"template":"","format":"standard","meta":{"amp_status":"","footnotes":""},"categories":[123],"tags":[18982,13334,18980,18979,18981],"class_list":["post-42285","post","type-post","status-publish","format-standard","has-post-thumbnail","hentry","category-gerais","tag-concurso-na-policia-militar-de-minas-gerais","tag-concurso-publico-da-policia-militar-de-minas-gerais","tag-policia-militar-de-minas-gerais","tag-policia-militar-de-minas-gerais-abre-edital-com-69-vagas-para-nivel-medio","tag-vagas-na-policia-militar-de-minas-gerais"],"_links":{"self":[{"href":"https:\/\/aconteceunovale.com.br\/portal\/index.php?rest_route=\/wp\/v2\/posts\/42285","targetHints":{"allow":["GET"]}}],"collection":[{"href":"https:\/\/aconteceunovale.com.br\/portal\/index.php?rest_route=\/wp\/v2\/posts"}],"about":[{"href":"https:\/\/aconteceunovale.com.br\/portal\/index.php?rest_route=\/wp\/v2\/types\/post"}],"author":[{"embeddable":true,"href":"https:\/\/aconteceunovale.com.br\/portal\/index.php?rest_route=\/wp\/v2\/users\/1"}],"replies":[{"embeddable":true,"href":"https:\/\/aconteceunovale.com.br\/portal\/index.php?rest_route=%2Fwp%2Fv2%2Fcomments&post=42285"}],"version-history":[{"count":0,"href":"https:\/\/aconteceunovale.com.br\/portal\/index.php?rest_route=\/wp\/v2\/posts\/42285\/revisions"}],"wp:featuredmedia":[{"embeddable":true,"href":"https:\/\/aconteceunovale.com.br\/portal\/index.php?rest_route=\/wp\/v2\/media\/26880"}],"wp:attachment":[{"href":"https:\/\/aconteceunovale.com.br\/portal\/index.php?rest_route=%2Fwp%2Fv2%2Fmedia&parent=42285"}],"wp:term":[{"taxonomy":"category","embeddable":true,"href":"https:\/\/aconteceunovale.com.br\/portal\/index.php?rest_route=%2Fwp%2Fv2%2Fcategories&post=42285"},{"taxonomy":"post_tag","embeddable":true,"href":"https:\/\/aconteceunovale.com.br\/portal\/index.php?rest_route=%2Fwp%2Fv2%2Ftags&post=42285"}],"curies":[{"name":"wp","href":"https:\/\/api.w.org\/{rel}","templated":true}]}}