{"id":42281,"date":"2014-10-15T15:44:06","date_gmt":"2014-10-15T18:44:06","guid":{"rendered":"http:\/\/aconteceunovale.com.br\/portal\/?p=42281"},"modified":"2014-10-15T15:45:04","modified_gmt":"2014-10-15T18:45:04","slug":"carreta-carregada-com-sacos-de-cimento-tomba-na-mgc-120","status":"publish","type":"post","link":"https:\/\/aconteceunovale.com.br\/portal\/?p=42281","title":{"rendered":"Carreta carregada com sacos de cimento tomba na MGC-120"},"content":{"rendered":"<p><em><\/p>\n<h4><strong>Carreta tombou pr\u00f3ximo ao trevo de S\u00e3o Sebasti\u00e3o do Maranh\u00e3o. Motorista sofreu ferimentos leves<\/strong><\/h4>\n<p><\/em><\/p>\n<p>Uma carreta carregada com sacos de cimento tombou por volta das 10 horas da manh\u00e3 desta quarta-feira, 15 de outubro, na MGC-120, pr\u00f3ximo ao trevo de S\u00e3o Sebasti\u00e3o do Maranh\u00e3o, no Vale do Rio Doce.<\/p>\n<p><img decoding=\"async\" src=\"http:\/\/aconteceunovale.com.br\/portal\/wp-content\/uploads\/2014\/10\/acidente_maranhao_2.jpg\" alt=\"\" \/><em>Carreta tombou na MGC-120, pr\u00f3ximo ao trevo de S\u00e3o Sebasti\u00e3o do Maranh\u00e3o &#8211; Fotos: Edimar Gon\u00e7alves<\/em><br \/>\n<\/br><\/p>\n<p>De acordo com informa\u00e7\u00f5es, o condutor da carreta Scania, placa OOF-6345, de Itamarandiba\/MG, perdeu o controle direcional em uma curva e capotou \u00e0s margens da rodovia. Com o impacto do acidente, a carga ficou espalhada.<\/p>\n<p>O caminhoneiro foi socorrido com ferimentos leves e encaminhado para atendimento m\u00e9dico. N\u00e3o foi registrado reten\u00e7\u00e3o no tr\u00e1fego no local.<\/p>\n<p>As fotos foram enviadas pelo radialista Clei\u00e7on Monteiro atrav\u00e9s do nosso WhatsApp. Fa\u00e7a como ele, participe do jornal. Envie fotos, v\u00eddeos e informa\u00e7\u00f5es atrav\u00e9s do n\u00famero (33) 8868-6512. O seu registro pode virar not\u00edcia no Portal Aconteceu no Vale.<\/p>\n","protected":false},"excerpt":{"rendered":"<p>Carreta tombou pr\u00f3ximo ao trevo de S\u00e3o Sebasti\u00e3o do Maranh\u00e3o. Motorista sofreu ferimentos leves Uma carreta carregada com sacos de cimento tombou por volta das 10 horas da manh\u00e3 desta quarta-feira, 15 de outubro, na MGC-120, pr\u00f3ximo ao trevo de S\u00e3o Sebasti\u00e3o do Maranh\u00e3o, no Vale do Rio Doce. Carreta tombou na MGC-120, pr\u00f3ximo ao [&hellip;]<\/p>\n","protected":false},"author":1,"featured_media":42282,"comment_status":"open","ping_status":"closed","sticky":false,"template":"","format":"standard","meta":{"amp_status":"","footnotes":""},"categories":[121],"tags":[18196,18978,18977,1018,149,324],"class_list":["post-42281","post","type-post","status-publish","format-standard","has-post-thumbnail","hentry","category-leste","tag-acidente-com-caminhoneiro-de-itamarandiba","tag-acidente-com-carreta-de-itamarandiba","tag-carreta-carregada-com-sacos-de-cimento-tomba-na-mgc-120","tag-destaque","tag-itamarandiba","tag-sao-sebastiao-do-maranhao"],"_links":{"self":[{"href":"https:\/\/aconteceunovale.com.br\/portal\/index.php?rest_route=\/wp\/v2\/posts\/42281","targetHints":{"allow":["GET"]}}],"collection":[{"href":"https:\/\/aconteceunovale.com.br\/portal\/index.php?rest_route=\/wp\/v2\/posts"}],"about":[{"href":"https:\/\/aconteceunovale.com.br\/portal\/index.php?rest_route=\/wp\/v2\/types\/post"}],"author":[{"embeddable":true,"href":"https:\/\/aconteceunovale.com.br\/portal\/index.php?rest_route=\/wp\/v2\/users\/1"}],"replies":[{"embeddable":true,"href":"https:\/\/aconteceunovale.com.br\/portal\/index.php?rest_route=%2Fwp%2Fv2%2Fcomments&post=42281"}],"version-history":[{"count":0,"href":"https:\/\/aconteceunovale.com.br\/portal\/index.php?rest_route=\/wp\/v2\/posts\/42281\/revisions"}],"wp:featuredmedia":[{"embeddable":true,"href":"https:\/\/aconteceunovale.com.br\/portal\/index.php?rest_route=\/wp\/v2\/media\/42282"}],"wp:attachment":[{"href":"https:\/\/aconteceunovale.com.br\/portal\/index.php?rest_route=%2Fwp%2Fv2%2Fmedia&parent=42281"}],"wp:term":[{"taxonomy":"category","embeddable":true,"href":"https:\/\/aconteceunovale.com.br\/portal\/index.php?rest_route=%2Fwp%2Fv2%2Fcategories&post=42281"},{"taxonomy":"post_tag","embeddable":true,"href":"https:\/\/aconteceunovale.com.br\/portal\/index.php?rest_route=%2Fwp%2Fv2%2Ftags&post=42281"}],"curies":[{"name":"wp","href":"https:\/\/api.w.org\/{rel}","templated":true}]}}