{"id":42278,"date":"2014-10-15T14:49:48","date_gmt":"2014-10-15T17:49:48","guid":{"rendered":"http:\/\/aconteceunovale.com.br\/portal\/?p=42278"},"modified":"2014-10-15T14:49:48","modified_gmt":"2014-10-15T17:49:48","slug":"transporte-aereo-cresce-e-atinge-novo-recorde-no-brasil","status":"publish","type":"post","link":"https:\/\/aconteceunovale.com.br\/portal\/?p=42278","title":{"rendered":"Transporte a\u00e9reo cresce e atinge novo recorde no Brasil"},"content":{"rendered":"<p>O n\u00famero de passageiros de avi\u00e3o no Brasil em 2013 atingiu recorde hist\u00f3rico, com 109,2 milh\u00f5es de pessoas. Os dados fazem parte do Anu\u00e1rio do Transporte A\u00e9reo de 2013 e foram divulgados esta quarta-feira (15) pelo diretor-presidente da Ag\u00eancia Nacional de Avia\u00e7\u00e3o Civil (Anac), Marcelo Guaranys. O ministro da Avia\u00e7\u00e3o Civil, Moreira Franco tamb\u00e9m participou da cerim\u00f4nia.<\/p>\n<p><img decoding=\"async\" src=\"http:\/\/aconteceunovale.com.br\/portal\/wp-content\/uploads\/2014\/10\/aeroporto_de_confins.jpg\" alt=\"\" \/><em>Aeroporto Internacional Tancredo Neves, em Minas Gerais &#8211; Foto: Infraero\/Divulga\u00e7\u00e3o<\/em><br \/>\n<\/br><\/p>\n<p>Do total de usu\u00e1rios, segundo a Anac, 90 milh\u00f5es foram passageiros em voos dom\u00e9sticos e 19,2 milh\u00f5es em voos internacionais.<\/p>\n<p>A publica\u00e7\u00e3o destaca que o Brasil vem registrando, desde 2011, mais de um milh\u00e3o de voos por ano, o que representa aumento de 81% em rela\u00e7\u00e3o h\u00e1 dez anos.<\/p>\n<p>No ano passado, a demanda por voos dom\u00e9sticos cresceu 13% em rela\u00e7\u00e3o a 2012. Quanto \u00e0 demanda por voos internacionais, o crescimento foi 8,4%.<\/p>\n<p>Segundo avalia\u00e7\u00e3o da Anac, em 2013 o transporte a\u00e9reo se tornou o principal meio de transporte dos brasileiros em viagens interestaduais, com dist\u00e2ncia superior a 75 quil\u00f4metros. A taxa de passageiros dom\u00e9sticos por 100 habitantes no per\u00edodo foi a maior dos \u00faltimos dez anos, com crescimento de 1,56% na \u00faltima d\u00e9cada.<\/p>\n<p><em>(Ag\u00eancia Brasil)<\/em><\/p>\n","protected":false},"excerpt":{"rendered":"<p>O n\u00famero de passageiros de avi\u00e3o no Brasil em 2013 atingiu recorde hist\u00f3rico, com 109,2 milh\u00f5es de pessoas. Os dados fazem parte do Anu\u00e1rio do Transporte A\u00e9reo de 2013 e foram divulgados esta quarta-feira (15) pelo diretor-presidente da Ag\u00eancia Nacional de Avia\u00e7\u00e3o Civil (Anac), Marcelo Guaranys. O ministro da Avia\u00e7\u00e3o Civil, Moreira Franco tamb\u00e9m participou [&hellip;]<\/p>\n","protected":false},"author":1,"featured_media":42279,"comment_status":"open","ping_status":"closed","sticky":false,"template":"","format":"standard","meta":{"amp_status":"","footnotes":""},"categories":[6],"tags":[18971,2581,18975,18970,18973,18972,18974,18976],"class_list":["post-42278","post","type-post","status-publish","format-standard","has-post-thumbnail","hentry","category-br","tag-agencia-nacional-de-aviacao-civil","tag-anac","tag-anuario-do-transporte-aereo","tag-anuario-do-transporte-aereo-de-2013","tag-aviacao-civil","tag-marcelo-guaranys","tag-moreira-franco","tag-transporte-aereo-cresce-e-atinge-novo-recorde-no-brasil"],"_links":{"self":[{"href":"https:\/\/aconteceunovale.com.br\/portal\/index.php?rest_route=\/wp\/v2\/posts\/42278","targetHints":{"allow":["GET"]}}],"collection":[{"href":"https:\/\/aconteceunovale.com.br\/portal\/index.php?rest_route=\/wp\/v2\/posts"}],"about":[{"href":"https:\/\/aconteceunovale.com.br\/portal\/index.php?rest_route=\/wp\/v2\/types\/post"}],"author":[{"embeddable":true,"href":"https:\/\/aconteceunovale.com.br\/portal\/index.php?rest_route=\/wp\/v2\/users\/1"}],"replies":[{"embeddable":true,"href":"https:\/\/aconteceunovale.com.br\/portal\/index.php?rest_route=%2Fwp%2Fv2%2Fcomments&post=42278"}],"version-history":[{"count":0,"href":"https:\/\/aconteceunovale.com.br\/portal\/index.php?rest_route=\/wp\/v2\/posts\/42278\/revisions"}],"wp:featuredmedia":[{"embeddable":true,"href":"https:\/\/aconteceunovale.com.br\/portal\/index.php?rest_route=\/wp\/v2\/media\/42279"}],"wp:attachment":[{"href":"https:\/\/aconteceunovale.com.br\/portal\/index.php?rest_route=%2Fwp%2Fv2%2Fmedia&parent=42278"}],"wp:term":[{"taxonomy":"category","embeddable":true,"href":"https:\/\/aconteceunovale.com.br\/portal\/index.php?rest_route=%2Fwp%2Fv2%2Fcategories&post=42278"},{"taxonomy":"post_tag","embeddable":true,"href":"https:\/\/aconteceunovale.com.br\/portal\/index.php?rest_route=%2Fwp%2Fv2%2Ftags&post=42278"}],"curies":[{"name":"wp","href":"https:\/\/api.w.org\/{rel}","templated":true}]}}