{"id":42268,"date":"2014-10-15T14:01:35","date_gmt":"2014-10-15T17:01:35","guid":{"rendered":"http:\/\/aconteceunovale.com.br\/portal\/?p=42268"},"modified":"2014-10-15T14:01:35","modified_gmt":"2014-10-15T17:01:35","slug":"ocorrencias-em-destaque-no-norte-de-minas-gerais-15-de-outubro-de-2014","status":"publish","type":"post","link":"https:\/\/aconteceunovale.com.br\/portal\/?p=42268","title":{"rendered":"Ocorr\u00eancias em destaque no Norte de Minas Gerais \u2013 15 de outubro de 2014"},"content":{"rendered":"<h4><strong>Homem \u00e9 encontrado morto na BR-251 pr\u00f3ximo a Salinas<\/strong><\/h4>\n<p>Na tarde do dia 14 de outubro militares de Salinas receberam informa\u00e7\u00e3o de que havia um corpo em estado de decomposi\u00e7\u00e3o na BR-251, KM 282 pr\u00f3ximo a Salinas. Os militares se dirigiram at\u00e9 o local e localizaram o corpo. Foi constatado que a v\u00edtima era do sexo masculino, aproximadamente 1,75 metros de altura, cabelo grande, trajava bermuda jeans, camisa escura, descal\u00e7o e com os p\u00e9s amarrados. A per\u00edcia esteve no local e realizou os trabalhos de praxe. O corpo foi encaminhado para o IML de Montes Claros.<br \/>\n<\/br><\/p>\n<h4><strong>Assaltantes levam R$ 3.200 de madeireira em Montes Claros<\/strong><\/h4>\n<p>Dois criminosos roubaram R$ 3.200, dois rel\u00f3gios, uma corrente de ouro, um celular e um \u00f3culos de uma madeireira no Bairro Morada do Parque, nesta ter\u00e7a-feira (14), em Montes Claros (MG).<\/p>\n<p>Segundo a Pol\u00edcia Militar, os dois criminosos chegaram de moto e um entrou no estabelecimento. Antes de fugir eles amea\u00e7aram as pessoas que estavam no local, dizendo que se chamassem a pol\u00edcia iria mat\u00e1-los. Ap\u00f3s o assalto, os dois criminosos fugiram e at\u00e9 o momento n\u00e3o foram localizados.<br \/>\n<\/br><\/p>\n<h4><strong>Adolescente de 17 anos \u00e9 apreendido com moto furtada em Montes Claros<\/strong><\/h4>\n<p>Um adolescente de 17 anos foi apreendido nesta quarta-feira (15) em Montes Claros (MG), com uma moto que foi furtada na Rua Cairo, no Bairro Roxo Verde, no dia anterior.<\/p>\n<p>A Pol\u00edcia Militar recebeu den\u00fancias de que dois homens andavam com uma moto furtada em alta velocidade. A PM conseguiu localizar os dois. Eles tentaram fugir com o ve\u00edculo, mas o condutor perdeu o controle da dire\u00e7\u00e3o e eles ca\u00edram. O menor foi detido na Rua Jo\u00e3o Ferreira, no Bairro Eldorado. O comparsa dele fugiu.<\/p>\n<p>O adolescente tinha algumas escoria\u00e7\u00f5es, por isso foi levado para a Santa Casa, onde recebeu atendimento. Em seguida ele foi levado para a delegacia.<br \/>\n<\/br><\/p>\n<h4><strong>Adolescentes armados roubam motocicleta em Taiobeiras<\/strong><\/h4>\n<p>No in\u00edcio da noite desta ter\u00e7a-feira R.G.S, de 26 anos, foi abordado por dois adolescentes magros, morenos, sendo um de estatura mediana e outro de estatura baixa, ambos trajando blusas de frio de cor vermelha e bermuda. Os adolescentes chegaram encapuzados e armados com rev\u00f3lveres calibre 38 e 32 e subtra\u00edram da v\u00edtima uma motocicleta  YAMAHA\/YS150 FAZER de cor preta, placa OWY-3276 e um capacete tamb\u00e9m de cor preta. Ao efetuar rastreamentos, militares lograram \u00eaxito na apreens\u00e3o de um menor de idade que tentou evadir ao visualizar os policiais. Era o menor F.A.S, de 16 anos que foi reconhecido pela v\u00edtima como sendo um dos autores do roubo. O menor \u00e9 contumaz na pr\u00e1tica de roubos de motocicleta em Taiobeiras, juntamente com o menor E.O.S. O adolescente foi autuado em flagrante mas o produto do roubo n\u00e3o foi encontrado.<\/p>\n<p><strong><em>(Fonte: Pol\u00edcia Militar \/ Inter TV Grande Minas)<\/em><\/strong><\/p>\n","protected":false},"excerpt":{"rendered":"<p>Homem \u00e9 encontrado morto na BR-251 pr\u00f3ximo a Salinas Na tarde do dia 14 de outubro militares de Salinas receberam informa\u00e7\u00e3o de que havia um corpo em estado de decomposi\u00e7\u00e3o na BR-251, KM 282 pr\u00f3ximo a Salinas. Os militares se dirigiram at\u00e9 o local e localizaram o corpo. Foi constatado que a v\u00edtima era do [&hellip;]<\/p>\n","protected":false},"author":1,"featured_media":26880,"comment_status":"open","ping_status":"closed","sticky":false,"template":"","format":"standard","meta":{"amp_status":"","footnotes":""},"categories":[1236],"tags":[18955,18956,18954,18957,210,18958,190,419],"class_list":["post-42268","post","type-post","status-publish","format-standard","has-post-thumbnail","hentry","category-norte_de_minas","tag-adolescente-de-17-anos-e-apreendido-com-moto-furtada-em-montes-claros","tag-adolescentes-armados-roubam-motocicleta-em-taiobeiras","tag-assaltantes-levam-r-3-200-de-madeireira-em-montes-claros","tag-homem-e-encontrado-morto-na-br-251-proximo-a-salinas","tag-montes-claros","tag-ocorrencias-em-destaque-no-norte-de-minas-gerais-15-de-outubro-de-2014","tag-salinas","tag-taiobeiras"],"_links":{"self":[{"href":"https:\/\/aconteceunovale.com.br\/portal\/index.php?rest_route=\/wp\/v2\/posts\/42268","targetHints":{"allow":["GET"]}}],"collection":[{"href":"https:\/\/aconteceunovale.com.br\/portal\/index.php?rest_route=\/wp\/v2\/posts"}],"about":[{"href":"https:\/\/aconteceunovale.com.br\/portal\/index.php?rest_route=\/wp\/v2\/types\/post"}],"author":[{"embeddable":true,"href":"https:\/\/aconteceunovale.com.br\/portal\/index.php?rest_route=\/wp\/v2\/users\/1"}],"replies":[{"embeddable":true,"href":"https:\/\/aconteceunovale.com.br\/portal\/index.php?rest_route=%2Fwp%2Fv2%2Fcomments&post=42268"}],"version-history":[{"count":0,"href":"https:\/\/aconteceunovale.com.br\/portal\/index.php?rest_route=\/wp\/v2\/posts\/42268\/revisions"}],"wp:featuredmedia":[{"embeddable":true,"href":"https:\/\/aconteceunovale.com.br\/portal\/index.php?rest_route=\/wp\/v2\/media\/26880"}],"wp:attachment":[{"href":"https:\/\/aconteceunovale.com.br\/portal\/index.php?rest_route=%2Fwp%2Fv2%2Fmedia&parent=42268"}],"wp:term":[{"taxonomy":"category","embeddable":true,"href":"https:\/\/aconteceunovale.com.br\/portal\/index.php?rest_route=%2Fwp%2Fv2%2Fcategories&post=42268"},{"taxonomy":"post_tag","embeddable":true,"href":"https:\/\/aconteceunovale.com.br\/portal\/index.php?rest_route=%2Fwp%2Fv2%2Ftags&post=42268"}],"curies":[{"name":"wp","href":"https:\/\/api.w.org\/{rel}","templated":true}]}}