{"id":42265,"date":"2014-10-15T13:13:21","date_gmt":"2014-10-15T16:13:21","guid":{"rendered":"http:\/\/aconteceunovale.com.br\/portal\/?p=42265"},"modified":"2014-10-15T13:13:21","modified_gmt":"2014-10-15T16:13:21","slug":"casa-e-totalmente-destruida-por-incendio-em-ipatinga","status":"publish","type":"post","link":"https:\/\/aconteceunovale.com.br\/portal\/?p=42265","title":{"rendered":"Casa \u00e9 totalmente destru\u00edda por inc\u00eandio em Ipatinga"},"content":{"rendered":"<h4><strong><em>Moradores da casa estavam viajando no momento do inc\u00eandio. Em Governador Valadares, inc\u00eandio provocou preju\u00edzos em bar.<\/em><\/strong><\/h4>\n<p>Uma casa foi totalmente destru\u00edda por um inc\u00eandio durante a madrugada desta quarta-feira (15), na Rua Bias Fortes, no bairro Bom Retiro, em Ipatinga. O Corpo de Bombeiros esteve no local para conter as chamas. No momento do acidente n\u00e3o havia ningu\u00e9m na resid\u00eancia.<\/p>\n<p>Segundo informa\u00e7\u00f5es do Corpo de Bombeiros, por volta das 3h da madrugada, os vizinhos perceberam as chamas e acionaram os militares, que quando chegaram ao local j\u00e1 deparam com a casa 100% queimada. \u201cAs chamas estavam altas e a casa completamente queimada. Os seis c\u00f4modos ficaram completamente destru\u00eddos. O telhado que era de amianto desabou e todos os m\u00f3veis e eletrodom\u00e9sticos foram queimados. Com o inc\u00eandio as casas vizinhas n\u00e3o sofreram nenhum tipo de dano, somente o im\u00f3vel em quest\u00e3o que ficou completamente queimado\u201d, relata o sargento Edilson Menezes.<\/p>\n<p><img decoding=\"async\" src=\"http:\/\/aconteceunovale.com.br\/portal\/wp-content\/uploads\/2014\/10\/foto_casa_ipatinga.jpg\" alt=\"\" \/><em>Bombeiros afirmam que a casa ficou completamente destru\u00edda (Foto: Mauricio Oliveira \/ Inter TV dos Vales)<\/em><br \/>\n<\/br><\/p>\n<p>Ainda de acordo com o sargento, foram utilizados cerca de seis mil litros de \u00e1gua no combate as chamas e as causas do inc\u00eandio ainda s\u00e3o apuradas. \u201cN\u00e3o podemos afirmar o que causou as chamas, isso \u00e9 algo que deve ser apurado mais frente, por\u00e9m, analisamos algumas situa\u00e7\u00f5es que contribui para que o fogo comece e se propague, como o fato da estrutura da casa ser de madeira e o telhado de amianto contribuiu com a propaga\u00e7\u00e3o r\u00e1pida do fogo\u201d, conta.<\/p>\n<h4>Ningu\u00e9m em casa<\/h4>\n<p>A fam\u00edlia que mora na casa n\u00e3o estava no im\u00f3vel no momento do acidente. De acordo com a vizinha Maria das Dores Tavares, que acionou os bombeiros, o fogo tomou conta da resid\u00eancia em 30 minutos e ap\u00f3s a chegada dos militares. Ela tamb\u00e9m telefonou para o dono do im\u00f3vel e informou do incidente.<\/p>\n<p>\u201cMeu pai acordou durante a madruga, olhou para a janela e viu uma chama alta de fogo, ma dire\u00e7\u00e3o da casa atingida. Acionamos os bombeiros e eles chegaram j\u00e1 derrubando o port\u00e3o, mas o fogo j\u00e1 tinha tomado conta de tudo. A fam\u00edlia estava viajando para Pe\u00e7anha, mas havia uma cadela dentro da casa. Os bombeiros localizaram ela debaixo de um p\u00e9 de couve e ela conseguiu ser resgatadas\u201d, diz.<br \/>\n<\/br><\/p>\n<p><strong><\/p>\n<h2>Inc\u00eandio causa preju\u00edzos em um bar de Governador Valadares<\/h2>\n<p><\/strong><\/p>\n<p>Um inc\u00eandio em um bar, foi registrado na madrugada desta quarta-feira (15), no Bairro Esperan\u00e7a, em Governador Valadares. Segundo o Corpo de Bombeiros, os motivos do acidente ainda n\u00e3o foram identificados e n\u00e3o houve v\u00edtimas.<\/p>\n<p>Quando os bombeiros chegaram, na Rua Noel Machado, as chamas estavam muito fortes. O fogo danificou seis congeladores, um fog\u00e3o, duas televis\u00f5es, 22 grades de cerveja, 10 fardos de refrigerante, um aparelho de som, dois ventiladores, quatro jogos de mesa e 12 cadeiras.<\/p>\n<p>De acordo com os bombeiros, n\u00e3o houve danos as resid\u00eancias, pr\u00f3ximas ao bar. A laje do estabelecimento acabou cedendo, juntamente com o reboco da parede, por causa do fogo. Os militares orientaram os propriet\u00e1rios a procurarem um engenheiro.<\/p>\n<p><strong><em>(Fonte: Inter TV dos Vales)<\/em><\/strong><\/p>\n","protected":false},"excerpt":{"rendered":"<p>Moradores da casa estavam viajando no momento do inc\u00eandio. Em Governador Valadares, inc\u00eandio provocou preju\u00edzos em bar. Uma casa foi totalmente destru\u00edda por um inc\u00eandio durante a madrugada desta quarta-feira (15), na Rua Bias Fortes, no bairro Bom Retiro, em Ipatinga. O Corpo de Bombeiros esteve no local para conter as chamas. No momento do [&hellip;]<\/p>\n","protected":false},"author":1,"featured_media":42266,"comment_status":"open","ping_status":"closed","sticky":false,"template":"","format":"standard","meta":{"amp_status":"","footnotes":""},"categories":[121],"tags":[18953,247,18952,201],"class_list":["post-42265","post","type-post","status-publish","format-standard","has-post-thumbnail","hentry","category-leste","tag-casa-e-totalmente-destruida-por-incendio-em-ipatinga","tag-governador-valadares","tag-incendio-causa-prejuizos-em-um-bar-de-governador-valadares","tag-ipatinga"],"_links":{"self":[{"href":"https:\/\/aconteceunovale.com.br\/portal\/index.php?rest_route=\/wp\/v2\/posts\/42265","targetHints":{"allow":["GET"]}}],"collection":[{"href":"https:\/\/aconteceunovale.com.br\/portal\/index.php?rest_route=\/wp\/v2\/posts"}],"about":[{"href":"https:\/\/aconteceunovale.com.br\/portal\/index.php?rest_route=\/wp\/v2\/types\/post"}],"author":[{"embeddable":true,"href":"https:\/\/aconteceunovale.com.br\/portal\/index.php?rest_route=\/wp\/v2\/users\/1"}],"replies":[{"embeddable":true,"href":"https:\/\/aconteceunovale.com.br\/portal\/index.php?rest_route=%2Fwp%2Fv2%2Fcomments&post=42265"}],"version-history":[{"count":0,"href":"https:\/\/aconteceunovale.com.br\/portal\/index.php?rest_route=\/wp\/v2\/posts\/42265\/revisions"}],"wp:featuredmedia":[{"embeddable":true,"href":"https:\/\/aconteceunovale.com.br\/portal\/index.php?rest_route=\/wp\/v2\/media\/42266"}],"wp:attachment":[{"href":"https:\/\/aconteceunovale.com.br\/portal\/index.php?rest_route=%2Fwp%2Fv2%2Fmedia&parent=42265"}],"wp:term":[{"taxonomy":"category","embeddable":true,"href":"https:\/\/aconteceunovale.com.br\/portal\/index.php?rest_route=%2Fwp%2Fv2%2Fcategories&post=42265"},{"taxonomy":"post_tag","embeddable":true,"href":"https:\/\/aconteceunovale.com.br\/portal\/index.php?rest_route=%2Fwp%2Fv2%2Ftags&post=42265"}],"curies":[{"name":"wp","href":"https:\/\/api.w.org\/{rel}","templated":true}]}}