{"id":42261,"date":"2014-10-15T13:00:49","date_gmt":"2014-10-15T16:00:49","guid":{"rendered":"http:\/\/aconteceunovale.com.br\/portal\/?p=42261"},"modified":"2014-10-15T13:03:33","modified_gmt":"2014-10-15T16:03:33","slug":"ocorrencias-em-destaque-nos-vales-do-jequitinhonha-rio-doce-e-mucuri-15-de-outubro-de-2014","status":"publish","type":"post","link":"https:\/\/aconteceunovale.com.br\/portal\/?p=42261","title":{"rendered":"Ocorr\u00eancias em destaque nos Vales do Jequitinhonha, Rio Doce e Mucuri \u2013 15 de outubro de 2014"},"content":{"rendered":"<h4><strong>Pol\u00edcia prende autor de homic\u00eddio em Fronteira dos Vales<\/strong><\/h4>\n<p>O autor Julimar Rodrigues de Souza, de 24 anos, foi preso em flagrante na noite de ter\u00e7a-feira, 14 de outubro, ap\u00f3s matar Marcos Robero da silva, de 34 no Bairro Monte Castelo, em Fronteira dos Vales, no Vale do Mucuri.<\/p>\n<p>De acordo com a Pol\u00edcia Militar, o pai do autor relatou aos militares que o motivo do crime seria que momentos antes a v\u00edtima teria desferido um tapa no rosto de Julimar Rodrigues enquanto banhavam em um c\u00f3rrego e faziam uso de bebida alco\u00f3lica.<\/p>\n<p>A v\u00edtima foi atingida com uma facada no t\u00f3rax, na altura do peito esquerdo. A PM acionou a ambul\u00e2ncia da Prefeitura Municipal, para prestar socorro \u00e0 v\u00edtima, que foi conduzida ao Hospital da cidade de \u00c1guas Formosas, ainda com sinais vitais. Contudo, segundo o m\u00e9dico de plant\u00e3o, Marcos Robero deu entrada no Hospital j\u00e1 sem vida.<\/p>\n<p>O corpo foi encaminhado ao Instituto M\u00e9dico Legal da cidade Te\u00f3filo Otoni. Foi feito intenso rastreamento, logrando \u00eaxito na pris\u00e3o do autor em flagrante delito. Ele foi conduzido \u00e0 Delegacia de Pol\u00edcia em Nanuque para demais provid\u00eancias.<br \/>\n<\/br><\/p>\n<h4><strong>Integrantes do MST tem barraco queimado em Jord\u00e2nia<\/strong><\/h4>\n<p>Na manh\u00e3 de ter\u00e7a-feira, 14 de outubro, duas v\u00edtimas compareceram ao quartel da PM de Jord\u00e2nia, no Vale do Jequitinhonha, para relatar que na segunda-feira, por volta das 12 horas, foram informados por alunos, que o barraco deles, localizado pr\u00f3ximo \u00e0s suas planta\u00e7\u00f5es, estava pegando fogo. As v\u00edtimas foram at\u00e9 o barraco e comprovaram o fato.<\/p>\n<p>Diante do exposto, militares compareceram ao local, onde constataram que realmente o barraco havia sido destru\u00eddo por fogo. As vitimas e uma testemunha ainda n\u00e3o sabem quem realmente foi o autor da pratica delituosa, por\u00e9m possuem suspeitam de um outro acampado, uma vez que viram pegadas de botas, saindo das proximidades do barraco queimado em dire\u00e7\u00e3o ao barraco do dele. <\/p>\n<p>Segundo as vitimas no interior do barraco havia ferramentas, 01 saco contendo sal, bola de arame, 01 balde grande de pl\u00e1stico, 01 garrafa t\u00e9rmica, vasilhas de alum\u00ednio, 30 garrafas cheias de milho e algumas pe\u00e7as de roupas. <\/p>\n<p>O Suspeito n\u00e3o foi encontrado para dar esclarecimentos referentes ao ocorrido. As vitimas foram orientadas a procurarem a Depol de Jacinto.<br \/>\n<\/br><\/p>\n<h4><strong>Homem \u00e9 preso suspeito de abusar sexualmente de enteada em Ipatinga<\/strong><\/h4>\n<p>Um homem de 32 anos foi preso em flagrante na noite dessa ter\u00e7a-feira (14) no bairro Igua\u00e7u, em Ipatinga, suspeito de molestar a enteada de oito anos. Segundo informa\u00e7\u00f5es do sargento Kaisson Martins, o suspeito j\u00e1 estava sendo procurado pela pol\u00edcia desde o in\u00edcio desta semana.<\/p>\n<p>O sargento conta que na segunda-feira (13), a PM recebeu diversas den\u00fancias de vizinhos informando que uma mulher estava sendo agredida na rua. Ao chegar no local indicado, os militares n\u00e3o encontraram a mulher, mas ela procurou a pol\u00edcia e relatou os fatos.<\/p>\n<p>\u201cSegundo informa\u00e7\u00f5es da m\u00e3e, a menina contou, no in\u00edcio desta semana, que era molestada h\u00e1 cerca de dois anos. Em seguida, a mulher foi confrontar o companheiro, e acabou sendo agredida na rua. Na ocasi\u00e3o ele conseguiu fugir, mas intensificamos as buscas pr\u00f3ximo a casa do suspeito e foi poss\u00edvel efetuar a pris\u00e3o em flagrante&#8221;, conta.<\/p>\n<p>O sargento informou tamb\u00e9m que uma equipe da PM feminina conversou com a crian\u00e7a para tentar conseguir mais informa\u00e7\u00f5es.<br \/>\nO suspeito, que tem passagens pela pol\u00edcia por atrito verbal, foi encaminhado para delegacia de Ipatinga onde foi autuado e ser\u00e1 encaminhado para o Ceresp.<br \/>\n<\/br><\/p>\n<h4><strong>Duas pessoas s\u00e3o detidas com 71 buchas de maconha em Te\u00f3filo Otoni<\/strong><\/h4>\n<p>Um homem de 23 anos foi preso e um adolescente de 13 foi apreendido nessa ter\u00e7a-feira (14) na Rua Alvorada, no Bairro Jardim Floresta, em Te\u00f3filo Otoni, por suspeita de tr\u00e1fico de drogas; com os dois foram apreendidos com 71 buchas de maconha.<\/p>\n<p>A pol\u00edcia conta que os suspeitos foram localizados ap\u00f3s den\u00fancia an\u00f4nima. Com eles a pol\u00edcia encontrou tamb\u00e9m um rev\u00f3lver com cinco cartuchos, e enterrada pr\u00f3ximo \u00e0 uma \u00e1rvore, a pol\u00edcia encontrou uma sacola com as drogas.<\/p>\n<p>J\u00e1 na casa do rapaz de 23 anos, os militares encontraram dois r\u00e1dios comunicadores, e em um barranco, duas balan\u00e7as de precis\u00e3o. Os materiais e os suspeitos foram encaminhados para a Delegacia de Pol\u00edcia Civil de Te\u00f3filo Otoni.<br \/>\n<\/br><\/p>\n<h4><strong>Carro \u00e9 incendiado no bairro Santa Zita em Caratinga<\/strong><\/h4>\n<p>Quando a equipe do Grupamento de Bombeiros Civil de Caratinga foi acionada, por volta das 02h40, o ve\u00edculo Scort estava em chamas. O fato foi registrado na madrugada desta quarta-feira (15\/10), na rua Zeca Chagas, no bairro Santa Zita. Foram necess\u00e1rios cerca de dois mil litros de \u00e1gua para conter o inc\u00eandio, em cerca de vinte minutos de trabalho.<\/p>\n<p>A Pol\u00edcia Militar foi acionada e prendeu Rom\u00e1rio Magno Teixeira, de 20 anos, como o respons\u00e1vel pelo crime. Segundo o registro policial, os militares j\u00e1 haviam recebido uma den\u00fancia an\u00f4nima via Copom indicando a autoria do crime e quando chegaram ao local o suspeito estava atirando pedras contra o ve\u00edculo em chamas. <\/p>\n<p>Segundo apurado o carro estava em reforma e sem motor. A motiva\u00e7\u00e3o para o crime ainda \u00e9 desconhecida.<\/p>\n<p><img decoding=\"async\" src=\"http:\/\/aconteceunovale.com.br\/portal\/wp-content\/uploads\/2014\/10\/carro_queimado_caratinga.jpg\" alt=\"\" \/><em>Carro foi queimado no bairro Santa Zita &#8211; Foto: Super Canal de Caratinga<\/em><br \/>\n<\/br><\/p>\n<h4><strong>Homem \u00e9 baleado em rua do centro antigo de Ara\u00e7ua\u00ed<\/strong><\/h4>\n<p>Um homem foi baleado por volta das 21 horas dessa ter\u00e7a-feira (14) na rua do Ros\u00e1rio, regi\u00e3o da Baixada, centro antigo de Ara\u00e7ua\u00ed, no Vale do Jequitinhonha. Clayton En\u00e9sio Lopes da Silva, de 27 anos, contou que estava sentado na cal\u00e7ada de uma casa, em companhia de um ex-presidi\u00e1rio que tem v\u00e1rias passagens pela policia por furto e roubos, quando apareceram  dois homens, em uma moto preta sem placa. O garupeiro efetuou tr\u00eas disparos contra eles.<\/p>\n<p>Mesmo baleado em um dos bra\u00e7os, Clayton conseguiu correr por cerca de 2 quarteir\u00f5es at\u00e9 chegar \u00e0 pra\u00e7a Rui Barbosa, onde pulou o muro de uma resid\u00eancia que fica ao lado do pr\u00e9dio da antiga prefeitura da cidade, no centro hist\u00f3rico.<\/p>\n<p>Clayton En\u00e9sio residente no bairro Maria da Gl\u00f3ria, na cidade vizinha de Coronel Murta, foi socorrido por uma guarni\u00e7\u00e3o da policia militar e levado para o hospital S\u00e3o Vicente de Paulo. Segundo a PM, ele j\u00e1 cumpriu pena por tr\u00e1fico de drogas e n\u00e3o revelou quem seria o autor dos disparos mas falou que a tentativa de homic\u00eddio esta ligada ao acerto de contas do tr\u00e1fico.<\/p>\n<p>Ap\u00f3s ser medicado o rapaz foi liberado. O caso ser\u00e1 investigado pela Pol\u00edcia Civil.<br \/>\n<\/br><\/p>\n<h4><strong>Pol\u00edcia Militar apreende arma de fogo em Comercinho<\/strong><\/h4>\n<p>Na manh\u00e3 do dia 13 de outubro, durante patrulhamento na Rua Jos\u00e9 Abrandes de Oliveira, na regi\u00e3o central de Comercinho, os militares de servi\u00e7o depararam com dois indiv\u00edduos de cor negra em uma motocicleta Titan, cor azul, placa n\u00e3o identificada, sendo que o carona estava carregando uma arma de fogo tipo espingarda polveira de fabrica\u00e7\u00e3o artesanal. <\/p>\n<p>De imediato, foi feito o acompanhamento visual dos indiv\u00edduos, momento em que o condutor acelerou a motocicleta e o carona dispensou a arma e uma sacola pl\u00e1stica contendo materiais para carregamento da espingarda, tais como: p\u00f3lvora, chumbos, espoletas, apitos para chamar aves e outros materiais, os quais foram apreendidos. <\/p>\n<p>N\u00e3o foi poss\u00edvel realizar a abordagem dos autores, tendo em vista que acessaram uma estrada vicinal tomando rumo ignorado. A arma e materiais apreendidos foram encaminhados \u00e0 Delegacia. Rastreamentos continuam no intuito de capturar os autores.<br \/>\n<\/br><\/p>\n<h4><strong>Pol\u00edcia Militar prende traficantes em Te\u00f3filo Otoni<\/strong><\/h4>\n<p>Na noite de ter\u00e7a-feira, 14 de outubro, durante patrulhamento nas imedia\u00e7\u00f5es da Rua Uruguai, a guarni\u00e7\u00e3o t\u00e1tica recebeu uma informa\u00e7\u00e3o que dava conta que estaria ocorrendo um tr\u00e1fico de drogas e que alguns indiv\u00edduos estariam portando arma de fogo.<\/p>\n<p>De posse da informa\u00e7\u00e3o, a guarni\u00e7\u00e3o deslocou at\u00e9 o referido local, onde, com sua chegada, os suspeitos tentaram evadir, sendo impedidos pela r\u00e1pida chegada dos militares ao local.<\/p>\n<p>Foram identificados no local os autores J.T.S, 20 anos, V.C.F.T, 24 anos, e V.C.J, 23 anos. Com o autor J.T.S foi encontrado um tablete de maconha, o qual ele tentara dispensar sem \u00eaxito. com o autor V.C.F.T, a quantia em dinheiro de R$ 400,00, bem como foi localizado no interior de seu veiculo Ford Ecosport, placa NLC-7363, cor prata, um rev\u00f3lver calibre 38 municiado com seis cartuchos intactos. <\/p>\n<p>Quanto ao autor V.C.J, este era o respons\u00e1vel por vigiar e observar o ponto de com\u00e9rcio de drogas, tendo, inclusive, tentado evadir, mas impedido pelos militares e preso em flagrante juntamente com os comparsas, sendo todos encaminhados \u00e0 Delegacia de Pol\u00edcia Civil com os materiais apreendidos, para as provid\u00eancias cab\u00edveis.<br \/>\n<\/br><\/p>\n<h4><strong>Homem tem sua motocicleta furtada em Almenara<\/strong><\/h4>\n<p>Um homem de 30 anos teve sua motocicleta furtada na madrugada desta quarta-feira, 15 de outubro, enquanto trafegava na MG-406, em Almenara. A v\u00edtima relatou que foi surpreendido por dois homens em outra moto, que o empurrou, fazendo com que ele perdesse o controle direcional e ca\u00edsse ao solo. <\/p>\n<p>Em seguida, os indiv\u00edduos levaram a sua motocicleta, uma Iros\/One 125 ES, placa OQG-6320. A v\u00edtima sofreu v\u00e1rias escoria\u00e7\u00f5es no rosto, mas rejeitou atendimento m\u00e9dico. <\/p>\n<p>A Pol\u00edcia Militar iniciou rastreamentos, mas at\u00e9 o momento n\u00e3o obteve \u00eaxito na localiza\u00e7\u00e3o do ve\u00edculo.<br \/>\n<\/br><\/p>\n<h4><strong>Adolescente \u00e9 v\u00edtima de afogamento em Salto da Divisa<\/strong><\/h4>\n<p>Um adolescente de 13 anos morreu na tarde de ter\u00e7a-feira, 14 de outubro, ap\u00f3s se afogar nas \u00e1guas do rio Jequitinhonha, em Salto da Divisa. De acordo com o registro da Pol\u00edcia Militar, Wellington Pereira Alves e um outro menor estavam brincando \u00e0s margens do rio, quando uma bola teria ca\u00eddo na \u00e1gua.<\/p>\n<p>O adolescente tentou pegar o brinquedo e acabou afundando. Quando a PM chegou ao local, populares e parentes j\u00e1 haviam retirado o corpo do fundo do rio. <\/p>\n<p>A per\u00edcia t\u00e9cnica da Pol\u00edcia Civil foi acionada e informou que devido o corpo n\u00e3o ter ind\u00edcios de crime, n\u00e3o seria necess\u00e1rio os trabalhos periciais.<\/p>\n<p><strong><em>(Fonte: Pol\u00edcia Militar \/ Super Canal \/ Gazeta de Ara\u00e7ua\u00ed)<\/em><\/strong><\/p>\n","protected":false},"excerpt":{"rendered":"<p>Pol\u00edcia prende autor de homic\u00eddio em Fronteira dos Vales O autor Julimar Rodrigues de Souza, de 24 anos, foi preso em flagrante na noite de ter\u00e7a-feira, 14 de outubro, ap\u00f3s matar Marcos Robero da silva, de 34 no Bairro Monte Castelo, em Fronteira dos Vales, no Vale do Mucuri. De acordo com a Pol\u00edcia Militar, [&hellip;]<\/p>\n","protected":false},"author":1,"featured_media":42262,"comment_status":"open","ping_status":"closed","sticky":false,"template":"","format":"standard","meta":{"amp_status":"","footnotes":""},"categories":[120],"tags":[18947,142,186,237,18950,18940,426,483,18938,510,18939,18937,18946,18949,201,408,475,18944,18945,252,18951,18941,18942,18943,409,164,18948],"class_list":["post-42261","post","type-post","status-publish","format-standard","has-post-thumbnail","hentry","category-jequi","tag-adolescente-e-vitima-de-afogamento-em-salto-da-divisa","tag-almenara","tag-aracuai","tag-caratinga","tag-carro-e-incendiado-no-bairro-santa-zita-em-caratinga","tag-clayton-enesio-lopes-da-silva","tag-comercinho","tag-coronel-murta","tag-duas-pessoas-sao-detidas-com-71-buchas-de-maconha-em-teofilo-otoni","tag-fronteira-dos-vales","tag-homem-e-baleado-em-rua-do-centro-antigo-de-aracuai","tag-homem-e-preso-suspeito-de-abusar-sexualmente-de-enteada-em-ipatinga","tag-homem-tem-sua-motocicleta-furtada-em-almenara","tag-integrantes-do-mst-tem-barraco-queimado-em-jordania","tag-ipatinga","tag-jacinto","tag-jordania","tag-julimar-rodrigues-de-souza","tag-marcos-robero-da-silva","tag-nanuque","tag-ocorrencias-em-destaque-nos-vales-do-jequitinhonha-rio-doce-e-mucuri-15-de-outubro-de-2014","tag-policia-militar-apreende-arma-de-fogo-em-comercinho","tag-policia-militar-prende-traficantes-em-teofilo-otoni","tag-policia-prende-autor-de-homicidio-em-fronteira-dos-vales","tag-salto-da-divisa","tag-teofilo-otoni","tag-wellington-pereira-alves"],"_links":{"self":[{"href":"https:\/\/aconteceunovale.com.br\/portal\/index.php?rest_route=\/wp\/v2\/posts\/42261","targetHints":{"allow":["GET"]}}],"collection":[{"href":"https:\/\/aconteceunovale.com.br\/portal\/index.php?rest_route=\/wp\/v2\/posts"}],"about":[{"href":"https:\/\/aconteceunovale.com.br\/portal\/index.php?rest_route=\/wp\/v2\/types\/post"}],"author":[{"embeddable":true,"href":"https:\/\/aconteceunovale.com.br\/portal\/index.php?rest_route=\/wp\/v2\/users\/1"}],"replies":[{"embeddable":true,"href":"https:\/\/aconteceunovale.com.br\/portal\/index.php?rest_route=%2Fwp%2Fv2%2Fcomments&post=42261"}],"version-history":[{"count":0,"href":"https:\/\/aconteceunovale.com.br\/portal\/index.php?rest_route=\/wp\/v2\/posts\/42261\/revisions"}],"wp:featuredmedia":[{"embeddable":true,"href":"https:\/\/aconteceunovale.com.br\/portal\/index.php?rest_route=\/wp\/v2\/media\/42262"}],"wp:attachment":[{"href":"https:\/\/aconteceunovale.com.br\/portal\/index.php?rest_route=%2Fwp%2Fv2%2Fmedia&parent=42261"}],"wp:term":[{"taxonomy":"category","embeddable":true,"href":"https:\/\/aconteceunovale.com.br\/portal\/index.php?rest_route=%2Fwp%2Fv2%2Fcategories&post=42261"},{"taxonomy":"post_tag","embeddable":true,"href":"https:\/\/aconteceunovale.com.br\/portal\/index.php?rest_route=%2Fwp%2Fv2%2Ftags&post=42261"}],"curies":[{"name":"wp","href":"https:\/\/api.w.org\/{rel}","templated":true}]}}