{"id":42200,"date":"2014-10-14T21:32:31","date_gmt":"2014-10-15T00:32:31","guid":{"rendered":"http:\/\/aconteceunovale.com.br\/portal\/?p=42200"},"modified":"2014-10-14T21:32:31","modified_gmt":"2014-10-15T00:32:31","slug":"seca-na-lagoa-do-parque-municipal-assusta-moradores-de-montes-claros","status":"publish","type":"post","link":"https:\/\/aconteceunovale.com.br\/portal\/?p=42200","title":{"rendered":"Seca na lagoa do Parque Municipal assusta moradores de Montes Claros"},"content":{"rendered":"<h4><strong><em>Baixa no n\u00edvel de \u00e1gua pode estar relacionada ao rompimento de um dreno. Cerca de 200 peixes foram devolvidos \u00e0 lagoa nesta quarta-feira (14).<\/em><\/strong><\/h4>\n<p>O n\u00edvel de \u00e1gua da Lagoa do Parque Municipal Milton Prates em Montes Claros (MG) baixou drasticamente nos \u00faltimos dias. O local \u00e9 um dos principais ponto tur\u00edsticos da cidade, mas o cen\u00e1rio atual deixa os frequentadores desestimulados.<\/p>\n<p>Passeios \u00e0 beira da lagoa se tornaram rotina de Carlos Eduardo da Silva, vizinho ao parque h\u00e1 34 anos. \u201cNunca vi a lagoa seca desta forma. Um cart\u00e3o-postal da cidade apresentar um volume t\u00e3o pequeno de \u00e1gua. \u00c9 lament\u00e1vel\u201d.<\/p>\n<p><img decoding=\"async\" src=\"http:\/\/aconteceunovale.com.br\/portal\/wp-content\/uploads\/2014\/10\/lagoa_seca_moc_1.jpg\" alt=\"\" \/><em>Lagoa \u00e9 um dos principais pontos tur\u00edsticos da cidade (Foto: Valdivan Veloso\/G1)<\/em><br \/>\n<\/br><\/p>\n<p>O aposentado Edmar Dias mora em frente ao parque e acompanha de perto a seca na lagoa. Para ele, o momento \u00e9 de muita tristeza. \u201cNesta condi\u00e7\u00e3o nunca tinha visto. Venho passear com meu neto e infelizmente est\u00e1 cruel este cen\u00e1rio\u201d, afirma.<\/p>\n<p>Nesta ter\u00e7a-feira (14), cerca de 200 peixes foram devolvidos \u00e0 lagoa. Segundo o ambientalista Eduardo Gomes, os peixes s\u00e3o conhecidos por cascudinho. Eles foram recolhidos em uma po\u00e7a surgida com o esvaziamento do lago. \u201cEstivemos aqui no domingo (12), junto com a Defesa Civil, e encontramos alguns j\u00e1 bem debilitados. Esta \u00e9 uma esp\u00e9cie nativa da bacia do Rio S\u00e3o Francisco, que se adapta bem neste tipo de \u00e1gua\u201d, afirma.<\/p>\n<p>O ambientalista disse ainda que uma s\u00e9rie de fatores influenciaram na seca da lagoa, mas o principal est\u00e1 relacionado ao rompimento de um dreno. \u201cEstamos com um ciclo de falta de chuva h\u00e1 muito tempo que prejudica qualquer bacia de acumula\u00e7\u00e3o, como \u00e9 o caso desta aqui que \u00e9 uma barragem e recebe \u00e1gua pluvial. Mas, o grande problema aqui \u00e9 que o dreno quebrou e rapidamente a \u00e1gua escoou para o Rio Vieiras\u201d, explica.<\/p>\n<p>Eduardo Gomes disse ainda que a prefeitura j\u00e1 realizou uma obra emergencial para corrigir o problema no dreno. De acordo com a prefeitura, est\u00e3o sendo realizadas a\u00e7\u00f5es para o desassoreamento da lagoa.<\/p>\n<p><img decoding=\"async\" src=\"http:\/\/aconteceunovale.com.br\/portal\/wp-content\/uploads\/2014\/10\/lagoa_seca_moc_2.jpg\" alt=\"\" \/><em>Peixes foram encontrados em po\u00e7as em torno da lagoa (Foto: Valdivan Veloso\/G1)<\/em><br \/>\n<\/br><\/p>\n<p><strong><em>(Inter TV Grande Minas)<\/em><\/strong><\/p>\n","protected":false},"excerpt":{"rendered":"<p>Baixa no n\u00edvel de \u00e1gua pode estar relacionada ao rompimento de um dreno. Cerca de 200 peixes foram devolvidos \u00e0 lagoa nesta quarta-feira (14). O n\u00edvel de \u00e1gua da Lagoa do Parque Municipal Milton Prates em Montes Claros (MG) baixou drasticamente nos \u00faltimos dias. O local \u00e9 um dos principais ponto tur\u00edsticos da cidade, mas [&hellip;]<\/p>\n","protected":false},"author":1,"featured_media":42201,"comment_status":"open","ping_status":"closed","sticky":false,"template":"","format":"standard","meta":{"amp_status":"","footnotes":""},"categories":[1236],"tags":[1018,16349,18806,210,18805,18807,144,18804],"class_list":["post-42200","post","type-post","status-publish","format-standard","has-post-thumbnail","hentry","category-norte_de_minas","tag-destaque","tag-estiagem","tag-lagoa-do-parque-municipal-milton-prates","tag-montes-claros","tag-nivel-de-agua-da-lagoa-do-parque-municipal-milton-prates-em-montes-claros-baixou-drasticamente","tag-parque-municipal-milton-prates","tag-seca","tag-seca-na-lagoa-do-parque-municipal-assusta-moradores-de-montes-claros"],"_links":{"self":[{"href":"https:\/\/aconteceunovale.com.br\/portal\/index.php?rest_route=\/wp\/v2\/posts\/42200","targetHints":{"allow":["GET"]}}],"collection":[{"href":"https:\/\/aconteceunovale.com.br\/portal\/index.php?rest_route=\/wp\/v2\/posts"}],"about":[{"href":"https:\/\/aconteceunovale.com.br\/portal\/index.php?rest_route=\/wp\/v2\/types\/post"}],"author":[{"embeddable":true,"href":"https:\/\/aconteceunovale.com.br\/portal\/index.php?rest_route=\/wp\/v2\/users\/1"}],"replies":[{"embeddable":true,"href":"https:\/\/aconteceunovale.com.br\/portal\/index.php?rest_route=%2Fwp%2Fv2%2Fcomments&post=42200"}],"version-history":[{"count":0,"href":"https:\/\/aconteceunovale.com.br\/portal\/index.php?rest_route=\/wp\/v2\/posts\/42200\/revisions"}],"wp:featuredmedia":[{"embeddable":true,"href":"https:\/\/aconteceunovale.com.br\/portal\/index.php?rest_route=\/wp\/v2\/media\/42201"}],"wp:attachment":[{"href":"https:\/\/aconteceunovale.com.br\/portal\/index.php?rest_route=%2Fwp%2Fv2%2Fmedia&parent=42200"}],"wp:term":[{"taxonomy":"category","embeddable":true,"href":"https:\/\/aconteceunovale.com.br\/portal\/index.php?rest_route=%2Fwp%2Fv2%2Fcategories&post=42200"},{"taxonomy":"post_tag","embeddable":true,"href":"https:\/\/aconteceunovale.com.br\/portal\/index.php?rest_route=%2Fwp%2Fv2%2Ftags&post=42200"}],"curies":[{"name":"wp","href":"https:\/\/api.w.org\/{rel}","templated":true}]}}