{"id":42196,"date":"2014-10-14T21:24:42","date_gmt":"2014-10-15T00:24:42","guid":{"rendered":"http:\/\/aconteceunovale.com.br\/portal\/?p=42196"},"modified":"2014-10-14T21:24:53","modified_gmt":"2014-10-15T00:24:53","slug":"patio-desativado-e-atingido-por-incendio-em-governador-valadares","status":"publish","type":"post","link":"https:\/\/aconteceunovale.com.br\/portal\/?p=42196","title":{"rendered":"P\u00e1tio desativado \u00e9 atingido por inc\u00eandio em Governador Valadares"},"content":{"rendered":"<h4><em><strong>Fogo consumiu cerca de 10 mil metros quadrados de vegeta\u00e7\u00e3o. Em cerca de 15 minutos o fogo foi controlado pelos Bombeiros.<\/strong><\/em><\/h4>\n<p>Um inc\u00eandio no fim da tarde desta ter\u00e7a-feira (14), atingiu um p\u00e1tio desativado do Detran \u00e0s margens da BR-259, no Conjunto SIR, em Governador Valadares, no Leste Minas Gerais. Segundo o Corpo de Bombeiros, o fogo consumiu cerca de 10 mil metros quadrados de vegeta\u00e7\u00e3o.<\/p>\n<p>Carca\u00e7as de ve\u00edculos que estavam no local foram atingidas. Os Bombeiros foram acionados por vizinhos que de longe avistaram as chamas. Em cerca de 15 minutos o fogo foi controlado pelos Bombeiros. Ningu\u00e9m se feriu e o tr\u00e2nsito n\u00e3o chegou a ser paralisado no local. As causas do inc\u00eandio ser\u00e3o investigadas.<\/p>\n<p><img decoding=\"async\" src=\"http:\/\/aconteceunovale.com.br\/portal\/wp-content\/uploads\/2014\/10\/incendio_patio_gv_14.jpg\" alt=\"\" \/><em>V\u00e1rias carca\u00e7as de carros foram atingidas pelo fogo &#8211; Foto: Jack Zalcman\/Di\u00e1rio do Rio Doce<\/em><br \/>\n<\/br><\/p>\n<p><strong><em>(Inter TV dos Vales)<\/em><\/strong><\/p>\n","protected":false},"excerpt":{"rendered":"<p>Fogo consumiu cerca de 10 mil metros quadrados de vegeta\u00e7\u00e3o. Em cerca de 15 minutos o fogo foi controlado pelos Bombeiros. Um inc\u00eandio no fim da tarde desta ter\u00e7a-feira (14), atingiu um p\u00e1tio desativado do Detran \u00e0s margens da BR-259, no Conjunto SIR, em Governador Valadares, no Leste Minas Gerais. Segundo o Corpo de Bombeiros, [&hellip;]<\/p>\n","protected":false},"author":1,"featured_media":42197,"comment_status":"open","ping_status":"closed","sticky":false,"template":"","format":"standard","meta":{"amp_status":"","footnotes":""},"categories":[121],"tags":[1018,18799,247,18800,18797,18798,18796,18802,18803,18801],"class_list":["post-42196","post","type-post","status-publish","format-standard","has-post-thumbnail","hentry","category-leste","tag-destaque","tag-fogo-queima-patio-do-detran-em-valadares","tag-governador-valadares","tag-gv","tag-incendio-atinge-patio-desativado-do-detran-em-governador-valadares","tag-patio-desativado-de-carros-e-incendiado-em-valadares","tag-patio-desativado-e-atingido-por-incendio-em-governador-valadares","tag-patio-do-detran-em-gv","tag-patio-do-detran-em-valadares","tag-valadares"],"_links":{"self":[{"href":"https:\/\/aconteceunovale.com.br\/portal\/index.php?rest_route=\/wp\/v2\/posts\/42196","targetHints":{"allow":["GET"]}}],"collection":[{"href":"https:\/\/aconteceunovale.com.br\/portal\/index.php?rest_route=\/wp\/v2\/posts"}],"about":[{"href":"https:\/\/aconteceunovale.com.br\/portal\/index.php?rest_route=\/wp\/v2\/types\/post"}],"author":[{"embeddable":true,"href":"https:\/\/aconteceunovale.com.br\/portal\/index.php?rest_route=\/wp\/v2\/users\/1"}],"replies":[{"embeddable":true,"href":"https:\/\/aconteceunovale.com.br\/portal\/index.php?rest_route=%2Fwp%2Fv2%2Fcomments&post=42196"}],"version-history":[{"count":0,"href":"https:\/\/aconteceunovale.com.br\/portal\/index.php?rest_route=\/wp\/v2\/posts\/42196\/revisions"}],"wp:featuredmedia":[{"embeddable":true,"href":"https:\/\/aconteceunovale.com.br\/portal\/index.php?rest_route=\/wp\/v2\/media\/42197"}],"wp:attachment":[{"href":"https:\/\/aconteceunovale.com.br\/portal\/index.php?rest_route=%2Fwp%2Fv2%2Fmedia&parent=42196"}],"wp:term":[{"taxonomy":"category","embeddable":true,"href":"https:\/\/aconteceunovale.com.br\/portal\/index.php?rest_route=%2Fwp%2Fv2%2Fcategories&post=42196"},{"taxonomy":"post_tag","embeddable":true,"href":"https:\/\/aconteceunovale.com.br\/portal\/index.php?rest_route=%2Fwp%2Fv2%2Ftags&post=42196"}],"curies":[{"name":"wp","href":"https:\/\/api.w.org\/{rel}","templated":true}]}}